{"id":2532,"date":"2026-04-29T07:22:43","date_gmt":"2026-04-29T06:22:43","guid":{"rendered":"https:\/\/resemedicin.se\/svarigar\/?p=2532"},"modified":"2026-04-30T07:23:54","modified_gmt":"2026-04-30T06:23:54","slug":"2026-04-29-mpr-och-hepa-vaccination-av-spadbarn","status":"publish","type":"post","link":"https:\/\/resemedicin.se\/svarigar\/2026-04-29-mpr-och-hepa-vaccination-av-spadbarn\/","title":{"rendered":"2026-04-29 MPR- och HepA-vaccination av sp\u00e4dbarn"},"content":{"rendered":"\n<p><strong>Fr\u00e5ga:<\/strong> Familj som ska resa till Indonesien i 1m\u00e5nad och bo med familj\/sl\u00e4kt som \u00e4r bosatta i stadsmilj\u00f6. Deras barn \u00e4r 6 m\u00e5nader gammal och vill d\u00e5 vaccinera barnet med MPR och Hep A.\u00a0 Hur resonerar ni kring att ge dessa vaccin vid s\u00e5 l\u00e5g \u00e5lder? \u00c4ven om man kan ge dessa vaccin fr\u00e5n 6 m\u00e5nader s\u00e5 blir det alltid en fr\u00e5ga om f\u00f6r och nackdelar och d\u00e4rf\u00f6r skulle vi vilja veta hur ni resonerar.<\/p>\n\n\n\n<p><strong>Svar:<\/strong> Risken f\u00f6r endera infektionen \u00e4r troligen l\u00e5g, s\u00e5vida man inte kommer att bo under primitiva hygieniska f\u00f6rh\u00e5llanden. Dock inte fel att vaccinera. Antikroppssvaret kommer dock sannolikt att vara s\u00e4mre p.g.a. maternella antikroppar (s\u00e4rskilt om mamman har immunitet genom infektion snarare \u00e4n vaccination) och den enda riktiga nackdelen \u00e4r d\u00e4rf\u00f6r att vaccination nu inte kan r\u00e4knas med som del av framtida grundimmunisering.<\/p>\n","protected":false},"excerpt":{"rendered":"<p>Fr\u00e5ga: Familj som ska resa till Indonesien i 1m\u00e5nad och bo med familj\/sl\u00e4kt som \u00e4r bosatta i stadsmilj\u00f6. Deras barn \u00e4r 6 m\u00e5nader gammal och vill d\u00e5 vaccinera barnet med MPR och Hep A.\u00a0 Hur resonerar ni kring att ge dessa vaccin vid s\u00e5 l\u00e5g \u00e5lder? \u00c4ven om man kan ge dessa vaccin fr\u00e5n 6 &hellip; <a href=\"https:\/\/resemedicin.se\/svarigar\/2026-04-29-mpr-och-hepa-vaccination-av-spadbarn\/\" class=\"more-link\">Forts\u00e4tt l\u00e4sa<span class=\"screen-reader-text\"> \u201d2026-04-29 MPR- och HepA-vaccination av sp\u00e4dbarn\u201d<\/span><\/a><\/p>\n","protected":false},"author":1,"featured_media":0,"comment_status":"closed","ping_status":"closed","sticky":false,"template":"","format":"standard","meta":{"_lmt_disableupdate":"no","_lmt_disable":"","_jetpack_memberships_contains_paid_content":false,"footnotes":""},"categories":[1],"tags":[],"class_list":["post-2532","post","type-post","status-publish","format-standard","hentry","category-svar-igar"],"modified_by":"Karl Ekdahl","jetpack_featured_media_url":"","jetpack_sharing_enabled":true,"_links":{"self":[{"href":"https:\/\/resemedicin.se\/svarigar\/wp-json\/wp\/v2\/posts\/2532","targetHints":{"allow":["GET"]}}],"collection":[{"href":"https:\/\/resemedicin.se\/svarigar\/wp-json\/wp\/v2\/posts"}],"about":[{"href":"https:\/\/resemedicin.se\/svarigar\/wp-json\/wp\/v2\/types\/post"}],"author":[{"embeddable":true,"href":"https:\/\/resemedicin.se\/svarigar\/wp-json\/wp\/v2\/users\/1"}],"replies":[{"embeddable":true,"href":"https:\/\/resemedicin.se\/svarigar\/wp-json\/wp\/v2\/comments?post=2532"}],"version-history":[{"count":1,"href":"https:\/\/resemedicin.se\/svarigar\/wp-json\/wp\/v2\/posts\/2532\/revisions"}],"predecessor-version":[{"id":2533,"href":"https:\/\/resemedicin.se\/svarigar\/wp-json\/wp\/v2\/posts\/2532\/revisions\/2533"}],"wp:attachment":[{"href":"https:\/\/resemedicin.se\/svarigar\/wp-json\/wp\/v2\/media?parent=2532"}],"wp:term":[{"taxonomy":"category","embeddable":true,"href":"https:\/\/resemedicin.se\/svarigar\/wp-json\/wp\/v2\/categories?post=2532"},{"taxonomy":"post_tag","embeddable":true,"href":"https:\/\/resemedicin.se\/svarigar\/wp-json\/wp\/v2\/tags?post=2532"}],"curies":[{"name":"wp","href":"https:\/\/api.w.org\/{rel}","templated":true}]}}