{"id":2526,"date":"2026-04-27T07:05:38","date_gmt":"2026-04-27T06:05:38","guid":{"rendered":"https:\/\/resemedicin.se\/svarigar\/?p=2526"},"modified":"2026-04-30T07:24:21","modified_gmt":"2026-04-30T06:24:21","slug":"2026-04-27-gula-febern-vaccin-till-spadbarn","status":"publish","type":"post","link":"https:\/\/resemedicin.se\/svarigar\/2026-04-27-gula-febern-vaccin-till-spadbarn\/","title":{"rendered":"2026-04-27 Gula febern-vaccin till sp\u00e4dbarn"},"content":{"rendered":"\n<p><strong>Fr\u00e5ga:<\/strong> En familj planerar en tre veckor l\u00e5ng resa till Gambia, d\u00e4r de kommer att bo hos sl\u00e4kt och v\u00e4nner. Barnet \u00e4r idag 8 m\u00e5nader och kommer att vara 9 m\u00e5nader vid ankomst. Vi planerar att ge flera vaccin och d\u00e4ribland Stamaril. Vi \u00e4r insatta g\u00e4llande vaccinationsrekommendationer, indikationer och risker, inklusive avseende Stamaril. Det vi \u00f6nskar er input kring \u00e4r snarare hur ni resonerar i praktiken i gr\u00e4nsfall:<br>\u2013 Finns det situationer d\u00e4r ni, trots indikation, hade valt att avst\u00e5 eller skjuta upp vaccination av medicinska sk\u00e4l?<br>\u2013 Hur v\u00e4ger ni risk\u2013nytta i just denna \u00e5ldersgrupp vid resa till omr\u00e5den med relevant smittrisk?<\/p>\n\n\n\n<p><strong>Svar:<\/strong> Jag h\u00e5ller med om er bed\u00f6mning. I en situation med\u00a03 veckors vistelse hos sl\u00e4kt och v\u00e4nner i\u00a0Gambia, d\u00e4r exponeringen f\u00f6r myggbett och lokal milj\u00f6 \u00e4r reell, framst\u00e5r det som rimligt att vaccinera trots att barnet \u00e4nnu inte fyllt 9 m\u00e5nader vid vaccinationstillf\u00e4llet. \u00c4ven om man i \u00e5ldern\u00a06\u20138 m\u00e5nader\u00a0normalt \u00e4r restriktiv, finns utrymme att ge gula febern-vaccin i\u00a0h\u00f6grisksituationer, och detta tycker jag \u00e4r ett s\u00e5dant fall. Alternativet \u2013 att avst\u00e5 vaccination \u2013 inneb\u00e4r i praktiken att man accepterar en potentiell exponering f\u00f6r en allvarlig infektion d\u00e4r skydd saknas. Samtidigt b\u00f6r man understryka vikten av konsekvent myggskydd som komplement.<\/p>\n","protected":false},"excerpt":{"rendered":"<p>Fr\u00e5ga: En familj planerar en tre veckor l\u00e5ng resa till Gambia, d\u00e4r de kommer att bo hos sl\u00e4kt och v\u00e4nner. Barnet \u00e4r idag 8 m\u00e5nader och kommer att vara 9 m\u00e5nader vid ankomst. Vi planerar att ge flera vaccin och d\u00e4ribland Stamaril. Vi \u00e4r insatta g\u00e4llande vaccinationsrekommendationer, indikationer och risker, inklusive avseende Stamaril. Det vi &hellip; <a href=\"https:\/\/resemedicin.se\/svarigar\/2026-04-27-gula-febern-vaccin-till-spadbarn\/\" class=\"more-link\">Forts\u00e4tt l\u00e4sa<span class=\"screen-reader-text\"> \u201d2026-04-27 Gula febern-vaccin till sp\u00e4dbarn\u201d<\/span><\/a><\/p>\n","protected":false},"author":1,"featured_media":0,"comment_status":"closed","ping_status":"closed","sticky":false,"template":"","format":"standard","meta":{"_lmt_disableupdate":"no","_lmt_disable":"","_jetpack_memberships_contains_paid_content":false,"footnotes":""},"categories":[1],"tags":[],"class_list":["post-2526","post","type-post","status-publish","format-standard","hentry","category-svar-igar"],"modified_by":"Karl Ekdahl","jetpack_featured_media_url":"","jetpack_sharing_enabled":true,"_links":{"self":[{"href":"https:\/\/resemedicin.se\/svarigar\/wp-json\/wp\/v2\/posts\/2526","targetHints":{"allow":["GET"]}}],"collection":[{"href":"https:\/\/resemedicin.se\/svarigar\/wp-json\/wp\/v2\/posts"}],"about":[{"href":"https:\/\/resemedicin.se\/svarigar\/wp-json\/wp\/v2\/types\/post"}],"author":[{"embeddable":true,"href":"https:\/\/resemedicin.se\/svarigar\/wp-json\/wp\/v2\/users\/1"}],"replies":[{"embeddable":true,"href":"https:\/\/resemedicin.se\/svarigar\/wp-json\/wp\/v2\/comments?post=2526"}],"version-history":[{"count":1,"href":"https:\/\/resemedicin.se\/svarigar\/wp-json\/wp\/v2\/posts\/2526\/revisions"}],"predecessor-version":[{"id":2527,"href":"https:\/\/resemedicin.se\/svarigar\/wp-json\/wp\/v2\/posts\/2526\/revisions\/2527"}],"wp:attachment":[{"href":"https:\/\/resemedicin.se\/svarigar\/wp-json\/wp\/v2\/media?parent=2526"}],"wp:term":[{"taxonomy":"category","embeddable":true,"href":"https:\/\/resemedicin.se\/svarigar\/wp-json\/wp\/v2\/categories?post=2526"},{"taxonomy":"post_tag","embeddable":true,"href":"https:\/\/resemedicin.se\/svarigar\/wp-json\/wp\/v2\/tags?post=2526"}],"curies":[{"name":"wp","href":"https:\/\/api.w.org\/{rel}","templated":true}]}}