{"id":2244,"date":"2025-11-26T15:27:18","date_gmt":"2025-11-26T13:27:18","guid":{"rendered":"https:\/\/resemedicin.se\/svarigar\/?p=2244"},"modified":"2025-11-26T15:27:20","modified_gmt":"2025-11-26T13:27:20","slug":"2025-11-26-denguevaccin-till-spanienresenarer","status":"publish","type":"post","link":"https:\/\/resemedicin.se\/svarigar\/2025-11-26-denguevaccin-till-spanienresenarer\/","title":{"rendered":"2025-11-26 Denguevaccin till Spanienresen\u00e4rer?"},"content":{"rendered":"\n<p><strong>Fr\u00e5ga: <\/strong>Vi b\u00f6rjar nu f\u00e5 flera f\u00f6rfr\u00e5gningar\/ \u00f6nskem\u00e5l om vaccination mot Denguefeber, till personer som spenderar stora delar av \u00e5ret i Spanien. En person \u00e4r \u00f6ver 65 \u00e5r men fullt frisk. Vad anser du?<\/p>\n\n\n\n<p><strong>Svar:<\/strong> De spanska fallen av dengue har varit ett f\u00e5tal sporadiska fall kring importfall och sjukdomen \u00e4r inte endemisk i landet. Jag ser inte n\u00e5gon anledning alls att vaccinera Spanien-resen\u00e4rer i nul\u00e4get.<\/p>\n","protected":false},"excerpt":{"rendered":"<p>Fr\u00e5ga: Vi b\u00f6rjar nu f\u00e5 flera f\u00f6rfr\u00e5gningar\/ \u00f6nskem\u00e5l om vaccination mot Denguefeber, till personer som spenderar stora delar av \u00e5ret i Spanien. En person \u00e4r \u00f6ver 65 \u00e5r men fullt frisk. Vad anser du? Svar: De spanska fallen av dengue har varit ett f\u00e5tal sporadiska fall kring importfall och sjukdomen \u00e4r inte endemisk i landet. &hellip; <a href=\"https:\/\/resemedicin.se\/svarigar\/2025-11-26-denguevaccin-till-spanienresenarer\/\" class=\"more-link\">Forts\u00e4tt l\u00e4sa<span class=\"screen-reader-text\"> \u201d2025-11-26 Denguevaccin till Spanienresen\u00e4rer?\u201d<\/span><\/a><\/p>\n","protected":false},"author":1,"featured_media":0,"comment_status":"open","ping_status":"closed","sticky":false,"template":"","format":"standard","meta":{"_lmt_disableupdate":"","_lmt_disable":"","_jetpack_memberships_contains_paid_content":false,"footnotes":""},"categories":[1],"tags":[],"class_list":["post-2244","post","type-post","status-publish","format-standard","hentry","category-svar-igar"],"modified_by":"Karl Ekdahl","jetpack_featured_media_url":"","jetpack_sharing_enabled":true,"_links":{"self":[{"href":"https:\/\/resemedicin.se\/svarigar\/wp-json\/wp\/v2\/posts\/2244","targetHints":{"allow":["GET"]}}],"collection":[{"href":"https:\/\/resemedicin.se\/svarigar\/wp-json\/wp\/v2\/posts"}],"about":[{"href":"https:\/\/resemedicin.se\/svarigar\/wp-json\/wp\/v2\/types\/post"}],"author":[{"embeddable":true,"href":"https:\/\/resemedicin.se\/svarigar\/wp-json\/wp\/v2\/users\/1"}],"replies":[{"embeddable":true,"href":"https:\/\/resemedicin.se\/svarigar\/wp-json\/wp\/v2\/comments?post=2244"}],"version-history":[{"count":1,"href":"https:\/\/resemedicin.se\/svarigar\/wp-json\/wp\/v2\/posts\/2244\/revisions"}],"predecessor-version":[{"id":2245,"href":"https:\/\/resemedicin.se\/svarigar\/wp-json\/wp\/v2\/posts\/2244\/revisions\/2245"}],"wp:attachment":[{"href":"https:\/\/resemedicin.se\/svarigar\/wp-json\/wp\/v2\/media?parent=2244"}],"wp:term":[{"taxonomy":"category","embeddable":true,"href":"https:\/\/resemedicin.se\/svarigar\/wp-json\/wp\/v2\/categories?post=2244"},{"taxonomy":"post_tag","embeddable":true,"href":"https:\/\/resemedicin.se\/svarigar\/wp-json\/wp\/v2\/tags?post=2244"}],"curies":[{"name":"wp","href":"https:\/\/api.w.org\/{rel}","templated":true}]}}