{"id":2234,"date":"2025-11-26T15:08:59","date_gmt":"2025-11-26T13:08:59","guid":{"rendered":"https:\/\/resemedicin.se\/svarigar\/?p=2234"},"modified":"2025-11-26T15:09:14","modified_gmt":"2025-11-26T13:09:14","slug":"2025-11-21pneumokockvaccination-under-samtidig-cellcept-behandling","status":"publish","type":"post","link":"https:\/\/resemedicin.se\/svarigar\/2025-11-21pneumokockvaccination-under-samtidig-cellcept-behandling\/","title":{"rendered":"2025-11-21Pneumokockvaccination under samtidig Cellcept-behandling"},"content":{"rendered":"\n<p><strong>Fr\u00e5ga:<\/strong> Kvinna 65 \u00e5r, reumatiska besv\u00e4r, fick nyligen en Prevenar 20, 250910, med hade dock missat att hon skulle h\u00e5lla upp med Cellcept en vecka innan och tv\u00e5 veckor efter, vilket g\u00e4ller alla vaccinationer hon skall ta. Hon \u00e4r nu orolig att den inte haft effekt. Kan man \u00e4nd\u00e5 anta att hon har antikroppar? Kan man tex ge ytterligare en Prevenar 20 om hon g\u00f6r uppeh\u00e5ll med sin medicin? <\/p>\n\n\n\n<p><strong>Svar:<\/strong> Cellcept, d\u00e4mpar B-cellsfunktionen och ger d\u00e4rmed ofta ett nedsatt immunsvar p\u00e5 vaccinationer. Det inneb\u00e4r att hon mycket v\u00e4l kan ha f\u00e5tt ett svagt eller otillr\u00e4ckligt svar, men det g\u00e5r inte att veta exakt \u2013 och man kan inte utg\u00e5 fr\u00e5n att skyddet \u00e4r bra. Det finns dock ingen medicinsk risk med att hon f\u00e5tt vaccinet samtidigt som behandlingen.<\/p>\n\n\n\n<p>Om man vill s\u00e4kerst\u00e4lla ett b\u00e4ttre svar g\u00e5r det bra att ge en\u00a0ny dos Prevenar 20 efter korrekt uppeh\u00e5ll fr\u00e5n Cellcept, f\u00f6rutsatt att behandlande reumatolog bed\u00f6mer att ett s\u00e5dant uppeh\u00e5ll \u00e4r l\u00e4mpligt och s\u00e4kert. En extra dos \u00e4r ofarlig eftersom vaccinet \u00e4r inaktiverat, och revaccination anv\u00e4nds ibland n\u00e4r immunsuppression kan ha minskat effekten.<\/p>\n\n\n\n<p><\/p>\n","protected":false},"excerpt":{"rendered":"<p>Fr\u00e5ga: Kvinna 65 \u00e5r, reumatiska besv\u00e4r, fick nyligen en Prevenar 20, 250910, med hade dock missat att hon skulle h\u00e5lla upp med Cellcept en vecka innan och tv\u00e5 veckor efter, vilket g\u00e4ller alla vaccinationer hon skall ta. Hon \u00e4r nu orolig att den inte haft effekt. Kan man \u00e4nd\u00e5 anta att hon har antikroppar? Kan &hellip; <a href=\"https:\/\/resemedicin.se\/svarigar\/2025-11-21pneumokockvaccination-under-samtidig-cellcept-behandling\/\" class=\"more-link\">Forts\u00e4tt l\u00e4sa<span class=\"screen-reader-text\"> \u201d2025-11-21Pneumokockvaccination under samtidig Cellcept-behandling\u201d<\/span><\/a><\/p>\n","protected":false},"author":1,"featured_media":0,"comment_status":"open","ping_status":"closed","sticky":false,"template":"","format":"standard","meta":{"_lmt_disableupdate":"","_lmt_disable":"","_jetpack_memberships_contains_paid_content":false,"footnotes":""},"categories":[1],"tags":[],"class_list":["post-2234","post","type-post","status-publish","format-standard","hentry","category-svar-igar"],"modified_by":"Karl Ekdahl","jetpack_featured_media_url":"","jetpack_sharing_enabled":true,"_links":{"self":[{"href":"https:\/\/resemedicin.se\/svarigar\/wp-json\/wp\/v2\/posts\/2234","targetHints":{"allow":["GET"]}}],"collection":[{"href":"https:\/\/resemedicin.se\/svarigar\/wp-json\/wp\/v2\/posts"}],"about":[{"href":"https:\/\/resemedicin.se\/svarigar\/wp-json\/wp\/v2\/types\/post"}],"author":[{"embeddable":true,"href":"https:\/\/resemedicin.se\/svarigar\/wp-json\/wp\/v2\/users\/1"}],"replies":[{"embeddable":true,"href":"https:\/\/resemedicin.se\/svarigar\/wp-json\/wp\/v2\/comments?post=2234"}],"version-history":[{"count":1,"href":"https:\/\/resemedicin.se\/svarigar\/wp-json\/wp\/v2\/posts\/2234\/revisions"}],"predecessor-version":[{"id":2235,"href":"https:\/\/resemedicin.se\/svarigar\/wp-json\/wp\/v2\/posts\/2234\/revisions\/2235"}],"wp:attachment":[{"href":"https:\/\/resemedicin.se\/svarigar\/wp-json\/wp\/v2\/media?parent=2234"}],"wp:term":[{"taxonomy":"category","embeddable":true,"href":"https:\/\/resemedicin.se\/svarigar\/wp-json\/wp\/v2\/categories?post=2234"},{"taxonomy":"post_tag","embeddable":true,"href":"https:\/\/resemedicin.se\/svarigar\/wp-json\/wp\/v2\/tags?post=2234"}],"curies":[{"name":"wp","href":"https:\/\/api.w.org\/{rel}","templated":true}]}}