{"id":2225,"date":"2025-11-19T16:07:59","date_gmt":"2025-11-19T14:07:59","guid":{"rendered":"https:\/\/resemedicin.se\/svarigar\/?p=2225"},"modified":"2025-11-19T16:08:01","modified_gmt":"2025-11-19T14:08:01","slug":"2025-11-12-indikation-for-vattkoppsvaccination-efter-primarinfektionsom-spadbarn","status":"publish","type":"post","link":"https:\/\/resemedicin.se\/svarigar\/2025-11-12-indikation-for-vattkoppsvaccination-efter-primarinfektionsom-spadbarn\/","title":{"rendered":"2025-11-12 Indikation f\u00f6r vattkoppsvaccination efter prim\u00e4rinfektionsom sp\u00e4dbarn?"},"content":{"rendered":"\n<p><strong>Fr\u00e5ga:<\/strong> Kom idag in en orolig mamma till mottagningen. Hon ber\u00e4ttade att hon hade haft vattkoppor lindrigt f\u00f6re 1 \u00e5rs \u00e5lder, v\u00e4ldigt f\u00e5 koppor. Hon har l\u00e4st att infektion i s\u00e5 l\u00e5g \u00e5lder ger ett d\u00e5ligt skydd. Hade fr\u00e5gan om hon skulle vaccinera sig. Att till\u00e4gga \u00e4r att maken fick b\u00e4ltros i 25-\u00e5rs\u00e5ldern och om hon d\u00e5 inte skulle haft ett tillr\u00e4ckligt gott skydd mot vattkoppor s\u00e5 skulle hon ju kunnat smittas och f\u00e5 vattkoppor d\u00e5.<\/p>\n\n\n\n<p><strong>Svar:<\/strong> Att ha haft vattkoppor \u2013 \u00e4ven lindrigt \u2013 inneb\u00e4r i praktiken att man har haft en prim\u00e4r vattkoppsinfektion och d\u00e4rmed utvecklat immunitet. Immuniteten \u00e4r normalt livsl\u00e5ng, \u00e4ven om antalet utslag varit f\u00e5. Att infektionen intr\u00e4ffade f\u00f6re ett \u00e5rs \u00e5lder\u00a0<em>kan<\/em>\u00a0i s\u00e4llsynta fall inneb\u00e4ra ett ofullst\u00e4ndigt immunsvar, men det g\u00e4ller framf\u00f6r allt barn som insjuknat f\u00f6re 6 m\u00e5naders \u00e5lder, allts\u00e5 n\u00e4r moderns antikroppar fortfarande cirkulerar och kan p\u00e5verka immunsvaret. Om hon var \u00e4ldre \u00e4n 7-8 m\u00e5nader vid insjuknandet finns det i praktiken inget som talar f\u00f6r bristande immunitet.<\/p>\n\n\n\n<p>Kliniskt insjuknande hos henne med typiska vattkoppor, \u00e4ven lindrigt, inneb\u00e4r sannolik immunitet. Hon har senare levt med en make som haft b\u00e4ltros utan att sj\u00e4lv insjukna. \u00c4ven om smittrisken fr\u00e5n b\u00e4ltros \u00e4r l\u00e5g s\u00e5 talar det ytterligare f\u00f6r att hon har ett fungerande skydd. Indikationen f\u00f6r vaccination \u00e4r d\u00e4rf\u00f6r l\u00e5g (s\u00e5vida hon inte var &lt;6 m\u00e5nader n\u00e4r hon sjuknade). Vill man \u00e4nd\u00e5 vara helt s\u00e4ker, kan man vid tveksamhet ta en serologi. Ett alternativ om hon var &lt;6 m\u00e5nader \u00e4r att man vaccinerar f\u00f6r s\u00e4kerhets skull om hon \u00e4r mycket orolig,<\/p>\n","protected":false},"excerpt":{"rendered":"<p>Fr\u00e5ga: Kom idag in en orolig mamma till mottagningen. Hon ber\u00e4ttade att hon hade haft vattkoppor lindrigt f\u00f6re 1 \u00e5rs \u00e5lder, v\u00e4ldigt f\u00e5 koppor. Hon har l\u00e4st att infektion i s\u00e5 l\u00e5g \u00e5lder ger ett d\u00e5ligt skydd. Hade fr\u00e5gan om hon skulle vaccinera sig. Att till\u00e4gga \u00e4r att maken fick b\u00e4ltros i 25-\u00e5rs\u00e5ldern och om &hellip; <a href=\"https:\/\/resemedicin.se\/svarigar\/2025-11-12-indikation-for-vattkoppsvaccination-efter-primarinfektionsom-spadbarn\/\" class=\"more-link\">Forts\u00e4tt l\u00e4sa<span class=\"screen-reader-text\"> \u201d2025-11-12 Indikation f\u00f6r vattkoppsvaccination efter prim\u00e4rinfektionsom sp\u00e4dbarn?\u201d<\/span><\/a><\/p>\n","protected":false},"author":1,"featured_media":0,"comment_status":"open","ping_status":"closed","sticky":false,"template":"","format":"standard","meta":{"_lmt_disableupdate":"","_lmt_disable":"","_jetpack_memberships_contains_paid_content":false,"footnotes":""},"categories":[1],"tags":[],"class_list":["post-2225","post","type-post","status-publish","format-standard","hentry","category-svar-igar"],"modified_by":"Karl Ekdahl","jetpack_featured_media_url":"","jetpack_sharing_enabled":true,"_links":{"self":[{"href":"https:\/\/resemedicin.se\/svarigar\/wp-json\/wp\/v2\/posts\/2225","targetHints":{"allow":["GET"]}}],"collection":[{"href":"https:\/\/resemedicin.se\/svarigar\/wp-json\/wp\/v2\/posts"}],"about":[{"href":"https:\/\/resemedicin.se\/svarigar\/wp-json\/wp\/v2\/types\/post"}],"author":[{"embeddable":true,"href":"https:\/\/resemedicin.se\/svarigar\/wp-json\/wp\/v2\/users\/1"}],"replies":[{"embeddable":true,"href":"https:\/\/resemedicin.se\/svarigar\/wp-json\/wp\/v2\/comments?post=2225"}],"version-history":[{"count":1,"href":"https:\/\/resemedicin.se\/svarigar\/wp-json\/wp\/v2\/posts\/2225\/revisions"}],"predecessor-version":[{"id":2226,"href":"https:\/\/resemedicin.se\/svarigar\/wp-json\/wp\/v2\/posts\/2225\/revisions\/2226"}],"wp:attachment":[{"href":"https:\/\/resemedicin.se\/svarigar\/wp-json\/wp\/v2\/media?parent=2225"}],"wp:term":[{"taxonomy":"category","embeddable":true,"href":"https:\/\/resemedicin.se\/svarigar\/wp-json\/wp\/v2\/categories?post=2225"},{"taxonomy":"post_tag","embeddable":true,"href":"https:\/\/resemedicin.se\/svarigar\/wp-json\/wp\/v2\/tags?post=2225"}],"curies":[{"name":"wp","href":"https:\/\/api.w.org\/{rel}","templated":true}]}}