{"id":2216,"date":"2025-11-12T14:54:38","date_gmt":"2025-11-12T12:54:38","guid":{"rendered":"https:\/\/resemedicin.se\/svarigar\/?p=2216"},"modified":"2025-11-12T14:54:40","modified_gmt":"2025-11-12T12:54:40","slug":"2025-11-07-shingrix-och-valaciklovir","status":"publish","type":"post","link":"https:\/\/resemedicin.se\/svarigar\/2025-11-07-shingrix-och-valaciklovir\/","title":{"rendered":"2025-11-07 Shingrix och Valaciklovir"},"content":{"rendered":"\n<p><strong>Fr\u00e5ga:<\/strong> Jag har vaccinerat en man ig\u00e5r med Shingrix dos 1. Nu skriver han att han b\u00f6rjar f\u00e5 k\u00e4nning av muns\u00e5r o brukar d\u00e5 behandla sig med Valaciklovir. Jag kan inte se n\u00e5gra kontraindikationer f\u00f6r detta, vad s\u00e4ger expertisen?? Han \u00f6nskar komma ig\u00e5ng med behandlingen s\u00e5 snart som m\u00f6jligt.<\/p>\n\n\n\n<p><strong>Svar:<\/strong> Ingen kontraindikation mot samtidig eller n\u00e4ra behandling med valaciklovir. Shingrix \u00e4r ett icke-levande vaccin, och antivirala medel p\u00e5verkar inte immunogeniciteten eller s\u00e4kerheten.<\/p>\n","protected":false},"excerpt":{"rendered":"<p>Fr\u00e5ga: Jag har vaccinerat en man ig\u00e5r med Shingrix dos 1. Nu skriver han att han b\u00f6rjar f\u00e5 k\u00e4nning av muns\u00e5r o brukar d\u00e5 behandla sig med Valaciklovir. Jag kan inte se n\u00e5gra kontraindikationer f\u00f6r detta, vad s\u00e4ger expertisen?? Han \u00f6nskar komma ig\u00e5ng med behandlingen s\u00e5 snart som m\u00f6jligt. Svar: Ingen kontraindikation mot samtidig eller &hellip; <a href=\"https:\/\/resemedicin.se\/svarigar\/2025-11-07-shingrix-och-valaciklovir\/\" class=\"more-link\">Forts\u00e4tt l\u00e4sa<span class=\"screen-reader-text\"> \u201d2025-11-07 Shingrix och Valaciklovir\u201d<\/span><\/a><\/p>\n","protected":false},"author":1,"featured_media":0,"comment_status":"open","ping_status":"closed","sticky":false,"template":"","format":"standard","meta":{"_lmt_disableupdate":"","_lmt_disable":"","_jetpack_memberships_contains_paid_content":false,"footnotes":""},"categories":[1],"tags":[],"class_list":["post-2216","post","type-post","status-publish","format-standard","hentry","category-svar-igar"],"modified_by":"Karl Ekdahl","jetpack_featured_media_url":"","jetpack_sharing_enabled":true,"_links":{"self":[{"href":"https:\/\/resemedicin.se\/svarigar\/wp-json\/wp\/v2\/posts\/2216","targetHints":{"allow":["GET"]}}],"collection":[{"href":"https:\/\/resemedicin.se\/svarigar\/wp-json\/wp\/v2\/posts"}],"about":[{"href":"https:\/\/resemedicin.se\/svarigar\/wp-json\/wp\/v2\/types\/post"}],"author":[{"embeddable":true,"href":"https:\/\/resemedicin.se\/svarigar\/wp-json\/wp\/v2\/users\/1"}],"replies":[{"embeddable":true,"href":"https:\/\/resemedicin.se\/svarigar\/wp-json\/wp\/v2\/comments?post=2216"}],"version-history":[{"count":1,"href":"https:\/\/resemedicin.se\/svarigar\/wp-json\/wp\/v2\/posts\/2216\/revisions"}],"predecessor-version":[{"id":2217,"href":"https:\/\/resemedicin.se\/svarigar\/wp-json\/wp\/v2\/posts\/2216\/revisions\/2217"}],"wp:attachment":[{"href":"https:\/\/resemedicin.se\/svarigar\/wp-json\/wp\/v2\/media?parent=2216"}],"wp:term":[{"taxonomy":"category","embeddable":true,"href":"https:\/\/resemedicin.se\/svarigar\/wp-json\/wp\/v2\/categories?post=2216"},{"taxonomy":"post_tag","embeddable":true,"href":"https:\/\/resemedicin.se\/svarigar\/wp-json\/wp\/v2\/tags?post=2216"}],"curies":[{"name":"wp","href":"https:\/\/api.w.org\/{rel}","templated":true}]}}