{"id":7499,"date":"2024-09-11T06:49:36","date_gmt":"2024-09-11T06:49:36","guid":{"rendered":"https:\/\/resemedicin.se\/reseradet\/?p=7499"},"modified":"2024-10-04T11:40:03","modified_gmt":"2024-10-04T11:40:03","slug":"2024-09-11-rabies-tunisien","status":"publish","type":"post","link":"https:\/\/resemedicin.se\/reseradet\/epinytt\/2024-09-11-rabies-tunisien\/","title":{"rendered":"2024-09-11 Rabies, Tunisien"},"content":{"rendered":"\n<h3 class=\"wp-block-heading has-white-color has-text-color has-background has-link-color wp-elements-a8ffddd38e2e744eacaaac115987c3a2\" style=\"background-color:#2b7c08\">H\u00e4ndelse<\/h3>\n\n\n\n<p>Under 2023 och 2024 har det skett en kraftig \u00f6kning av rabiesf\u00f6rekomsten hos l\u00f6sg\u00e5ende hundar i Tunisien, med smitta efter bett b\u00e5de hos m\u00e4nniskor och m\u00e5nga olika b\u00e5de tama och vilda d\u00e4ggdjur. Under f\u00f6rsta halv\u00e5ret 2024 har 6 m\u00e4nniskor avlidit i rabies. Utvecklingen har sitt ursprung i att kontrollprogrammen mot rabies i m\u00e5nga provinser br\u00f6t samman efter revolutionen 2011. <\/p>\n\n\n\n<p>Tunisiska jordbruksministeriet har meddelat lanseringen av en nationell kampanj f\u00f6r rabiesvaccination i Tunisien fr\u00e5n b\u00f6rjan av september 2024 f\u00f6r att forts\u00e4tta till slutet av oktober 2024 i alla tunisiska stater.<\/p>\n\n\n\n<h3 class=\"wp-block-heading has-white-color has-text-color has-background has-link-color wp-elements-f54cfb83e9d133aede8411599e2c0006\" style=\"background-color:#2b7c08\">Bed\u00f6mning och rekommendationer<\/h3>\n\n\n\n<p>Resen\u00e4rer till Tunisien b\u00f6r informeras om den \u00f6kade risken att bli attackerade av l\u00f6sg\u00e5ende hundar med rabies, samt vikten av att iaktta f\u00f6rsiktighet i n\u00e4rheten av <a href=\"https:\/\/resemedicin.se\/reseradet\/reserad\/riskfyllda-djurkontakter\/#hundar-och-katter\">l\u00f6sa hundar<\/a>, och \u00e4ven undvika all n\u00e4rkontakt med b\u00e5de vilda och tama djur. Vid misst\u00e4nkt riskexponering b\u00f6r de uppmanas att omedelbart ta kontakt med sjukv\u00e5rd f\u00f6r st\u00e4llningstagande till <a href=\"https:\/\/resemedicin.se\/reseradet\/sjukdomar-och-vacciner\/rabies\/#pep\">post-expositionsprofylax<\/a>.<\/p>\n\n\n\n<p>Det kan ocks\u00e5 vara motiverat att i nul\u00e4get vara mer gener\u00f6s med <a href=\"https:\/\/resemedicin.se\/reseradet\/sjukdomar-och-vacciner\/rabies\/#prep\">pre-expositionsprofylax<\/a> till personer (s\u00e4rskilt barn) som ska vistas l\u00e4ngre tid i landet.<\/p>\n\n\n\n<p><\/p>\n","protected":false},"excerpt":{"rendered":"<p>H\u00e4ndelse Under 2023 och 2024 har det skett en kraftig \u00f6kning av rabiesf\u00f6rekomsten hos l\u00f6sg\u00e5ende hundar i Tunisien, med smitta efter bett b\u00e5de hos m\u00e4nniskor och m\u00e5nga olika b\u00e5de tama och vilda d\u00e4ggdjur. Under f\u00f6rsta halv\u00e5ret 2024 har 6 m\u00e4nniskor avlidit i rabies. Utvecklingen har sitt ursprung i att kontrollprogrammen mot rabies i m\u00e5nga provinser &hellip; <a href=\"https:\/\/resemedicin.se\/reseradet\/epinytt\/2024-09-11-rabies-tunisien\/\" class=\"more-link\">Forts\u00e4tt l\u00e4sa<span class=\"screen-reader-text\"> \u201d2024-09-11 Rabies, Tunisien\u201d<\/span><\/a><\/p>\n","protected":false},"author":1,"featured_media":0,"comment_status":"open","ping_status":"closed","sticky":false,"template":"","format":"aside","meta":{"_lmt_disableupdate":"no","_lmt_disable":"","_jetpack_memberships_contains_paid_content":false,"footnotes":""},"categories":[2],"tags":[],"class_list":["post-7499","post","type-post","status-publish","format-aside","hentry","category-epinytt","post_format-post-format-aside"],"modified_by":"Reser\u00e5det","jetpack_featured_media_url":"","jetpack-related-posts":[{"id":12884,"url":"https:\/\/resemedicin.se\/reseradet\/epinytt\/2025-04-08-rabies-fran-katt-tunisien\/","url_meta":{"origin":7499,"position":0},"title":"2025-04-08 Rabies fr\u00e5n katt, Tunisien","author":"Reser\u00e5det","date":"2025-04-08","format":"aside","excerpt":"Media i Tunisien rapporterar om ett d\u00f6dsfall i rabies, efter att en ung man blivit riven av en \u00f6vergiven katt han tagit in i sitt hem. Incidenten ska ha \u00e4gt rum den 26 mars och mannen avlidit den 4 april. Kommentar Den h\u00e4r h\u00e4ndelsen (om korrekt \u00e5terrapporterad) \u00e4r atypisk b\u00e5de\u2026","rel":"","context":"I \u201dEpiNytt\u201d","block_context":{"text":"EpiNytt","link":"https:\/\/resemedicin.se\/reseradet\/kategori\/epinytt\/"},"img":{"alt_text":"","src":"","width":0,"height":0},"classes":[]},{"id":14796,"url":"https:\/\/resemedicin.se\/reseradet\/epinytt\/2025-08-21-rabies-i-indien-och-marocko\/","url_meta":{"origin":7499,"position":1},"title":"2025-08-21 Rabies i Indien och Marocko","author":"Reser\u00e5det","date":"2025-08-21","format":"aside","excerpt":"Denna vecka rapporterar ProMed om ett antal humana d\u00f6dsfall i rabies i Indien. Dessa har kommit fr\u00e5n delstaterna Uttar Pradesh, Tamil Nadu (vardera 1 fall senaste veckan), Karnataka (1 aktuellt fall och 19 \u00f6vriga under f\u00f6rsta halv\u00e5ret 2025), samt i Kerala (23 d\u00f6dsfall sedan b\u00f6rjan av \u00e5ret). Det har sannolikt\u2026","rel":"","context":"I \u201dEpiNytt\u201d","block_context":{"text":"EpiNytt","link":"https:\/\/resemedicin.se\/reseradet\/kategori\/epinytt\/"},"img":{"alt_text":"","src":"","width":0,"height":0},"classes":[]},{"id":6412,"url":"https:\/\/resemedicin.se\/reseradet\/epinytt\/2024-09-07-rabies-hos-salar-sydafrika\/","url_meta":{"origin":7499,"position":2},"title":"2024-09-07 Rabies hos s\u00e4lar, Sydafrika","author":"Reser\u00e5det","date":"2024-09-07","format":"aside","excerpt":"H\u00e4ndelse Sedan juni 2024, har t.o.m. 7 september sammanlagt 17 s\u00e4lar diagnosticerats med rabies i sydafrikanska Kapprovinsen l\u00e4ngs en str\u00e4cka p\u00e5 65 mil. Redan 2022 b\u00f6rjade man notera ett mer aggressivt beteende hos s\u00e4larna, och det p\u00e5g\u00e5r ett arbete att testa frysta prover fr\u00e5n tidigare avlidna s\u00e4lar. Ett flertal m\u00e4nniskor\u2026","rel":"","context":"I \u201dEpiNytt\u201d","block_context":{"text":"EpiNytt","link":"https:\/\/resemedicin.se\/reseradet\/kategori\/epinytt\/"},"img":{"alt_text":"","src":"","width":0,"height":0},"classes":[]},{"id":6343,"url":"https:\/\/resemedicin.se\/reseradet\/epinytt\/2024-09-17-west-nile-fever-uppdatering\/","url_meta":{"origin":7499,"position":3},"title":"2024-09-17 West Nile fever, Europa","author":"Reser\u00e5det","date":"2024-09-17","format":"aside","excerpt":"H\u00e4ndelse European Centre for Disease Prevention and Control (ECDC) rapporterar p\u00e5g\u00e5ende \u00f6verf\u00f6ring i flera europeiska l\u00e4nder av West Nile-virus (WNV) det virus som orskar West Nile fever (nilfeber). Fr\u00e5n 1 mars 2024 till 29 augusti 2024 har 15 l\u00e4nder rapporterat totalt 715 fall, inklusive 51 d\u00f6dsfall. F\u00f6ljande l\u00e4nder ber\u00f6rs: Italien\u2026","rel":"","context":"I \u201dEpiNytt\u201d","block_context":{"text":"EpiNytt","link":"https:\/\/resemedicin.se\/reseradet\/kategori\/epinytt\/"},"img":{"alt_text":"","src":"","width":0,"height":0},"classes":[]},{"id":14883,"url":"https:\/\/resemedicin.se\/reseradet\/epinytt\/rabies-globalt-lage-2024\/","url_meta":{"origin":7499,"position":4},"title":"2025-09-01 Rabies \u2013 globalt l\u00e4ge 2024","author":"Reser\u00e5det","date":"2025-09-01","format":"aside","excerpt":"Enligt WHO:s senaste sammanst\u00e4llning rapporterades under 2024 fortsatt ett stort antal d\u00f6dsfall i rabies, uppskattningsvis\u00a059 000 \u00e5rligen\u00a0globalt, n\u00e4stan uteslutande i Asien och Afrika. \u00d6ver 99 % av de m\u00e4nskliga fallen orsakas av hundbett. L\u00e4nder i Europa och Nordamerika \u00e4r i princip fria fr\u00e5n endemisk rabies hos hund, men sjukdomen kvarst\u00e5r\u2026","rel":"","context":"I \u201dEpiNytt\u201d","block_context":{"text":"EpiNytt","link":"https:\/\/resemedicin.se\/reseradet\/kategori\/epinytt\/"},"img":{"alt_text":"","src":"","width":0,"height":0},"classes":[]},{"id":14878,"url":"https:\/\/resemedicin.se\/reseradet\/epinytt\/2025-08-01-rabies-lokalt-forvarvat-fall-i-rumanien\/","url_meta":{"origin":7499,"position":5},"title":"2025-09-01 Rabies \u2013 lokalt f\u00f6rv\u00e4rvat fall i Rum\u00e4nien","author":"Reser\u00e5det","date":"2025-09-01","format":"aside","excerpt":"Rum\u00e4nien har rapporterat ett lokalt f\u00f6rv\u00e4rvat humant fall av rabies i Ia\u0219i-regionen. Patienten insjuknade med centrala nervsymtom i mitten av juni 2025, v\u00e5rdades p\u00e5 sjukhus nio dagar senare och avled i mitten av juli. Patienten hade n\u00e5gra m\u00e5nader f\u00f6re insjuknandet blivit biten av en herrel\u00f6s hund men fick ingen postexpositionsprofylax.\u2026","rel":"","context":"I \u201dEpiNytt\u201d","block_context":{"text":"EpiNytt","link":"https:\/\/resemedicin.se\/reseradet\/kategori\/epinytt\/"},"img":{"alt_text":"","src":"","width":0,"height":0},"classes":[]}],"jetpack_sharing_enabled":true,"_links":{"self":[{"href":"https:\/\/resemedicin.se\/reseradet\/wp-json\/wp\/v2\/posts\/7499","targetHints":{"allow":["GET"]}}],"collection":[{"href":"https:\/\/resemedicin.se\/reseradet\/wp-json\/wp\/v2\/posts"}],"about":[{"href":"https:\/\/resemedicin.se\/reseradet\/wp-json\/wp\/v2\/types\/post"}],"author":[{"embeddable":true,"href":"https:\/\/resemedicin.se\/reseradet\/wp-json\/wp\/v2\/users\/1"}],"replies":[{"embeddable":true,"href":"https:\/\/resemedicin.se\/reseradet\/wp-json\/wp\/v2\/comments?post=7499"}],"version-history":[{"count":2,"href":"https:\/\/resemedicin.se\/reseradet\/wp-json\/wp\/v2\/posts\/7499\/revisions"}],"predecessor-version":[{"id":7501,"href":"https:\/\/resemedicin.se\/reseradet\/wp-json\/wp\/v2\/posts\/7499\/revisions\/7501"}],"wp:attachment":[{"href":"https:\/\/resemedicin.se\/reseradet\/wp-json\/wp\/v2\/media?parent=7499"}],"wp:term":[{"taxonomy":"category","embeddable":true,"href":"https:\/\/resemedicin.se\/reseradet\/wp-json\/wp\/v2\/categories?post=7499"},{"taxonomy":"post_tag","embeddable":true,"href":"https:\/\/resemedicin.se\/reseradet\/wp-json\/wp\/v2\/tags?post=7499"}],"curies":[{"name":"wp","href":"https:\/\/api.w.org\/{rel}","templated":true}]}}