{"id":6412,"date":"2024-09-07T12:13:32","date_gmt":"2024-09-07T12:13:32","guid":{"rendered":"https:\/\/resemedicin.se\/reseradet\/?p=6412"},"modified":"2024-10-04T11:40:19","modified_gmt":"2024-10-04T11:40:19","slug":"2024-09-07-rabies-hos-salar-sydafrika","status":"publish","type":"post","link":"https:\/\/resemedicin.se\/reseradet\/epinytt\/2024-09-07-rabies-hos-salar-sydafrika\/","title":{"rendered":"2024-09-07 Rabies hos s\u00e4lar, Sydafrika"},"content":{"rendered":"\n<h3 class=\"wp-block-heading has-white-color has-text-color has-background has-link-color wp-elements-a8ffddd38e2e744eacaaac115987c3a2\" style=\"background-color:#2b7c08\">H\u00e4ndelse<\/h3>\n\n\n\n<p>Sedan juni 2024, har t.o.m. 7 september sammanlagt 17 s\u00e4lar diagnosticerats med rabies i sydafrikanska Kapprovinsen l\u00e4ngs en str\u00e4cka p\u00e5 65 mil. Redan 2022 b\u00f6rjade man notera ett mer aggressivt beteende hos s\u00e4larna, och det p\u00e5g\u00e5r ett arbete att testa frysta prover fr\u00e5n tidigare avlidna s\u00e4lar. Ett flertal m\u00e4nniskor har blivit bitna, men hittills har inte n\u00e5gon m\u00e4nniska insjuknat. teorin \u00e4r att smittan ursprungligen kommit in bland s\u00e4larna via bett fr\u00e5n en infekterad schakal n\u00e4r de vilat p\u00e5 stranden.<\/p>\n\n\n\n<h3 class=\"wp-block-heading has-white-color has-text-color has-background has-link-color wp-elements-f54cfb83e9d133aede8411599e2c0006\" style=\"background-color:#2b7c08\">Bed\u00f6mning och rekommendationer<\/h3>\n\n\n\n<p>Med undantag av ett enda fall av s\u00e4lrabies p\u00e5 norska Svalbard 1980, \u00e4r detta f\u00f6rsta g\u00e5ngen man sett rabies hos marina d\u00e4ggdjur. D\u00e5 s\u00e4lar, p.g.a. sitt f\u00f6rdobeteende, har betydligt mindre saliv \u00e4n landlevande d\u00e4ggdjur s\u00e5 \u00e4r smittrisken mindre. Cirka tv\u00e5 miljoner s\u00e4lar lever l\u00e4ngs en 300 mil l\u00e5ng kustlinje som str\u00e4cker sig fr\u00e5n s\u00f6dra Angola till Algoa Bay p\u00e5 Sydafrikas \u00f6stkust. Marinbiologer \u00e4r nu oroade \u00f6ver en mer omfattande smittspridning inom detta s\u00e4lbest\u00e5nd.<\/p>\n\n\n\n<p>Risken f\u00f6r svenska turister att smittas \u00e4r minimal, men resen\u00e4rer till Sydafrika b\u00f6r informeras om utbrottet och r\u00e5das att undvika s\u00e4lar med ett aggressivt beteende. Vid h\u00e4ndelse av bett b\u00f6r man kontakta l\u00e4kare omg\u00e5ende f\u00f6r st\u00e4llningstagande till post-expositionsprofylax.<\/p>\n","protected":false},"excerpt":{"rendered":"<p>H\u00e4ndelse Sedan juni 2024, har t.o.m. 7 september sammanlagt 17 s\u00e4lar diagnosticerats med rabies i sydafrikanska Kapprovinsen l\u00e4ngs en str\u00e4cka p\u00e5 65 mil. Redan 2022 b\u00f6rjade man notera ett mer aggressivt beteende hos s\u00e4larna, och det p\u00e5g\u00e5r ett arbete att testa frysta prover fr\u00e5n tidigare avlidna s\u00e4lar. Ett flertal m\u00e4nniskor har blivit bitna, men hittills &hellip; <a href=\"https:\/\/resemedicin.se\/reseradet\/epinytt\/2024-09-07-rabies-hos-salar-sydafrika\/\" class=\"more-link\">Forts\u00e4tt l\u00e4sa<span class=\"screen-reader-text\"> \u201d2024-09-07 Rabies hos s\u00e4lar, Sydafrika\u201d<\/span><\/a><\/p>\n","protected":false},"author":1,"featured_media":0,"comment_status":"open","ping_status":"closed","sticky":false,"template":"","format":"aside","meta":{"_lmt_disableupdate":"no","_lmt_disable":"","_jetpack_memberships_contains_paid_content":false,"footnotes":""},"categories":[2],"tags":[],"class_list":["post-6412","post","type-post","status-publish","format-aside","hentry","category-epinytt","post_format-post-format-aside"],"modified_by":"Reser\u00e5det","jetpack_featured_media_url":"","jetpack-related-posts":[{"id":14401,"url":"https:\/\/resemedicin.se\/reseradet\/epinytt\/2025-06-25-salrabies-aven-i-namibia\/","url_meta":{"origin":6412,"position":0},"title":"2025-06-25 S\u00e4lrabies \u00e4ven i Namibia","author":"Reser\u00e5det","date":"2025-06-25","format":"aside","excerpt":"Namibia har bekr\u00e4ftat sitt f\u00f6rsta fall av rabies hos en kaps\u00e4l efter att ett infekterat djur dog i Walvis Bay-lagunen i mitten av juni. Enligt Jordbruksministeriet visade s\u00e4len tecken p\u00e5 aggression och ovanligt beteende innan den dog. Laboratorietester har bekr\u00e4ftat f\u00f6rekomsten av rabiesviruset. I Namibia \u00e4r rabies vanlig, med tamhundar\u2026","rel":"","context":"I \u201dEpiNytt\u201d","block_context":{"text":"EpiNytt","link":"https:\/\/resemedicin.se\/reseradet\/kategori\/epinytt\/"},"img":{"alt_text":"","src":"","width":0,"height":0},"classes":[]},{"id":15780,"url":"https:\/\/resemedicin.se\/reseradet\/epinytt\/2026-01-05-okning-av-shigellainfektion-hos-resenarer-fran-kap-verde\/","url_meta":{"origin":6412,"position":1},"title":"2026-01-05 \u00d6kning av shigellainfektion hos resen\u00e4rer fr\u00e5n Kap Verde","author":"Reser\u00e5det","date":"2026-01-05","format":"aside","excerpt":"Ett \u00f6kat antal shigellainfektioner orsakat av\u00a0Shigella sonnei\u00a0har rapporterats hos resen\u00e4rer som \u00e5terv\u00e4nt fr\u00e5n\u00a0Kap Verde under h\u00f6sten 2025. I Storbritannien har UKHSA identifierat\u00a0137 laboratoriebekr\u00e4ftade fall\u00a0sedan\u00a01 oktober 2025; av dem uppgav\u00a0116\u00a0utlandsresa och\u00a0109 (94%)\u00a0hade nyligen rest till Kap Verde, fr\u00e4mst till omr\u00e5dena\u00a0Santa Maria (Sal)\u00a0och\u00a0Boa Vista. Fallen har rapporterats fr\u00e5n flera delar av landet,\u2026","rel":"","context":"I \u201dEpiNytt\u201d","block_context":{"text":"EpiNytt","link":"https:\/\/resemedicin.se\/reseradet\/kategori\/epinytt\/"},"img":{"alt_text":"","src":"","width":0,"height":0},"classes":[]},{"id":15161,"url":"https:\/\/resemedicin.se\/reseradet\/epinytt\/2025-11-01-okning-av-malariafall-hotar-kap-verdes-malariafria-status\/","url_meta":{"origin":6412,"position":2},"title":"2025-11-01 \u00d6kning av malariafall hotar Kap Verdes malariafria status","author":"Reser\u00e5det","date":"2025-11-01","format":"aside","excerpt":"Kap Verde, som 2024 certifierades av WHO som\u00a0fritt fr\u00e5n malaria, rapporterar nu en snabb \u00f6kning av fall under den p\u00e5g\u00e5ende regnperioden. Fram till b\u00f6rjan av oktober 2025 har\u00a056 malariafall\u00a0registrerats. Av dessa har\u00a046 (82 %)\u00a0p\u00e5tr\u00e4ffats i\u00a0Praia\u00a0p\u00e5 Santiago-\u00f6n, fr\u00e4mst i stadsdelarna Terra Branca, Palmarejo och Tira-Chap\u00e9u. Ett fall har identifierats p\u00e5 \u00f6n\u00a0Sal.\u2026","rel":"","context":"I \u201dEpiNytt\u201d","block_context":{"text":"EpiNytt","link":"https:\/\/resemedicin.se\/reseradet\/kategori\/epinytt\/"},"img":{"alt_text":"","src":"","width":0,"height":0},"classes":[]},{"id":13535,"url":"https:\/\/resemedicin.se\/reseradet\/epinytt\/2025-05-21-fortsatt-okning-av-chikungunya-i-indiska-oceanen\/","url_meta":{"origin":6412,"position":3},"title":"2025-05-21 Fortsatt \u00f6kning av chikungunya i Indiska Oceanen","author":"Reser\u00e5det","date":"2025-05-21","format":"aside","excerpt":"Utbrottet av chikungunyafeber forts\u00e4tter i l\u00e4nderna i Indiska oceanen. Under \u00e5ret har fall rapporterats fr\u00e5n Maldiverna, Mayotte, Mauritius, R\u00e9union och Sri Lanka. Maldiverna: Lokala myndigheter har rapporterat \u00f6kad chikungunyaaktivitet under \u00e5ret i flera omr\u00e5den p\u00e5 Maldiverna, efter att 389 fall bekr\u00e4ftats under 2024. Mayotte (Frankrike): H\u00e4lsov\u00e5rdsmyndigheten har t.o.m. den 16\u2026","rel":"","context":"I \u201dEpiNytt\u201d","block_context":{"text":"EpiNytt","link":"https:\/\/resemedicin.se\/reseradet\/kategori\/epinytt\/"},"img":{"alt_text":"","src":"","width":0,"height":0},"classes":[]},{"id":7499,"url":"https:\/\/resemedicin.se\/reseradet\/epinytt\/2024-09-11-rabies-tunisien\/","url_meta":{"origin":6412,"position":4},"title":"2024-09-11 Rabies, Tunisien","author":"Reser\u00e5det","date":"2024-09-11","format":"aside","excerpt":"H\u00e4ndelse Under 2023 och 2024 har det skett en kraftig \u00f6kning av rabiesf\u00f6rekomsten hos l\u00f6sg\u00e5ende hundar i Tunisien, med smitta efter bett b\u00e5de hos m\u00e4nniskor och m\u00e5nga olika b\u00e5de tama och vilda d\u00e4ggdjur. Under f\u00f6rsta halv\u00e5ret 2024 har 6 m\u00e4nniskor avlidit i rabies. Utvecklingen har sitt ursprung i att kontrollprogrammen\u2026","rel":"","context":"I \u201dEpiNytt\u201d","block_context":{"text":"EpiNytt","link":"https:\/\/resemedicin.se\/reseradet\/kategori\/epinytt\/"},"img":{"alt_text":"","src":"","width":0,"height":0},"classes":[]},{"id":16079,"url":"https:\/\/resemedicin.se\/reseradet\/epinytt\/2026-03-07-rabies-i-vietnam\/","url_meta":{"origin":6412,"position":5},"title":"2026-03-07 Rabies i Vietnam","author":"Reser\u00e5det","date":"2026-03-07","format":"aside","excerpt":"Rabies forts\u00e4tter att orsaka d\u00f6dsfall i Vietnam. Enligt vietnamesiska h\u00e4lsomyndigheter rapporterades under de f\u00f6rsta tv\u00e5 m\u00e5naderna 2026 \u00e5tta d\u00f6dsfall i rabies hos m\u00e4nniska. Fallen intr\u00e4ffade i flera olika provinser och var i samtliga fall kopplade till exponering f\u00f6r misst\u00e4nkt rabiessmittade hundar. I flera av fallen hade de drabbade inte s\u00f6kt\u2026","rel":"","context":"I \u201dEpiNytt\u201d","block_context":{"text":"EpiNytt","link":"https:\/\/resemedicin.se\/reseradet\/kategori\/epinytt\/"},"img":{"alt_text":"","src":"","width":0,"height":0},"classes":[]}],"jetpack_sharing_enabled":true,"_links":{"self":[{"href":"https:\/\/resemedicin.se\/reseradet\/wp-json\/wp\/v2\/posts\/6412","targetHints":{"allow":["GET"]}}],"collection":[{"href":"https:\/\/resemedicin.se\/reseradet\/wp-json\/wp\/v2\/posts"}],"about":[{"href":"https:\/\/resemedicin.se\/reseradet\/wp-json\/wp\/v2\/types\/post"}],"author":[{"embeddable":true,"href":"https:\/\/resemedicin.se\/reseradet\/wp-json\/wp\/v2\/users\/1"}],"replies":[{"embeddable":true,"href":"https:\/\/resemedicin.se\/reseradet\/wp-json\/wp\/v2\/comments?post=6412"}],"version-history":[{"count":3,"href":"https:\/\/resemedicin.se\/reseradet\/wp-json\/wp\/v2\/posts\/6412\/revisions"}],"predecessor-version":[{"id":6576,"href":"https:\/\/resemedicin.se\/reseradet\/wp-json\/wp\/v2\/posts\/6412\/revisions\/6576"}],"wp:attachment":[{"href":"https:\/\/resemedicin.se\/reseradet\/wp-json\/wp\/v2\/media?parent=6412"}],"wp:term":[{"taxonomy":"category","embeddable":true,"href":"https:\/\/resemedicin.se\/reseradet\/wp-json\/wp\/v2\/categories?post=6412"},{"taxonomy":"post_tag","embeddable":true,"href":"https:\/\/resemedicin.se\/reseradet\/wp-json\/wp\/v2\/tags?post=6412"}],"curies":[{"name":"wp","href":"https:\/\/api.w.org\/{rel}","templated":true}]}}