{"id":16745,"date":"2026-04-27T12:53:36","date_gmt":"2026-04-27T11:53:36","guid":{"rendered":"https:\/\/resemedicin.se\/reseradet\/?p=16745"},"modified":"2026-04-27T12:56:16","modified_gmt":"2026-04-27T11:56:16","slug":"reseradet-academy-erbjuder-komplett-fallbaserat-e-utbildningsprogram","status":"publish","type":"post","link":"https:\/\/resemedicin.se\/reseradet\/epinytt\/reseradet-academy-erbjuder-komplett-fallbaserat-e-utbildningsprogram\/","title":{"rendered":"Reser\u00e5det Vaccinakademi: komplett program med fallbaserade e-utbildningar"},"content":{"rendered":"\n<p><a href=\"https:\/\/resemedicin.se\/utbildning\/reseradet-academy-e-utbildningar\/\">Reser\u00e5det Vaccinakademis e-utbildningar<\/a> \u00e4r ett helt\u00e4ckande fortbildningsprogram i vaccinationer och resemedicin f\u00f6r vaccinationsverksamma l\u00e4kare och sjuksk\u00f6terskor. Kurserna, som \u00e4r uppbyggda kring ett stort antal illustrativa fall, finns nu p\u00e5 alla niv\u00e5er fr\u00e5n korta bas\/grund-kurser (steg 1), via forts\u00e4ttningskurs (steg 2) till f\u00f6rdjupnings\/diplomkurser (steg 3). Kurskatalogen omfattar:<\/p>\n\n\n\n<ul class=\"wp-block-list\">\n<li><a href=\"https:\/\/resemedicin.se\/utbildning\/e-utbildning-baskurs-for-vaccinatorer-pa-apotek-och-bussar\/\">Baskurs f\u00f6r vaccinat\u00f6rer p\u00e5 apotek och bussar<\/a>  (~6 timmar)<\/li>\n\n\n\n<li><a href=\"https:\/\/resemedicin.se\/utbildning\/e-utbildning-introduktionskurs-i-vaccinationer-och-reseradgivning\/\">Grundkurs i vaccinationer och reser\u00e5dgivning <\/a>(~12 timmar)<\/li>\n\n\n\n<li><a href=\"https:\/\/resemedicin.se\/utbildning\/e-utbildning-oversiktskurs-i-vaccinationer-och-resemedicin\/\">Forts\u00e4ttningskurs i vaccinationer och resemedicin<\/a> (~24 timmar)<\/li>\n\n\n\n<li><a href=\"https:\/\/resemedicin.se\/utbildning\/e-utbildning-fordjupningskurs-inhemska-barn-och-riskgruppsvacciner\/\">F\u00f6rdjupningskurs: Inhemska barn och riskgruppsvacciner<\/a> (~24 timmar)<\/li>\n\n\n\n<li><a href=\"https:\/\/resemedicin.se\/utbildning\/e-utbildning-fordjupningskurs-i-vaccinologi\/\">F\u00f6rdjupningskurs: Vaccinologi<\/a> (~20 timmar)<\/li>\n\n\n\n<li><a href=\"https:\/\/resemedicin.se\/utbildning\/e-utbildning-resevacciner\/\">F\u00f6rdjupningskurs: Resevacciner<\/a> (~20 timmar)<\/li>\n\n\n\n<li><a href=\"https:\/\/resemedicin.se\/utbildning\/e-utbildning-fordjupningskurs-malaria\/\">F\u00f6rdjupningskurs: Malaria<\/a> (~16 timmar)<\/li>\n\n\n\n<li><a href=\"https:\/\/resemedicin.se\/utbildning\/e-utbildning-diplomkurs-vaccinationer-i-primarvarden\/\">Diplomkurs: Vaccinationer i prim\u00e4rv\u00e5rden<\/a> (~40 timmar)<\/li>\n<\/ul>\n\n\n\n<p>Kurserna kan l\u00e4sas frist\u00e5ende eller som en progression fr\u00e5n grundniv\u00e5 till avancerad f\u00f6rdjupning. Alla utbildningar \u00e4r webbaserade och kan genomf\u00f6ras i egen takt med omedelbar kursstart.<\/p>\n\n\n\n<p style=\"font-size:14px\"><em><strong>EpiNytt\u00a0<\/strong><\/em>\u00e4r Reser\u00e5dets kostnadsfria omv\u00e4rldsbevakning med aktuell information om\u00a0utbrott och nyheter p\u00e5 vaccin- och resefronten. Se\u00a0<a href=\"https:\/\/resemedicin.se\/reseradet\/epinytt\/\">hela listan med nyheter i fulltext<\/a>. Dela g\u00e4rna l\u00e4nken med intresserade kolleger, vilka ocks\u00e5 sj\u00e4lva kan\u00a0<a href=\"https:\/\/resemedicin.se\/reseradet\/prenumerera-kostnadsfritt-pa-epinytt\/\">prenumerera p\u00e5 nyhetsbrevet<\/a>\u00a0utan kostnad.<\/p>\n","protected":false},"excerpt":{"rendered":"<p>Reser\u00e5det Vaccinakademis e-utbildningar \u00e4r ett helt\u00e4ckande fortbildningsprogram i vaccinationer och resemedicin f\u00f6r vaccinationsverksamma l\u00e4kare och sjuksk\u00f6terskor. Kurserna, som \u00e4r uppbyggda kring ett stort antal illustrativa fall, finns nu p\u00e5 alla niv\u00e5er fr\u00e5n korta bas\/grund-kurser (steg 1), via forts\u00e4ttningskurs (steg 2) till f\u00f6rdjupnings\/diplomkurser (steg 3). Kurskatalogen omfattar: Kurserna kan l\u00e4sas frist\u00e5ende eller som en progression fr\u00e5n &hellip; <a href=\"https:\/\/resemedicin.se\/reseradet\/epinytt\/reseradet-academy-erbjuder-komplett-fallbaserat-e-utbildningsprogram\/\" class=\"more-link\">Forts\u00e4tt l\u00e4sa<span class=\"screen-reader-text\"> \u201dReser\u00e5det Vaccinakademi: komplett program med fallbaserade e-utbildningar\u201d<\/span><\/a><\/p>\n","protected":false},"author":1,"featured_media":0,"comment_status":"open","ping_status":"closed","sticky":false,"template":"","format":"aside","meta":{"_lmt_disableupdate":"","_lmt_disable":"","_jetpack_memberships_contains_paid_content":false,"footnotes":""},"categories":[2],"tags":[],"class_list":["post-16745","post","type-post","status-publish","format-aside","hentry","category-epinytt","post_format-post-format-aside"],"modified_by":"Reser\u00e5det","jetpack_featured_media_url":"","jetpack-related-posts":[{"id":14781,"url":"https:\/\/resemedicin.se\/reseradet\/epinytt\/oversiktskurs-i-vaccinationer-och-resemedicin-29-30-september-3\/","url_meta":{"origin":16745,"position":0},"title":"\u00d6versiktskurs i vaccinationer och resemedicin 29-30 september","author":"Reser\u00e5det","date":"2025-08-18","format":"aside","excerpt":"\u00c4n finns det enstaka platser kvar till h\u00f6stens 2-dagars \u00f6versiktskurs i vaccinationer och resemedicin utanf\u00f6r G\u00f6teborg. Vi f\u00f6rl\u00e4nger d\u00e4rf\u00f6r sista anm\u00e4lningsdagen till 31 augusti (i m\u00e5n av lediga hotellrum f\u00f6r dem som \u00f6nskar \u00f6vernattning). Kursen bygger p\u00e5 v\u00e5r uppskattade kurs i Huddinge i maj, l\u00e4tt justerad efter synpunkter i kursv\u00e4rderingen.\u2026","rel":"","context":"I \u201dEpiNytt\u201d","block_context":{"text":"EpiNytt","link":"https:\/\/resemedicin.se\/reseradet\/kategori\/epinytt\/"},"img":{"alt_text":"","src":"","width":0,"height":0},"classes":[]},{"id":16117,"url":"https:\/\/resemedicin.se\/reseradet\/epinytt\/oversiktskurs-i-vaccinationer-och-resemedicin-stockholm-12-13-maj\/","url_meta":{"origin":16745,"position":1},"title":"\u00d6versiktskurs i vaccinationer och resemedicin, Stockholm 12-13 maj","author":"Reser\u00e5det","date":"2026-03-10","format":"aside","excerpt":"N\u00e4sta 2-dagars \u00f6versiktskurs i vaccinationer och resemedicin kommer att h\u00e5llas p\u00e5 Nalen, centralt i Stockholm, tisdag den 12 maj kl 9:00 till onsdag den 13 maj cirka kl 16:30. M\u00e5lgruppen \u00e4r fr\u00e4mst vaccinationsverksamma l\u00e4kare och sjuksk\u00f6terskor, men ocks\u00e5 \u00f6ppen f\u00f6r andra med vaccinationsintresse. Kursen bygger p\u00e5 v\u00e5ra tv\u00e5 tidigare mycket\u2026","rel":"","context":"I \u201dEpiNytt\u201d","block_context":{"text":"EpiNytt","link":"https:\/\/resemedicin.se\/reseradet\/kategori\/epinytt\/"},"img":{"alt_text":"","src":"","width":0,"height":0},"classes":[]},{"id":14321,"url":"https:\/\/resemedicin.se\/reseradet\/epinytt\/2025-06-16-oversiktskurs-i-vaccinationer-och-resemedicin-29-30-9\/","url_meta":{"origin":16745,"position":2},"title":"2025-06-16 \u00d6versiktskurs i vaccinationer och resemedicin 29-30 september","author":"Reser\u00e5det","date":"2025-06-16","format":"aside","excerpt":"H\u00f6stens 2-dagars \u00f6versiktskurs i vaccinationer och resemedicin utanf\u00f6r G\u00f6teborg \u00e4r nu spikad. Kursen bygger p\u00e5 v\u00e5r uppskattade kurs i Huddinge i maj, l\u00e4tt justerad efter synpunkter i kursv\u00e4rderingen. Ur kursinneh\u00e5llet: Vacciner och vaccinimmunologi, vaccinationsverksamheten i praktiken, inhemska vaccinationer f\u00f6r barn och vuxna, resevacciner, riskv\u00e4rdering och allm\u00e4nna reserisker, malaria, \u00f6vriga arboinfektioner\u2026","rel":"","context":"I \u201dEpiNytt\u201d","block_context":{"text":"EpiNytt","link":"https:\/\/resemedicin.se\/reseradet\/kategori\/epinytt\/"},"img":{"alt_text":"","src":"","width":0,"height":0},"classes":[]},{"id":14945,"url":"https:\/\/resemedicin.se\/reseradet\/epinytt\/2025-09-15-vattkoppsvaccination-infors-i-barnvaccinationsprogrammet-fran-2027\/","url_meta":{"origin":16745,"position":3},"title":"2025-09-15 Vattkoppsvaccination inf\u00f6rs i barnvaccinationsprogrammet fr\u00e5n 2027","author":"Reser\u00e5det","date":"2025-09-15","format":"aside","excerpt":"Regeringen aviserar i budgetpropositionen f\u00f6r 2026 att\u00a0vaccin mot vattkoppor\u00a0inf\u00f6rs i det nationella allm\u00e4nna vaccinationsprogrammet f\u00f6r barn\u00a0fr\u00e5n och med 2027. Folkh\u00e4lsomyndigheten f\u00e5r\u00a03 miljoner kronor under 2026\u00a0f\u00f6r att f\u00f6rbereda inf\u00f6randet (upphandling, informationsmaterial och rekommendationer). Fr\u00e5n 2027 avser regeringen att tillf\u00f6ra\u00a043 miljoner kronor \u00e5rligen\u00a0till regionerna f\u00f6r ink\u00f6p och genomf\u00f6rande. Beslutet motiveras med att\u2026","rel":"","context":"I \u201dEpiNytt\u201d","block_context":{"text":"EpiNytt","link":"https:\/\/resemedicin.se\/reseradet\/kategori\/epinytt\/"},"img":{"alt_text":"","src":"","width":0,"height":0},"classes":[]},{"id":12947,"url":"https:\/\/resemedicin.se\/reseradet\/epinytt\/2025-04-28-amerikanska-och-franska-myndigheter-utreder-mojliga-allvarliga-biverkningar-av-ixchiq-hos-aldre\/","url_meta":{"origin":16745,"position":4},"title":"2025-04-28 Amerikanska och franska myndigheter utreder m\u00f6jliga allvarliga biverkningar av Ixchiq\u00ae hos \u00e4ldre","author":"Reser\u00e5det","date":"2025-04-28","format":"aside","excerpt":"Efter rapporterar om allvarliga biverkningar (severe adverse events - SAE) efter vaccination av \u00e4ldre personer med IXCHIQ\u00ae mot chikungunyafeber, har s\u00e5v\u00e4l amerikanska som franska myndigheter nyligen g\u00e5tt ut och f\u00f6rordat tillf\u00e4llig f\u00f6rsiktighet (USA) eller avr\u00e5dan (Frankrike) fr\u00e5n vaccination av personer >65 \u00e5r tills eventuella orsakssamband \u00e4r klargjorda. Under sitt ordinarie\u2026","rel":"","context":"I \u201dEpiNytt\u201d","block_context":{"text":"EpiNytt","link":"https:\/\/resemedicin.se\/reseradet\/kategori\/epinytt\/"},"img":{"alt_text":"","src":"","width":0,"height":0},"classes":[]},{"id":12655,"url":"https:\/\/resemedicin.se\/reseradet\/epinytt\/2025-01-14-kolera-angola\/","url_meta":{"origin":16745,"position":5},"title":"2025-01-14 Kolera, Angola","author":"Reser\u00e5det","date":"2025-01-14","format":"aside","excerpt":"Ett utbrott av kolera p\u00e5g\u00e5r sedan en tid i Angola. H\u00e4lsomyndigheterna har bekr\u00e4ftat 119 fall, varav 12 d\u00f6dsfall. Fallen har huvudsakligen koncentrerats till provinsen Cacuaco (befolkning n\u00e4rmare 1 miljon), n\u00e4ra Luanda. D\u00e5lig sanitet och bristande tillg\u00e5ng till rent dricksvatten har identifierats som de fr\u00e4msta orsakerna till denna epidemi. Enligt de\u2026","rel":"","context":"I \u201dEpiNytt\u201d","block_context":{"text":"EpiNytt","link":"https:\/\/resemedicin.se\/reseradet\/kategori\/epinytt\/"},"img":{"alt_text":"","src":"","width":0,"height":0},"classes":[]}],"jetpack_sharing_enabled":true,"_links":{"self":[{"href":"https:\/\/resemedicin.se\/reseradet\/wp-json\/wp\/v2\/posts\/16745","targetHints":{"allow":["GET"]}}],"collection":[{"href":"https:\/\/resemedicin.se\/reseradet\/wp-json\/wp\/v2\/posts"}],"about":[{"href":"https:\/\/resemedicin.se\/reseradet\/wp-json\/wp\/v2\/types\/post"}],"author":[{"embeddable":true,"href":"https:\/\/resemedicin.se\/reseradet\/wp-json\/wp\/v2\/users\/1"}],"replies":[{"embeddable":true,"href":"https:\/\/resemedicin.se\/reseradet\/wp-json\/wp\/v2\/comments?post=16745"}],"version-history":[{"count":5,"href":"https:\/\/resemedicin.se\/reseradet\/wp-json\/wp\/v2\/posts\/16745\/revisions"}],"predecessor-version":[{"id":16751,"href":"https:\/\/resemedicin.se\/reseradet\/wp-json\/wp\/v2\/posts\/16745\/revisions\/16751"}],"wp:attachment":[{"href":"https:\/\/resemedicin.se\/reseradet\/wp-json\/wp\/v2\/media?parent=16745"}],"wp:term":[{"taxonomy":"category","embeddable":true,"href":"https:\/\/resemedicin.se\/reseradet\/wp-json\/wp\/v2\/categories?post=16745"},{"taxonomy":"post_tag","embeddable":true,"href":"https:\/\/resemedicin.se\/reseradet\/wp-json\/wp\/v2\/tags?post=16745"}],"curies":[{"name":"wp","href":"https:\/\/api.w.org\/{rel}","templated":true}]}}