{"id":16722,"date":"2026-04-25T10:29:43","date_gmt":"2026-04-25T09:29:43","guid":{"rendered":"https:\/\/resemedicin.se\/reseradet\/?p=16722"},"modified":"2026-04-27T12:34:41","modified_gmt":"2026-04-27T11:34:41","slug":"2026-04-25-kolera-i-burundi-snabbt-stigande-antal-fall-under-2026","status":"publish","type":"post","link":"https:\/\/resemedicin.se\/reseradet\/epinytt\/2026-04-25-kolera-i-burundi-snabbt-stigande-antal-fall-under-2026\/","title":{"rendered":"2026-04-25 Kolera i Burundi \u2013 snabbt stigande antal fall under 2026"},"content":{"rendered":"\n<p><a href=\"https:\/\/resemedicin.se\/reseradet\/landsinformation\/burundi\/\">Burundi<\/a> rapporterar en fortsatt f\u00f6rs\u00e4mrad <a href=\"https:\/\/www.resemedicin.se\/reseradet\/sjukdomar-och-vacciner\/kolera\">kolerasituation<\/a> med snabbt \u00f6kande smittspridning under \u00e5rets f\u00f6rsta m\u00e5nader. Enligt uppgifter till WHO hade landet registrerat cirka 3 300 misst\u00e4nkta fall och minst 18 d\u00f6dsfall fram till mitten av april 2026. Utbrottet omfattar nu flera provinser och b\u00e5de urbana omr\u00e5den, landsbygd samt delar av landets st\u00f6rre transportstr\u00e5k ber\u00f6rs.<\/p>\n\n\n\n<p>Smittspridningen har kopplats till bristf\u00e4llig tillg\u00e5ng till rent vatten, \u00f6versv\u00e4mningar, otillr\u00e4cklig sanitet samt befolkningstr\u00e4ngsel i vissa omr\u00e5den. Regnperioder och intern migration bed\u00f6ms ha bidragit till fortsatt spridning. H\u00e4lsomyndigheterna har tillsammans med internationella akt\u00f6rer f\u00f6rst\u00e4rkt \u00f6vervakning, behandling, vatteninsatser och informationskampanjer.<\/p>\n\n\n\n<h3 class=\"wp-block-heading\"><strong>Reser\u00e5dets kommentar<\/strong><\/h3>\n\n\n\n<p>Burundi \u00e4r inget stort turistland f\u00f6r svenska resen\u00e4rer men bes\u00f6ks av bist\u00e5ndsarbetare, aff\u00e4rsresen\u00e4rer, regionala bes\u00f6kare och ett mindre antal natur- och \u00e4ventyrsresen\u00e4rer med intresse f\u00f6r exempelvis nationalparker och Tanganyikasj\u00f6n. Vid resa till Burundi \u00e4r noggrann handhygien, s\u00e4ker mat och dryck samt f\u00f6rsiktighet med okokt vatten centralt. F\u00f6r personer som ska vistas l\u00e4ngre tid, arbeta under enkla f\u00f6rh\u00e5llanden eller ha \u00f6kad exponering kan koleravaccination \u00f6verv\u00e4gas som komplement till hygien\u00e5tg\u00e4rder.<\/p>\n\n\n\n<p style=\"font-size:14px\"><em><strong>EpiNytt\u00a0<\/strong><\/em>\u00e4r Reser\u00e5dets kostnadsfria omv\u00e4rldsbevakning med aktuell information om\u00a0utbrott och nyheter p\u00e5 vaccin- och resefronten. Se\u00a0<a href=\"https:\/\/resemedicin.se\/reseradet\/epinytt\/\">hela listan med nyheter i fulltext<\/a>. Dela g\u00e4rna l\u00e4nken med intresserade kolleger, vilka ocks\u00e5 sj\u00e4lva kan\u00a0<a href=\"https:\/\/resemedicin.se\/reseradet\/prenumerera-kostnadsfritt-pa-epinytt\/\">prenumerera p\u00e5 nyhetsbrevet<\/a>\u00a0utan kostnad.<\/p>\n","protected":false},"excerpt":{"rendered":"<p>Burundi rapporterar en fortsatt f\u00f6rs\u00e4mrad kolerasituation med snabbt \u00f6kande smittspridning under \u00e5rets f\u00f6rsta m\u00e5nader. Enligt uppgifter till WHO hade landet registrerat cirka 3 300 misst\u00e4nkta fall och minst 18 d\u00f6dsfall fram till mitten av april 2026. Utbrottet omfattar nu flera provinser och b\u00e5de urbana omr\u00e5den, landsbygd samt delar av landets st\u00f6rre transportstr\u00e5k ber\u00f6rs. Smittspridningen har &hellip; <a href=\"https:\/\/resemedicin.se\/reseradet\/epinytt\/2026-04-25-kolera-i-burundi-snabbt-stigande-antal-fall-under-2026\/\" class=\"more-link\">Forts\u00e4tt l\u00e4sa<span class=\"screen-reader-text\"> \u201d2026-04-25 Kolera i Burundi \u2013 snabbt stigande antal fall under 2026\u201d<\/span><\/a><\/p>\n","protected":false},"author":1,"featured_media":0,"comment_status":"open","ping_status":"closed","sticky":false,"template":"","format":"aside","meta":{"_lmt_disableupdate":"no","_lmt_disable":"","_jetpack_memberships_contains_paid_content":false,"footnotes":""},"categories":[2],"tags":[],"class_list":["post-16722","post","type-post","status-publish","format-aside","hentry","category-epinytt","post_format-post-format-aside"],"modified_by":"Reser\u00e5det","jetpack_featured_media_url":"","jetpack-related-posts":[{"id":16601,"url":"https:\/\/resemedicin.se\/reseradet\/epinytt\/2026-04-07-fortsatt-smittspridning-av-gula-febern-i-colombia\/","url_meta":{"origin":16722,"position":0},"title":"2026-04-07 Fortsatt smittspridning av gula febern i Colombia","author":"Reser\u00e5det","date":"2026-04-07","format":"aside","excerpt":"Colombianska h\u00e4lsomyndigheter rapporterar fortsatt aktiv smittspridning av gula febern i flera delar av\u00a0Colombia. Enligt en aktuell uppdatering fr\u00e5n h\u00e4lsodepartementet ses en p\u00e5g\u00e5ende \u00f6kning av antalet bekr\u00e4ftade fall, med tyngdpunkt i endemiska omr\u00e5den d\u00e4r viruset cirkulerar i sylvatiska (djungelbundna) transmissionscykler. Flera fall har rapporterats under de senaste veckorna, och \u00e4ven d\u00f6dsfall\u2026","rel":"","context":"I \u201dEpiNytt\u201d","block_context":{"text":"EpiNytt","link":"https:\/\/resemedicin.se\/reseradet\/kategori\/epinytt\/"},"img":{"alt_text":"","src":"https:\/\/i0.wp.com\/resemedicin.se\/reseradet\/wp-content\/uploads\/2026\/04\/image-3.png?resize=350%2C200&ssl=1","width":350,"height":200,"srcset":"https:\/\/i0.wp.com\/resemedicin.se\/reseradet\/wp-content\/uploads\/2026\/04\/image-3.png?resize=350%2C200&ssl=1 1x, https:\/\/i0.wp.com\/resemedicin.se\/reseradet\/wp-content\/uploads\/2026\/04\/image-3.png?resize=525%2C300&ssl=1 1.5x, https:\/\/i0.wp.com\/resemedicin.se\/reseradet\/wp-content\/uploads\/2026\/04\/image-3.png?resize=700%2C400&ssl=1 2x, https:\/\/i0.wp.com\/resemedicin.se\/reseradet\/wp-content\/uploads\/2026\/04\/image-3.png?resize=1050%2C600&ssl=1 3x"},"classes":[]},{"id":16606,"url":"https:\/\/resemedicin.se\/reseradet\/epinytt\/2026-04-08-okad-masslingsspridning-i-bangladesh\/","url_meta":{"origin":16722,"position":1},"title":"2026-04-08 \u00d6kad m\u00e4sslingsspridning i Bangladesh","author":"Reser\u00e5det","date":"2026-04-08","format":"aside","excerpt":"Enligt den senaste epidemiologiska uppdateringen fr\u00e5n\u00a0WHO\u00a0i Sydostasien rapporteras en tydlig \u00f6kning av m\u00e4sslingsfall i\u00a0Bangladesh\u00a0under 2026. Totalt har\u00a03 482 misst\u00e4nkta fall\u00a0rapporterats fram till epidemiologisk vecka 7, varav\u00a01 216 fall laboratoriebekr\u00e4ftats. Flera d\u00f6dsfall har ocks\u00e5 noterats, \u00e4ven om exakt antal inte specificeras i rapporten. Smittspridningen drivs fr\u00e4mst av fickor med l\u00e5g vaccinationst\u00e4ckning,\u2026","rel":"","context":"I \u201dEpiNytt\u201d","block_context":{"text":"EpiNytt","link":"https:\/\/resemedicin.se\/reseradet\/kategori\/epinytt\/"},"img":{"alt_text":"","src":"","width":0,"height":0},"classes":[]},{"id":16706,"url":"https:\/\/resemedicin.se\/reseradet\/epinytt\/2026-04-19-brasilien-rapporterar-kraftigt-minskad-dengue-smitta-under-2026\/","url_meta":{"origin":16722,"position":2},"title":"2026-04-19 Brasilien rapporterar kraftigt minskad dengue-smitta under 2026","author":"Reser\u00e5det","date":"2026-04-19","format":"aside","excerpt":"Brasilien rapporterar en tydlig nedg\u00e5ng av denguefeber under 2026. Enligt h\u00e4lsomyndigheterna registrerades cirka 227 500 sannolika fall mellan januari och 11 april, vilket motsvarar en minskning med omkring 75 % j\u00e4mf\u00f6rt med samma period 2025, d\u00e5 cirka 916 400 fall rapporterades. Minskningen f\u00f6ljer en ned\u00e5tg\u00e5ende trend efter det exceptionella rekord\u00e5ret\u2026","rel":"","context":"I \u201dEpiNytt\u201d","block_context":{"text":"EpiNytt","link":"https:\/\/resemedicin.se\/reseradet\/kategori\/epinytt\/"},"img":{"alt_text":"","src":"","width":0,"height":0},"classes":[]},{"id":16627,"url":"https:\/\/resemedicin.se\/reseradet\/epinytt\/2026-04-01-okad-chikungunyaspridning-i-mauritius\/","url_meta":{"origin":16722,"position":3},"title":"2026-04-10 \u00d6kad chikungunyaspridning i Mauritius","author":"Reser\u00e5det","date":"2026-04-10","format":"aside","excerpt":"Smittspridningen av chikungunya forts\u00e4tter att \u00f6ka i\u00a0Mauritius. Enligt aktuella uppgifter har nu\u00a0735 bekr\u00e4ftade fall rapporterats under \u00e5ret. Utvecklingen visar p\u00e5 en fortsatt etablerad lokal transmission med successiv \u00f6kning j\u00e4mf\u00f6rt med tidigare rapportering. Utbrottet f\u00f6ljer den utveckling som beskrevs i v\u00e5r notis fr\u00e5n januari 2026, d\u00e4r en begynnande smittspridning noterades. Sedan\u2026","rel":"","context":"I \u201dEpiNytt\u201d","block_context":{"text":"EpiNytt","link":"https:\/\/resemedicin.se\/reseradet\/kategori\/epinytt\/"},"img":{"alt_text":"","src":"","width":0,"height":0},"classes":[]},{"id":15853,"url":"https:\/\/resemedicin.se\/reseradet\/epinytt\/2026-01-19-chikungunya-mauritius\/","url_meta":{"origin":16722,"position":4},"title":"2026-01-19 Chikungunya, Mauritius","author":"Reser\u00e5det","date":"2026-01-19","format":"aside","excerpt":"H\u00e4lsomyndigheterna p\u00e5 Mauritius rapporterar ett f\u00f6rh\u00f6jt observansl\u00e4ge efter att fem fall av chikungunyafeber bekr\u00e4ftats i slutet av december 2025. Fallen har intr\u00e4ffat i tre olika delar av \u00f6n: tv\u00e5 i Roches-Brunes, tv\u00e5 i Cit\u00e9 La Cure och ett i Plaisance, Rose Hill. Myndigheterna varnar f\u00f6r att myggpopulationen \u00e4r h\u00f6g, och\u2026","rel":"","context":"I \u201dEpiNytt\u201d","block_context":{"text":"EpiNytt","link":"https:\/\/resemedicin.se\/reseradet\/kategori\/epinytt\/"},"img":{"alt_text":"","src":"","width":0,"height":0},"classes":[]},{"id":16636,"url":"https:\/\/resemedicin.se\/reseradet\/epinytt\/2026-04-09-manadsuppdatering-av-globala-chikungunyalaget\/","url_meta":{"origin":16722,"position":5},"title":"2026-04-09 M\u00e5nadsuppdatering av globala chikungunyal\u00e4get\u00a0","author":"Reser\u00e5det","date":"2026-04-09","format":"aside","excerpt":"Enligt den senaste m\u00e5nadsuppdateringen fr\u00e5n\u00a0ECDC forts\u00e4tter chikungunya att cirkulera i flera delar av v\u00e4rlden, med p\u00e5g\u00e5ende utbrott och \u00f6kande falltal i b\u00e5de tropiska och subtropiska regioner. I\u00a0Amerika\u00a0rapporteras fortsatt omfattande smittspridning. Brasilien st\u00e5r f\u00f6r den st\u00f6rsta andelen fall med\u00a0\u00f6ver 150 000 rapporterade fall\u00a0under den aktuella s\u00e4songen. \u00c4ven Paraguay och Argentina rapporterar\u2026","rel":"","context":"I \u201dEpiNytt\u201d","block_context":{"text":"EpiNytt","link":"https:\/\/resemedicin.se\/reseradet\/kategori\/epinytt\/"},"img":{"alt_text":"","src":"https:\/\/i0.wp.com\/resemedicin.se\/reseradet\/wp-content\/uploads\/2026\/04\/image-5.png?resize=350%2C200&ssl=1","width":350,"height":200,"srcset":"https:\/\/i0.wp.com\/resemedicin.se\/reseradet\/wp-content\/uploads\/2026\/04\/image-5.png?resize=350%2C200&ssl=1 1x, https:\/\/i0.wp.com\/resemedicin.se\/reseradet\/wp-content\/uploads\/2026\/04\/image-5.png?resize=525%2C300&ssl=1 1.5x, https:\/\/i0.wp.com\/resemedicin.se\/reseradet\/wp-content\/uploads\/2026\/04\/image-5.png?resize=700%2C400&ssl=1 2x, https:\/\/i0.wp.com\/resemedicin.se\/reseradet\/wp-content\/uploads\/2026\/04\/image-5.png?resize=1050%2C600&ssl=1 3x, https:\/\/i0.wp.com\/resemedicin.se\/reseradet\/wp-content\/uploads\/2026\/04\/image-5.png?resize=1400%2C800&ssl=1 4x"},"classes":[]}],"jetpack_sharing_enabled":true,"_links":{"self":[{"href":"https:\/\/resemedicin.se\/reseradet\/wp-json\/wp\/v2\/posts\/16722","targetHints":{"allow":["GET"]}}],"collection":[{"href":"https:\/\/resemedicin.se\/reseradet\/wp-json\/wp\/v2\/posts"}],"about":[{"href":"https:\/\/resemedicin.se\/reseradet\/wp-json\/wp\/v2\/types\/post"}],"author":[{"embeddable":true,"href":"https:\/\/resemedicin.se\/reseradet\/wp-json\/wp\/v2\/users\/1"}],"replies":[{"embeddable":true,"href":"https:\/\/resemedicin.se\/reseradet\/wp-json\/wp\/v2\/comments?post=16722"}],"version-history":[{"count":1,"href":"https:\/\/resemedicin.se\/reseradet\/wp-json\/wp\/v2\/posts\/16722\/revisions"}],"predecessor-version":[{"id":16723,"href":"https:\/\/resemedicin.se\/reseradet\/wp-json\/wp\/v2\/posts\/16722\/revisions\/16723"}],"wp:attachment":[{"href":"https:\/\/resemedicin.se\/reseradet\/wp-json\/wp\/v2\/media?parent=16722"}],"wp:term":[{"taxonomy":"category","embeddable":true,"href":"https:\/\/resemedicin.se\/reseradet\/wp-json\/wp\/v2\/categories?post=16722"},{"taxonomy":"post_tag","embeddable":true,"href":"https:\/\/resemedicin.se\/reseradet\/wp-json\/wp\/v2\/tags?post=16722"}],"curies":[{"name":"wp","href":"https:\/\/api.w.org\/{rel}","templated":true}]}}