{"id":16117,"date":"2026-03-10T13:26:44","date_gmt":"2026-03-10T12:26:44","guid":{"rendered":"https:\/\/resemedicin.se\/reseradet\/?p=16117"},"modified":"2026-03-16T13:27:17","modified_gmt":"2026-03-16T12:27:17","slug":"oversiktskurs-i-vaccinationer-och-resemedicin-stockholm-12-13-maj","status":"publish","type":"post","link":"https:\/\/resemedicin.se\/reseradet\/epinytt\/oversiktskurs-i-vaccinationer-och-resemedicin-stockholm-12-13-maj\/","title":{"rendered":"\u00d6versiktskurs i vaccinationer och resemedicin, Stockholm 12-13 maj"},"content":{"rendered":"\n<p>N\u00e4sta 2-dagars \u00f6versiktskurs i vaccinationer och resemedicin kommer att h\u00e5llas p\u00e5 Nalen, centralt i Stockholm, tisdag den 12 maj kl 9:00 till onsdag den 13 maj cirka kl 16:30. M\u00e5lgruppen \u00e4r fr\u00e4mst vaccinationsverksamma l\u00e4kare och sjuksk\u00f6terskor, men ocks\u00e5 \u00f6ppen f\u00f6r andra med vaccinationsintresse.<\/p>\n\n\n\n<p>Kursen bygger p\u00e5 v\u00e5ra tv\u00e5 tidigare mycket uppskattade kurser i Stockholm (maj 2025) och G\u00f6teborg (september 2025) \u2013 anpassad efter synpunkter i kursv\u00e4rderingen.<\/p>\n\n\n\n<p><a href=\"https:\/\/resemedicin.se\/utbildning\/oversiktskurs-i-vaccinationer-och-resemedicin\/\">Mer information och anm\u00e4lan<\/a><\/p>\n\n\n\n<p style=\"font-size:12px\"><em><strong>EpiNytt&nbsp;<\/strong><\/em>\u00e4r Reser\u00e5dets kostnadsfria omv\u00e4rldsbevakning med aktuell information om&nbsp;utbrott och nyheter p\u00e5 vaccin- och resefronten. Se&nbsp;<a href=\"https:\/\/resemedicin.se\/reseradet\/epinytt\/\">hela listan med nyheter i fulltext<\/a>. Dela g\u00e4rna l\u00e4nken med intresserade kolleger, vilka ocks\u00e5 sj\u00e4lva kan&nbsp;<a href=\"https:\/\/resemedicin.se\/reseradet\/prenumerera-kostnadsfritt-pa-epinytt\/\">prenumerera p\u00e5 nyhetsbrevet<\/a>&nbsp;utan kostnad.<\/p>\n","protected":false},"excerpt":{"rendered":"<p>N\u00e4sta 2-dagars \u00f6versiktskurs i vaccinationer och resemedicin kommer att h\u00e5llas p\u00e5 Nalen, centralt i Stockholm, tisdag den 12 maj kl 9:00 till onsdag den 13 maj cirka kl 16:30. M\u00e5lgruppen \u00e4r fr\u00e4mst vaccinationsverksamma l\u00e4kare och sjuksk\u00f6terskor, men ocks\u00e5 \u00f6ppen f\u00f6r andra med vaccinationsintresse. Kursen bygger p\u00e5 v\u00e5ra tv\u00e5 tidigare mycket uppskattade kurser i Stockholm (maj &hellip; <a href=\"https:\/\/resemedicin.se\/reseradet\/epinytt\/oversiktskurs-i-vaccinationer-och-resemedicin-stockholm-12-13-maj\/\" class=\"more-link\">Forts\u00e4tt l\u00e4sa<span class=\"screen-reader-text\"> \u201d\u00d6versiktskurs i vaccinationer och resemedicin, Stockholm 12-13 maj\u201d<\/span><\/a><\/p>\n","protected":false},"author":1,"featured_media":0,"comment_status":"open","ping_status":"closed","sticky":false,"template":"","format":"aside","meta":{"_lmt_disableupdate":"no","_lmt_disable":"","_jetpack_memberships_contains_paid_content":false,"footnotes":""},"categories":[2],"tags":[],"class_list":["post-16117","post","type-post","status-publish","format-aside","hentry","category-epinytt","post_format-post-format-aside"],"modified_by":"Reser\u00e5det","jetpack_featured_media_url":"","jetpack-related-posts":[{"id":14321,"url":"https:\/\/resemedicin.se\/reseradet\/epinytt\/2025-06-16-oversiktskurs-i-vaccinationer-och-resemedicin-29-30-9\/","url_meta":{"origin":16117,"position":0},"title":"2025-06-16 \u00d6versiktskurs i vaccinationer och resemedicin 29-30 september","author":"Reser\u00e5det","date":"2025-06-16","format":"aside","excerpt":"H\u00f6stens 2-dagars \u00f6versiktskurs i vaccinationer och resemedicin utanf\u00f6r G\u00f6teborg \u00e4r nu spikad. Kursen bygger p\u00e5 v\u00e5r uppskattade kurs i Huddinge i maj, l\u00e4tt justerad efter synpunkter i kursv\u00e4rderingen. Ur kursinneh\u00e5llet: Vacciner och vaccinimmunologi, vaccinationsverksamheten i praktiken, inhemska vaccinationer f\u00f6r barn och vuxna, resevacciner, riskv\u00e4rdering och allm\u00e4nna reserisker, malaria, \u00f6vriga arboinfektioner\u2026","rel":"","context":"I \u201dEpiNytt\u201d","block_context":{"text":"EpiNytt","link":"https:\/\/resemedicin.se\/reseradet\/kategori\/epinytt\/"},"img":{"alt_text":"","src":"","width":0,"height":0},"classes":[]},{"id":14781,"url":"https:\/\/resemedicin.se\/reseradet\/epinytt\/oversiktskurs-i-vaccinationer-och-resemedicin-29-30-september-3\/","url_meta":{"origin":16117,"position":1},"title":"\u00d6versiktskurs i vaccinationer och resemedicin 29-30 september","author":"Reser\u00e5det","date":"2025-08-18","format":"aside","excerpt":"\u00c4n finns det enstaka platser kvar till h\u00f6stens 2-dagars \u00f6versiktskurs i vaccinationer och resemedicin utanf\u00f6r G\u00f6teborg. Vi f\u00f6rl\u00e4nger d\u00e4rf\u00f6r sista anm\u00e4lningsdagen till 31 augusti (i m\u00e5n av lediga hotellrum f\u00f6r dem som \u00f6nskar \u00f6vernattning). Kursen bygger p\u00e5 v\u00e5r uppskattade kurs i Huddinge i maj, l\u00e4tt justerad efter synpunkter i kursv\u00e4rderingen.\u2026","rel":"","context":"I \u201dEpiNytt\u201d","block_context":{"text":"EpiNytt","link":"https:\/\/resemedicin.se\/reseradet\/kategori\/epinytt\/"},"img":{"alt_text":"","src":"","width":0,"height":0},"classes":[]},{"id":14743,"url":"https:\/\/resemedicin.se\/reseradet\/epinytt\/dagens-medicins-resevaccindag-3-september\/","url_meta":{"origin":16117,"position":2},"title":"Dagens Medicins Resevaccindag 3 september","author":"Reser\u00e5det","date":"2025-08-11","format":"aside","excerpt":"V\u00e4lkommen till en dag med fokus p\u00e5 resemedicin V\u00e4lkommen till Dagens Medicins Resevaccindag 2025 \u2013 en konferens f\u00f6r dig som arbetar med vaccination, smittskydd och resemedicin. Under en eftermiddag f\u00e5r du en aktuell \u00f6versikt \u00f6ver vaccinationsbehov och r\u00e5d f\u00f6r resen\u00e4rer. Vi utforskar hur klimatf\u00f6r\u00e4ndringar och nya resm\u00f6nster p\u00e5verkar uppkomst och\u2026","rel":"","context":"I \u201dEpiNytt\u201d","block_context":{"text":"EpiNytt","link":"https:\/\/resemedicin.se\/reseradet\/kategori\/epinytt\/"},"img":{"alt_text":"","src":"https:\/\/i0.wp.com\/resemedicin.se\/reseradet\/wp-content\/uploads\/2025\/07\/image.png?resize=350%2C200&ssl=1","width":350,"height":200,"srcset":"https:\/\/i0.wp.com\/resemedicin.se\/reseradet\/wp-content\/uploads\/2025\/07\/image.png?resize=350%2C200&ssl=1 1x, https:\/\/i0.wp.com\/resemedicin.se\/reseradet\/wp-content\/uploads\/2025\/07\/image.png?resize=525%2C300&ssl=1 1.5x"},"classes":[]},{"id":16745,"url":"https:\/\/resemedicin.se\/reseradet\/epinytt\/reseradet-academy-erbjuder-komplett-fallbaserat-e-utbildningsprogram\/","url_meta":{"origin":16117,"position":3},"title":"Reser\u00e5det Vaccinakademi: komplett program med fallbaserade e-utbildningar","author":"Reser\u00e5det","date":"2026-04-27","format":"aside","excerpt":"Reser\u00e5det Vaccinakademis e-utbildningar \u00e4r ett helt\u00e4ckande fortbildningsprogram i vaccinationer och resemedicin f\u00f6r vaccinationsverksamma l\u00e4kare och sjuksk\u00f6terskor. Kurserna, som \u00e4r uppbyggda kring ett stort antal illustrativa fall, finns nu p\u00e5 alla niv\u00e5er fr\u00e5n korta bas\/grund-kurser (steg 1), via forts\u00e4ttningskurs (steg 2) till f\u00f6rdjupnings\/diplomkurser (steg 3). Kurskatalogen omfattar: Baskurs f\u00f6r vaccinat\u00f6rer p\u00e5\u2026","rel":"","context":"I \u201dEpiNytt\u201d","block_context":{"text":"EpiNytt","link":"https:\/\/resemedicin.se\/reseradet\/kategori\/epinytt\/"},"img":{"alt_text":"","src":"","width":0,"height":0},"classes":[]},{"id":13825,"url":"https:\/\/resemedicin.se\/reseradet\/epinytt\/2025-06-06-gratis-tbe-vaccin-till-barn\/","url_meta":{"origin":16117,"position":4},"title":"2025-06-06 Gratis TBE-vaccin till barn","author":"Reser\u00e5det","date":"2025-06-06","format":"aside","excerpt":"Regionfullm\u00e4ktige i V\u00e4stra G\u00f6talandsregionen har beslutat\u00a0 att inf\u00f6ra avgiftsfri vaccination mot TBE f\u00f6r alla 3-\u00e5riga barn som \u00e4r folkbokf\u00f6rda i regionen. Operativt beslut kommer att fattas till h\u00f6sten, d\u00e5 det ocks\u00e5 kommer att meddelas vilka vaccinat\u00f6rer som ska erbjuda vaccinationen samt n\u00e4r start kan ske. Enligt en genomg\u00e5ng nyligen gjord\u2026","rel":"","context":"I \u201dEpiNytt\u201d","block_context":{"text":"EpiNytt","link":"https:\/\/resemedicin.se\/reseradet\/kategori\/epinytt\/"},"img":{"alt_text":"","src":"","width":0,"height":0},"classes":[]},{"id":13338,"url":"https:\/\/resemedicin.se\/reseradet\/epinytt\/2025-05-13-mer-an-10-000-bekraftade-fall-av-oropouchefeber-i-brasilien\/","url_meta":{"origin":16117,"position":5},"title":"2025-05-14 Mer \u00e4n 10 000 bekr\u00e4ftade fall av Oropouchefeber i Brasilien","author":"Reser\u00e5det","date":"2025-05-14","format":"aside","excerpt":"Brasiliens h\u00e4lsoministerium rapporterar 10 076 bekr\u00e4ftade fall av oropouchefeber fr\u00e5n b\u00f6rjan av \u00e5ret till den 13 maj. Under hela 2024 rapporterade Brasilien 13 853 fall. Flest fall har rapporterats fr\u00e5n delstaten Espirito Santo (6 123 fall), f\u00f6ljt av Rio de Janeiro (1 900 fall), Minas Gerais (682 fall), Para\u00edba (640\u2026","rel":"","context":"I \u201dEpiNytt\u201d","block_context":{"text":"EpiNytt","link":"https:\/\/resemedicin.se\/reseradet\/kategori\/epinytt\/"},"img":{"alt_text":"","src":"","width":0,"height":0},"classes":[]}],"jetpack_sharing_enabled":true,"_links":{"self":[{"href":"https:\/\/resemedicin.se\/reseradet\/wp-json\/wp\/v2\/posts\/16117","targetHints":{"allow":["GET"]}}],"collection":[{"href":"https:\/\/resemedicin.se\/reseradet\/wp-json\/wp\/v2\/posts"}],"about":[{"href":"https:\/\/resemedicin.se\/reseradet\/wp-json\/wp\/v2\/types\/post"}],"author":[{"embeddable":true,"href":"https:\/\/resemedicin.se\/reseradet\/wp-json\/wp\/v2\/users\/1"}],"replies":[{"embeddable":true,"href":"https:\/\/resemedicin.se\/reseradet\/wp-json\/wp\/v2\/comments?post=16117"}],"version-history":[{"count":1,"href":"https:\/\/resemedicin.se\/reseradet\/wp-json\/wp\/v2\/posts\/16117\/revisions"}],"predecessor-version":[{"id":16118,"href":"https:\/\/resemedicin.se\/reseradet\/wp-json\/wp\/v2\/posts\/16117\/revisions\/16118"}],"wp:attachment":[{"href":"https:\/\/resemedicin.se\/reseradet\/wp-json\/wp\/v2\/media?parent=16117"}],"wp:term":[{"taxonomy":"category","embeddable":true,"href":"https:\/\/resemedicin.se\/reseradet\/wp-json\/wp\/v2\/categories?post=16117"},{"taxonomy":"post_tag","embeddable":true,"href":"https:\/\/resemedicin.se\/reseradet\/wp-json\/wp\/v2\/tags?post=16117"}],"curies":[{"name":"wp","href":"https:\/\/api.w.org\/{rel}","templated":true}]}}