{"id":15947,"date":"2026-01-28T16:50:07","date_gmt":"2026-01-28T15:50:07","guid":{"rendered":"https:\/\/resemedicin.se\/reseradet\/?p=15947"},"modified":"2026-02-08T16:51:43","modified_gmt":"2026-02-08T15:51:43","slug":"2026-01-28-ud-avradan-ghana","status":"publish","type":"post","link":"https:\/\/resemedicin.se\/reseradet\/epinytt\/2026-01-28-ud-avradan-ghana\/","title":{"rendered":"2026-01-28 UD-avr\u00e5dan Ghana"},"content":{"rendered":"\n<p>Med anledning av s\u00e4kerhetsl\u00e4get avr\u00e5der UD fr\u00e5n icke n\u00f6dv\u00e4ndiga resor till:<\/p>\n\n\n\n<ul class=\"wp-block-list\">\n<li>regionen Upper West<\/li>\n\n\n\n<li>regionen Upper East<\/li>\n\n\n\n<li>regionen North East<\/li>\n\n\n\n<li>omr\u00e5den v\u00e4ster om v\u00e4g N12 i de delar av regionen Savannah som gr\u00e4nsar mot Burkina Faso och Elfenbenskusten<\/li>\n<\/ul>\n\n\n\n<p>Beslut om avr\u00e5dan togs den 28 januari 2026. Avr\u00e5dan g\u00e4ller tills vidare.<\/p>\n","protected":false},"excerpt":{"rendered":"<p>Med anledning av s\u00e4kerhetsl\u00e4get avr\u00e5der UD fr\u00e5n icke n\u00f6dv\u00e4ndiga resor till: Beslut om avr\u00e5dan togs den 28 januari 2026. Avr\u00e5dan g\u00e4ller tills vidare.<\/p>\n","protected":false},"author":1,"featured_media":0,"comment_status":"open","ping_status":"closed","sticky":false,"template":"","format":"aside","meta":{"_lmt_disableupdate":"no","_lmt_disable":"","_jetpack_memberships_contains_paid_content":false,"footnotes":""},"categories":[2],"tags":[],"class_list":["post-15947","post","type-post","status-publish","format-aside","hentry","category-epinytt","post_format-post-format-aside"],"modified_by":"Reser\u00e5det","jetpack_featured_media_url":"","jetpack-related-posts":[{"id":15949,"url":"https:\/\/resemedicin.se\/reseradet\/epinytt\/2026-01-28-ud-avradan-armenien\/","url_meta":{"origin":15947,"position":0},"title":"2026-01-28 UD-avr\u00e5dan, Armenien","author":"Reser\u00e5det","date":"2026-01-28","format":"aside","excerpt":"Med anledning av f\u00f6r\u00e4ndringar i s\u00e4kerhetsl\u00e4get har UD beslutat att l\u00e4tta avr\u00e5dan f\u00f6r Armenien. F\u00f6ljande avr\u00e5dan g\u00e4ller: UD avr\u00e5der fr\u00e5n alla resor till omr\u00e5den som ligger n\u00e4rmare \u00e4n fem kilometer fr\u00e5n den internationella gr\u00e4nsen mellan Armenien och Azerbajdzjan.\u00a0 Beslut om \u00e4ndrad avr\u00e5dan togs den 28 januari 2026. Avr\u00e5dan g\u00e4ller tills\u2026","rel":"","context":"I \u201dEpiNytt\u201d","block_context":{"text":"EpiNytt","link":"https:\/\/resemedicin.se\/reseradet\/kategori\/epinytt\/"},"img":{"alt_text":"","src":"","width":0,"height":0},"classes":[]},{"id":15876,"url":"https:\/\/resemedicin.se\/reseradet\/epinytt\/2026-01-22-ud-avradan-colombia\/","url_meta":{"origin":15947,"position":1},"title":"2026-01-22 UD-avr\u00e5dan, Colombia","author":"Reser\u00e5det","date":"2026-01-22","format":"aside","excerpt":"UD avr\u00e5der fr\u00e5n alla resor till departementet Norte de Santander. Vidare avr\u00e5der UD tills vidare fr\u00e5n icke n\u00f6dv\u00e4ndiga resor inom 20 km fr\u00e5n gr\u00e4nsen mot Venezuela och Ecuador - med undantag f\u00f6r gr\u00e4ns\u00f6verg\u00e5ngen vid staden Ipiales vid den ecuadorianska gr\u00e4nsen, d\u00e4r panamerikanska motorv\u00e4gen passerar. Avr\u00e5dan g\u00e4ller f\u00f6ljande departement, regioner och\u2026","rel":"","context":"I \u201dEpiNytt\u201d","block_context":{"text":"EpiNytt","link":"https:\/\/resemedicin.se\/reseradet\/kategori\/epinytt\/"},"img":{"alt_text":"","src":"","width":0,"height":0},"classes":[]},{"id":16045,"url":"https:\/\/resemedicin.se\/reseradet\/epinytt\/2026-03-01-ud-avradan-mellan-ostern\/","url_meta":{"origin":15947,"position":2},"title":"2026-03-01 UD-avr\u00e5dan Mellan\u00f6stern","author":"Reser\u00e5det","date":"2026-03-01","format":"aside","excerpt":"UD har under det senaste dygnet fattat en rad beslut om reseavr\u00e5dan (Israel, Palestina, Bahrain, Kuwait, Qatar och F\u00f6renade arabemiraten).\u00a0 Resen\u00e4rer och svenskar i regionen uppmanas att f\u00f6lja h\u00e4ndelseutvecklingen noga, ta del av de svenska ambassadernas reseinformation, ladda ner appen UD Resklar, registrera sig p\u00e5 svensklistan, f\u00f6lja de lokala f\u00f6reskrifterna\u2026","rel":"","context":"I \u201dEpiNytt\u201d","block_context":{"text":"EpiNytt","link":"https:\/\/resemedicin.se\/reseradet\/kategori\/epinytt\/"},"img":{"alt_text":"","src":"","width":0,"height":0},"classes":[]},{"id":15211,"url":"https:\/\/resemedicin.se\/reseradet\/epinytt\/2025-11-17-ud-avradan-tanzania-lattnad-i-avradan\/","url_meta":{"origin":15947,"position":3},"title":"2025-11-17 UD-avr\u00e5dan Tanzania (l\u00e4ttnad i avr\u00e5dan)","author":"Reser\u00e5det","date":"2025-11-17","format":"aside","excerpt":"Med anledning av det f\u00f6rb\u00e4ttrade s\u00e4kerhetsl\u00e4get avr\u00e5der Utrikesdepartementet inte l\u00e4ngre fr\u00e5n icke n\u00f6dv\u00e4ndiga resor till hela Tanzania. Utrikesdepartementet avr\u00e5der fortfarande fr\u00e5n icke n\u00f6dv\u00e4ndiga resor till Mtwara-regionen i syd\u00f6stra Tanzania. Beslut om \u00e4ndrad avr\u00e5dan togs den 10 november 2025. Avr\u00e5dan g\u00e4ller tills vidare. EpiNytt\u00a0\u00e4r Reser\u00e5dets kostnadsfria omv\u00e4rldsbevakning med aktuell information om\u00a0utbrott\u2026","rel":"","context":"I \u201dEpiNytt\u201d","block_context":{"text":"EpiNytt","link":"https:\/\/resemedicin.se\/reseradet\/kategori\/epinytt\/"},"img":{"alt_text":"","src":"","width":0,"height":0},"classes":[]},{"id":15841,"url":"https:\/\/resemedicin.se\/reseradet\/epinytt\/2026-01-14-ud-avradan-iran\/","url_meta":{"origin":15947,"position":4},"title":"2026-01-14 UD-avr\u00e5dan Iran","author":"Reser\u00e5det","date":"2026-01-14","format":"aside","excerpt":"Med anledning av s\u00e4kerhetsl\u00e4get har UD den 12 januari 2026 beslutat att sk\u00e4rpa avr\u00e5dan f\u00f6r Iran. F\u00f6ljande avr\u00e5dan g\u00e4ller: UD avr\u00e5der fr\u00e5n alla resor till Iran och uppmanar svenskar i Iran att l\u00e4mna landet. Avr\u00e5dan g\u00e4ller tills vidare. EpiNytt\u00a0\u00e4r Reser\u00e5dets kostnadsfria omv\u00e4rldsbevakning med aktuell information om\u00a0utbrott och nyheter p\u00e5 vaccin-\u2026","rel":"","context":"I \u201dEpiNytt\u201d","block_context":{"text":"EpiNytt","link":"https:\/\/resemedicin.se\/reseradet\/kategori\/epinytt\/"},"img":{"alt_text":"","src":"","width":0,"height":0},"classes":[]},{"id":16085,"url":"https:\/\/resemedicin.se\/reseradet\/epinytt\/2026-03-09-uppdaterad-ud-avradan-mellanostern\/","url_meta":{"origin":15947,"position":5},"title":"2026-03-09 Uppdaterad UD-avr\u00e5dan Mellan\u00f6stern","author":"Reser\u00e5det","date":"2026-03-09","format":"aside","excerpt":"Med anledning av det f\u00f6rs\u00e4mrade s\u00e4kerhetsl\u00e4get avr\u00e5der Utrikesdepartementet fr\u00e5n alla resor till Libanon och uppmanar svenskar som befinner sig d\u00e4r att l\u00e4mna landet. Beslut om avr\u00e5dan togs den 9 mars 2026. Avr\u00e5dan g\u00e4ller tills vidare. Med anledning av det f\u00f6rs\u00e4mrade s\u00e4kerhetsl\u00e4get avr\u00e5der Utrikesdepartementet fr\u00e5n alla resor till Irak. Beslut om\u2026","rel":"","context":"I \u201dEpiNytt\u201d","block_context":{"text":"EpiNytt","link":"https:\/\/resemedicin.se\/reseradet\/kategori\/epinytt\/"},"img":{"alt_text":"","src":"","width":0,"height":0},"classes":[]}],"jetpack_sharing_enabled":true,"_links":{"self":[{"href":"https:\/\/resemedicin.se\/reseradet\/wp-json\/wp\/v2\/posts\/15947","targetHints":{"allow":["GET"]}}],"collection":[{"href":"https:\/\/resemedicin.se\/reseradet\/wp-json\/wp\/v2\/posts"}],"about":[{"href":"https:\/\/resemedicin.se\/reseradet\/wp-json\/wp\/v2\/types\/post"}],"author":[{"embeddable":true,"href":"https:\/\/resemedicin.se\/reseradet\/wp-json\/wp\/v2\/users\/1"}],"replies":[{"embeddable":true,"href":"https:\/\/resemedicin.se\/reseradet\/wp-json\/wp\/v2\/comments?post=15947"}],"version-history":[{"count":1,"href":"https:\/\/resemedicin.se\/reseradet\/wp-json\/wp\/v2\/posts\/15947\/revisions"}],"predecessor-version":[{"id":15948,"href":"https:\/\/resemedicin.se\/reseradet\/wp-json\/wp\/v2\/posts\/15947\/revisions\/15948"}],"wp:attachment":[{"href":"https:\/\/resemedicin.se\/reseradet\/wp-json\/wp\/v2\/media?parent=15947"}],"wp:term":[{"taxonomy":"category","embeddable":true,"href":"https:\/\/resemedicin.se\/reseradet\/wp-json\/wp\/v2\/categories?post=15947"},{"taxonomy":"post_tag","embeddable":true,"href":"https:\/\/resemedicin.se\/reseradet\/wp-json\/wp\/v2\/tags?post=15947"}],"curies":[{"name":"wp","href":"https:\/\/api.w.org\/{rel}","templated":true}]}}