{"id":15925,"date":"2026-02-02T19:39:29","date_gmt":"2026-02-02T18:39:29","guid":{"rendered":"https:\/\/resemedicin.se\/reseradet\/?p=15925"},"modified":"2026-02-02T19:39:31","modified_gmt":"2026-02-02T18:39:31","slug":"2026-02-02-rsv-profylax-nt-radets-rekommendation-om-beyfortus-kvarstar-aven-sasongen-2026-2027","status":"publish","type":"post","link":"https:\/\/resemedicin.se\/reseradet\/epinytt\/2026-02-02-rsv-profylax-nt-radets-rekommendation-om-beyfortus-kvarstar-aven-sasongen-2026-2027\/","title":{"rendered":"2026-02-02 RSV-profylax: NT-r\u00e5dets rekommendation om Beyfortus\u00ae kvarst\u00e5r \u00e4ven s\u00e4songen 2026\/2027"},"content":{"rendered":"\n<p>NT-r\u00e5dets nationella rekommendation f\u00f6r profylax mot <a href=\"https:\/\/resemedicin.se\/reseradet\/sjukdomar-och-vacciner\/rsv\/\">RSV<\/a> med den monoklonala antikroppen nirsevimab (<a href=\"https:\/\/fass.se\/health\/product\/20220131000029\/smpc\" target=\"_blank\" rel=\"noreferrer noopener\">Beyfortus\u00ae<\/a>) f\u00f6r s\u00e4songen 2025\/2026 kommer att forts\u00e4tta g\u00e4lla \u00e4ven under RSV-s\u00e4songen 2026\/2027. Avtalet med l\u00e4kemedelsf\u00f6retaget har f\u00f6rl\u00e4ngts i syfte att s\u00e4kerst\u00e4lla fortsatt tillg\u00e5ng till l\u00e4kemedlet.<\/p>\n\n\n\n<p>Rekommendationen inneb\u00e4r att Beyfortus\u00ae \u00e4ven forts\u00e4ttningsvis ska anv\u00e4ndas f\u00f6r prevention av RSV-infektion hos sp\u00e4dbarn som \u00e4r yngre \u00e4n tre m\u00e5nader under p\u00e5g\u00e5ende RSV-s\u00e4song, samt hos barn i definierade riskgrupper med f\u00f6rh\u00f6jd risk f\u00f6r allvarlig RSV-sjukdom. Immunisering av barn i riskgrupp 3 sker inom f\u00f6rlossnings- och BB-verksamhet f\u00f6r barn f\u00f6dda fr\u00e5n och med den 10 september respektive s\u00e4song.<\/p>\n\n\n\n<p>NT-r\u00e5det rekommenderar att Beyfortus anv\u00e4nds f\u00f6r prevention av RSV-infektion hos:<\/p>\n\n\n\n<ul class=\"wp-block-list\">\n<li>sp\u00e4dbarn under tre m\u00e5naders \u00e5lder under RSV-s\u00e4song,<\/li>\n\n\n\n<li>barn under 12 m\u00e5naders \u00e5lder med tillst\u00e5nd som inneb\u00e4r \u00f6kad risk f\u00f6r allvarlig RSV-infektion, samt<\/li>\n\n\n\n<li>barn upp till 24 m\u00e5naders \u00e5lder som fortfarande bed\u00f6ms ha h\u00f6g risk f\u00f6r allvarlig RSV-sjukdom under sin andra RSV-s\u00e4song, i enlighet med tidigare riktlinjer f\u00f6r palivizumab (Synagis).<\/li>\n<\/ul>\n\n\n\n<p>Ytterligare en monoklonal antikropp mot RSV v\u00e4ntas f\u00e5 f\u00f6rs\u00e4ljningstillst\u00e5nd under v\u00e5ren 2026. Mot denna bakgrund aviserar Folkh\u00e4lsomyndigheten att uppdaterade nationella rekommendationer f\u00f6r RSV-profylax kommer att publiceras under februari\u2013mars 2026. Ett samlat omtag kring omr\u00e5det planeras inf\u00f6r RSV-s\u00e4songen 2027\/2028.<\/p>\n\n\n\n<p style=\"font-size:14px\"><em><strong>EpiNytt\u00a0<\/strong><\/em>\u00e4r Reser\u00e5dets kostnadsfria omv\u00e4rldsbevakning med aktuell information om\u00a0utbrott och nyheter p\u00e5 vaccin- och resefronten. Se\u00a0<a href=\"https:\/\/resemedicin.se\/reseradet\/epinytt\/\">hela listan med nyheter i fulltext<\/a>. Dela g\u00e4rna l\u00e4nken med intresserade kolleger, vilka ocks\u00e5 sj\u00e4lva kan\u00a0<a href=\"https:\/\/resemedicin.se\/reseradet\/prenumerera-kostnadsfritt-pa-epinytt\/\">prenumerera p\u00e5 nyhetsbrevet<\/a>\u00a0utan kostnad.<\/p>\n","protected":false},"excerpt":{"rendered":"<p>NT-r\u00e5dets nationella rekommendation f\u00f6r profylax mot RSV med den monoklonala antikroppen nirsevimab (Beyfortus\u00ae) f\u00f6r s\u00e4songen 2025\/2026 kommer att forts\u00e4tta g\u00e4lla \u00e4ven under RSV-s\u00e4songen 2026\/2027. Avtalet med l\u00e4kemedelsf\u00f6retaget har f\u00f6rl\u00e4ngts i syfte att s\u00e4kerst\u00e4lla fortsatt tillg\u00e5ng till l\u00e4kemedlet. Rekommendationen inneb\u00e4r att Beyfortus\u00ae \u00e4ven forts\u00e4ttningsvis ska anv\u00e4ndas f\u00f6r prevention av RSV-infektion hos sp\u00e4dbarn som \u00e4r yngre \u00e4n &hellip; <a href=\"https:\/\/resemedicin.se\/reseradet\/epinytt\/2026-02-02-rsv-profylax-nt-radets-rekommendation-om-beyfortus-kvarstar-aven-sasongen-2026-2027\/\" class=\"more-link\">Forts\u00e4tt l\u00e4sa<span class=\"screen-reader-text\"> \u201d2026-02-02 RSV-profylax: NT-r\u00e5dets rekommendation om Beyfortus\u00ae kvarst\u00e5r \u00e4ven s\u00e4songen 2026\/2027\u201d<\/span><\/a><\/p>\n","protected":false},"author":1,"featured_media":0,"comment_status":"open","ping_status":"closed","sticky":false,"template":"","format":"aside","meta":{"_lmt_disableupdate":"","_lmt_disable":"","_jetpack_memberships_contains_paid_content":false,"footnotes":""},"categories":[2],"tags":[],"class_list":["post-15925","post","type-post","status-publish","format-aside","hentry","category-epinytt","post_format-post-format-aside"],"modified_by":"Reser\u00e5det","jetpack_featured_media_url":"","jetpack-related-posts":[{"id":13818,"url":"https:\/\/resemedicin.se\/reseradet\/epinytt\/2025-06-05-nt-radet-beyfortus-till-riskbarn-infor-rsv-sasongen-2025-26\/","url_meta":{"origin":15925,"position":0},"title":"2025-06-05 NT-r\u00e5det: Beyfortus\u00ae till riskbarn inf\u00f6r RSV-s\u00e4songen 2025\/26","author":"Reser\u00e5det","date":"2025-06-05","format":"aside","excerpt":"Regionernas samverkansmodell f\u00f6r l\u00e4kemedel, NT-r\u00e5det, har i ett yttrande till regionerna rekommendera att Beyfortus (nirsevimab) ges som profylax mot RSV-infektion till barn f\u00f6dda fr\u00e5n och med 10 september 2025. Beyfortus ges vid f\u00f6rlossning\/BB-verksamhet antingen direkt efter f\u00f6dseln innan hemg\u00e5ng, eller vid ett ordinarie \u00e5terbes\u00f6k. NT-r\u00e5dets rekommendation till regionerna inf\u00f6r s\u00e4songen\u2026","rel":"","context":"I \u201dEpiNytt\u201d","block_context":{"text":"EpiNytt","link":"https:\/\/resemedicin.se\/reseradet\/kategori\/epinytt\/"},"img":{"alt_text":"","src":"","width":0,"height":0},"classes":[]},{"id":14938,"url":"https:\/\/resemedicin.se\/reseradet\/epinytt\/2025-09-10-beyfortus-nirsevimab-till-nyfodda-i-sverige\/","url_meta":{"origin":15925,"position":1},"title":"2025-09-10 Beyfortus (nirsevimab) till nyf\u00f6dda i Sverige","author":"Reser\u00e5det","date":"2025-09-10","format":"aside","excerpt":"Fr\u00e5n och med\u00a0idag 10 september 2025\u00a0erbjuds nyf\u00f6dda i Sverige en eng\u00e5ngsdos av den l\u00e5ngverkande monoklonala antikroppen\u00a0nirsevimab (Beyfortus)\u00a0som skydd mot RSV. Administreringen sker p\u00e5 f\u00f6rlossning\/BB i anslutning till hemg\u00e5ng eller vid planerat \u00e5terbes\u00f6k, och insatsen avslutas n\u00e4r smittspridningen bed\u00f6ms ha avtagit under s\u00e4songen. Beslutet f\u00f6ljer NT-r\u00e5dets rekommendation inf\u00f6r s\u00e4songen 2025\/26 och\u2026","rel":"","context":"I \u201dEpiNytt\u201d","block_context":{"text":"EpiNytt","link":"https:\/\/resemedicin.se\/reseradet\/kategori\/epinytt\/"},"img":{"alt_text":"","src":"","width":0,"height":0},"classes":[]},{"id":14984,"url":"https:\/\/resemedicin.se\/reseradet\/epinytt\/2025-09-26-nirsevimab-77-skyddande-mot-rsv-sjukhusinlaggning-hos-spadbarn\/","url_meta":{"origin":15925,"position":2},"title":"2025-09-26 Nirsevimab 77 % skyddande mot RSV-sjukhusinl\u00e4ggning hos sp\u00e4dbarn","author":"Reser\u00e5det","date":"2025-09-26","format":"aside","excerpt":"En ny\u00a0multinationell kohortstudie\u00a0fr\u00e5n RSV-s\u00e4songen\u00a02024\u201325\u00a0visar att\u00a0nirsevimab (Beyfortus)\u00a0var\u00a077 % effektivtmot\u00a0RSV-relaterad sjukhusinl\u00e4ggning\u00a0hos sp\u00e4dbarn. Studien omfattade\u00a0409 723 sp\u00e4dbarn\u00a0i\u00a0USA, Kanada, Libanon och Saudiarabien, med data ur\u00a0Epic Cosmos\u00a0(\u22481 700 sjukhus, 40 000 mottagningar). Totalt registrerades\u00a03 385 RSV-inl\u00e4ggningar, varav\u00a0850\u00a0bland nirsevimab-exponerade och\u00a02 535\u00a0bland icke-exponerade. \u00c4ven\u00a0IVA-inl\u00e4ggningar\u00a0(324\u00a0vs\u00a0765) och\u00a0intubationer\u00a0(49\u00a0vs\u00a090) var f\u00e4rre i den behandlade gruppen. F\u00f6rfattarna konkluderar att nirsevimab fortsatt minskar\u2026","rel":"","context":"I \u201dEpiNytt\u201d","block_context":{"text":"EpiNytt","link":"https:\/\/resemedicin.se\/reseradet\/kategori\/epinytt\/"},"img":{"alt_text":"","src":"","width":0,"height":0},"classes":[]},{"id":15807,"url":"https:\/\/resemedicin.se\/reseradet\/epinytt\/2026-01-11-vinterns-luftvagsvirus-ah3n2-i-ny-tappning-och-rsv-pa-uppgang\/","url_meta":{"origin":15925,"position":3},"title":"2026-01-11 Vinterns luftv\u00e4gsvirus: A(H3N2) i ny tappning och RSV p\u00e5 uppg\u00e5ng","author":"Reser\u00e5det","date":"2026-01-12","format":"aside","excerpt":"Luftv\u00e4gsvirusaktiviteten har \u00f6kat tydligt i Europa under inledningen av 2026, med Iinfluensa\u00a0 som det dominerande viruset och med tecken till \u00f6kande RSV-cirkulation i flera l\u00e4nder. S\u00e4songen har startat tidigare \u00e4n normalt i stora delar av Europa och pr\u00e4glas av en omfattande spridning av influensa A, framf\u00f6r allt subtypen A(H3N2). Influensa\u2026","rel":"","context":"I \u201dEpiNytt\u201d","block_context":{"text":"EpiNytt","link":"https:\/\/resemedicin.se\/reseradet\/kategori\/epinytt\/"},"img":{"alt_text":"","src":"https:\/\/i0.wp.com\/resemedicin.se\/reseradet\/wp-content\/uploads\/2026\/01\/image-1.png?resize=350%2C200&ssl=1","width":350,"height":200,"srcset":"https:\/\/i0.wp.com\/resemedicin.se\/reseradet\/wp-content\/uploads\/2026\/01\/image-1.png?resize=350%2C200&ssl=1 1x, https:\/\/i0.wp.com\/resemedicin.se\/reseradet\/wp-content\/uploads\/2026\/01\/image-1.png?resize=525%2C300&ssl=1 1.5x, https:\/\/i0.wp.com\/resemedicin.se\/reseradet\/wp-content\/uploads\/2026\/01\/image-1.png?resize=700%2C400&ssl=1 2x, https:\/\/i0.wp.com\/resemedicin.se\/reseradet\/wp-content\/uploads\/2026\/01\/image-1.png?resize=1050%2C600&ssl=1 3x, https:\/\/i0.wp.com\/resemedicin.se\/reseradet\/wp-content\/uploads\/2026\/01\/image-1.png?resize=1400%2C800&ssl=1 4x"},"classes":[]},{"id":14951,"url":"https:\/\/resemedicin.se\/reseradet\/epinytt\/2025-09-14-rsv-vaccination-58-83-skydd-mot-sjukhusvard-hos-aldre\/","url_meta":{"origin":15925,"position":4},"title":"2025-09-14 RSV-vaccination: 58\u201383 % skydd mot sjukhusv\u00e5rd hos \u00e4ldre","author":"Reser\u00e5det","date":"2025-09-14","format":"aside","excerpt":"Tv\u00e5 nya real-world-studier visar att en dos RSV-vaccin ger betydande skydd mot sjukhusv\u00e5rd bland \u00e4ldre. I en dansk fas-4-studie (randomiserad \u00f6ppen pr\u00f6vning) under s\u00e4songen 2024\/25 uppskattades skyddseffekten f\u00f6r Abrysvo\u00ae hos personer >60 \u00e5r till\u00a083%\u00a0mot sjukhusinl\u00e4ggning f\u00f6r RSV-orsakad luftv\u00e4gssjukdom; \u00e4ven f\u00e4rre sjukhusinl\u00e4ggningar s\u00e5gs f\u00f6r RSV-nedre luftv\u00e4gsinfektion (VE 92 %) och f\u00f6r\u2026","rel":"","context":"I \u201dEpiNytt\u201d","block_context":{"text":"EpiNytt","link":"https:\/\/resemedicin.se\/reseradet\/kategori\/epinytt\/"},"img":{"alt_text":"","src":"","width":0,"height":0},"classes":[]},{"id":15027,"url":"https:\/\/resemedicin.se\/reseradet\/epinytt\/2025-01-05-rsv-vaccin-bekraftat-sakert-och-effektivt-enligt-ny-cochrane-oversikt\/","url_meta":{"origin":15925,"position":5},"title":"2025-10-05 RSV-vaccin \u2013 bekr\u00e4ftat s\u00e4kert och effektivt enligt ny Cochrane-\u00f6versikt","author":"Reser\u00e5det","date":"2025-10-05","format":"aside","excerpt":"En ny systematisk \u00f6versikt fr\u00e5n\u00a0Cochrane Collaboration, publicerad i september 2025, bekr\u00e4ftar att\u00a0RSV-vacciner \u00e4r b\u00e5de effektiva och s\u00e4kra\u00a0f\u00f6r vuxna och \u00e4ldre personer. Analysen omfattade\u00a0\u00f6ver 100 000 studiedeltagare\u00a0i flera randomiserade fas 3-studier. Resultaten visar att vaccination\u00a0minskar risken f\u00f6r RSV-orsakad luftv\u00e4gsinfektion med cirka 80 %\u00a0och\u00a0sv\u00e5r sjukdom med upp till 90 %\u00a0under den f\u00f6rsta\u2026","rel":"","context":"I \u201dEpiNytt\u201d","block_context":{"text":"EpiNytt","link":"https:\/\/resemedicin.se\/reseradet\/kategori\/epinytt\/"},"img":{"alt_text":"","src":"","width":0,"height":0},"classes":[]}],"jetpack_sharing_enabled":true,"_links":{"self":[{"href":"https:\/\/resemedicin.se\/reseradet\/wp-json\/wp\/v2\/posts\/15925","targetHints":{"allow":["GET"]}}],"collection":[{"href":"https:\/\/resemedicin.se\/reseradet\/wp-json\/wp\/v2\/posts"}],"about":[{"href":"https:\/\/resemedicin.se\/reseradet\/wp-json\/wp\/v2\/types\/post"}],"author":[{"embeddable":true,"href":"https:\/\/resemedicin.se\/reseradet\/wp-json\/wp\/v2\/users\/1"}],"replies":[{"embeddable":true,"href":"https:\/\/resemedicin.se\/reseradet\/wp-json\/wp\/v2\/comments?post=15925"}],"version-history":[{"count":1,"href":"https:\/\/resemedicin.se\/reseradet\/wp-json\/wp\/v2\/posts\/15925\/revisions"}],"predecessor-version":[{"id":15926,"href":"https:\/\/resemedicin.se\/reseradet\/wp-json\/wp\/v2\/posts\/15925\/revisions\/15926"}],"wp:attachment":[{"href":"https:\/\/resemedicin.se\/reseradet\/wp-json\/wp\/v2\/media?parent=15925"}],"wp:term":[{"taxonomy":"category","embeddable":true,"href":"https:\/\/resemedicin.se\/reseradet\/wp-json\/wp\/v2\/categories?post=15925"},{"taxonomy":"post_tag","embeddable":true,"href":"https:\/\/resemedicin.se\/reseradet\/wp-json\/wp\/v2\/tags?post=15925"}],"curies":[{"name":"wp","href":"https:\/\/api.w.org\/{rel}","templated":true}]}}