{"id":15923,"date":"2026-02-02T19:16:04","date_gmt":"2026-02-02T18:16:04","guid":{"rendered":"https:\/\/resemedicin.se\/reseradet\/?p=15923"},"modified":"2026-02-02T19:16:06","modified_gmt":"2026-02-02T18:16:06","slug":"2026-02-02-chikungunya-nya-lokaler-i-mellan-och-sydamerika","status":"publish","type":"post","link":"https:\/\/resemedicin.se\/reseradet\/epinytt\/2026-02-02-chikungunya-nya-lokaler-i-mellan-och-sydamerika\/","title":{"rendered":"2026-02-02 Chikungunya, nya lokaler i Mellan- och Sydamerika"},"content":{"rendered":"\n<p>Under de senaste veckorna har vi n\u00e5tts av flera rapporter om autoktona (lokalt smittade) fall av <a href=\"https:\/\/www.resemedicin.se\/reseradet\/sjukdomar-och-vacciner\/chikungunya\">chikungunyafeber<\/a> i l\u00e4nder och omr\u00e5den i Mellan- och Sydamerika d\u00e4r sjukdomen inte rapporterats sedan de stora utbrotten 2014-2015. Dessa nygamla lokaler f\u00f6r virusspridning inkluderar bl.a. <a href=\"https:\/\/resemedicin.se\/reseradet\/landsinformation\/franskaguyana\/\">Franska Guyana<\/a>, <a href=\"https:\/\/resemedicin.se\/reseradet\/landsinformation\/surinam\/\">Surinam<\/a> och <a href=\"https:\/\/resemedicin.se\/reseradet\/landsinformation\/costarica\/\">Costa Rica<\/a>.<\/p>\n\n\n\n<h3 class=\"wp-block-heading\">Reser\u00e5dets kommentar<\/h3>\n\n\n\n<p>De nu rapporterade fallen representerar sannolikt toppen av isberget av en \u00f6kande spridning av chikugunya i Mellan- och norra Sydamerika, en utveckling som \u00e5tminstone delvis eldas p\u00e5 av <a href=\"https:\/\/resemedicin.se\/reseradet\/epinytt\/2026-01-23-chikungunyaepidemi-pa-kuba-driver-importfall-och-lokal-smitta-i-florida\/\">det stora kubanska utbrottet <\/a>med mer \u00e4n 50 000 fall som vi nyligen rapporterat om h\u00e4r i EpiNytt.<\/p>\n\n\n\n<p>Epidemiologiskt f\u00f6rekommer chikungunya parallelt med denguefeber och zika med likartat kliniskt f\u00f6rlopp. Rekommendation om gott myggskydd \u00e4r relevant f\u00f6r alla resen\u00e4rer till omr\u00e5det. Vaccination endast motiverat vid k\u00e4nda st\u00f6rre utbrott.<\/p>\n","protected":false},"excerpt":{"rendered":"<p>Under de senaste veckorna har vi n\u00e5tts av flera rapporter om autoktona (lokalt smittade) fall av chikungunyafeber i l\u00e4nder och omr\u00e5den i Mellan- och Sydamerika d\u00e4r sjukdomen inte rapporterats sedan de stora utbrotten 2014-2015. Dessa nygamla lokaler f\u00f6r virusspridning inkluderar bl.a. Franska Guyana, Surinam och Costa Rica. Reser\u00e5dets kommentar De nu rapporterade fallen representerar sannolikt &hellip; <a href=\"https:\/\/resemedicin.se\/reseradet\/epinytt\/2026-02-02-chikungunya-nya-lokaler-i-mellan-och-sydamerika\/\" class=\"more-link\">Forts\u00e4tt l\u00e4sa<span class=\"screen-reader-text\"> \u201d2026-02-02 Chikungunya, nya lokaler i Mellan- och Sydamerika\u201d<\/span><\/a><\/p>\n","protected":false},"author":1,"featured_media":0,"comment_status":"open","ping_status":"closed","sticky":false,"template":"","format":"aside","meta":{"_lmt_disableupdate":"","_lmt_disable":"","_jetpack_memberships_contains_paid_content":false,"footnotes":""},"categories":[2],"tags":[],"class_list":["post-15923","post","type-post","status-publish","format-aside","hentry","category-epinytt","post_format-post-format-aside"],"modified_by":"Reser\u00e5det","jetpack_featured_media_url":"","jetpack-related-posts":[{"id":12846,"url":"https:\/\/resemedicin.se\/reseradet\/epinytt\/2025-04-02-zikavirusinfektion-i-sydamerika\/","url_meta":{"origin":15923,"position":0},"title":"2025-04-02 Zikavirusinfektion i Mellan- och Sydamerika","author":"Reser\u00e5det","date":"2025-04-02","format":"aside","excerpt":"Pan American Health Organization rapporterar fortsatt \u00f6verf\u00f6ring av Zika-virus i Syd- och Mellanamerika. Fr\u00e5n 1 januari 2025 till 22 mars 2025 har f\u00f6ljande l\u00e4nder rapporterat fall: Argentina (497 fall), Bolivia (31 fall), Brasilien (5 517 fall), Colombia (3 fall), Costa Rica (4 fall), El Salvador (12 fall), Guatemala (11 fall),\u2026","rel":"","context":"I \u201dEpiNytt\u201d","block_context":{"text":"EpiNytt","link":"https:\/\/resemedicin.se\/reseradet\/kategori\/epinytt\/"},"img":{"alt_text":"","src":"","width":0,"height":0},"classes":[]},{"id":12930,"url":"https:\/\/resemedicin.se\/reseradet\/epinytt\/2025-04-27-gula-febern-i-sydamerika\/","url_meta":{"origin":15923,"position":1},"title":"2025-04-27 Gula febern i Sydamerika","author":"Reser\u00e5det","date":"2025-04-27","format":"aside","excerpt":"T.o.m. vecka 15, 2025 har 189 bekr\u00e4ftade fall av gula febern hos m\u00e4nniskor i rapporterats fr\u00e5n fyra sydamerikanska l\u00e4nder till Pan American Health Organisation (PAHO), varav 74 haft d\u00f6dlig utg\u00e5ng. Fallen har rapporterats fr\u00e5n Bolivia (tv\u00e5 fall, varav ett d\u00f6dligt fall), Brasilien (102 fall, varav 41 d\u00f6dliga fall), Colombia (53\u2026","rel":"","context":"I \u201dEpiNytt\u201d","block_context":{"text":"EpiNytt","link":"https:\/\/resemedicin.se\/reseradet\/kategori\/epinytt\/"},"img":{"alt_text":"","src":"","width":0,"height":0},"classes":[]},{"id":15109,"url":"https:\/\/resemedicin.se\/reseradet\/epinytt\/2025-09-27-okad-spridning-av-chikungunyafeber-i-mellan-och-sydamerika\/","url_meta":{"origin":15923,"position":2},"title":"2025-09-27 \u00d6kad spridning av Chikungunyafeber i Mellan- och Sydamerika","author":"Reser\u00e5det","date":"2025-10-27","format":"aside","excerpt":"Enligt data fr\u00e5n Pan American Health Organization (PAHO) sker en fortsatt betydande cirkulation av chikungunyafeber i Mellan- och Sydamerika under 2025. T.o.m. vecka 42 2025 rapporterades mer \u00e4n\u00a0245 000 fall\u00a0och\u00a0117 d\u00f6dsfall\u00a0i 13 l\u00e4nder och territorier. V\u00e4rst drabbat \u00e4r Brasilien (232 000 fall), Bolivia (5 540 fall), Kuba (4472 fall) och\u2026","rel":"","context":"I \u201dEpiNytt\u201d","block_context":{"text":"EpiNytt","link":"https:\/\/resemedicin.se\/reseradet\/kategori\/epinytt\/"},"img":{"alt_text":"","src":"","width":0,"height":0},"classes":[]},{"id":15965,"url":"https:\/\/resemedicin.se\/reseradet\/epinytt\/2026-02-12-amerika-paho-varnar-for-okad-chikungunyaspridning\/","url_meta":{"origin":15923,"position":3},"title":"2026-02-12 Amerika: PAHO varnar f\u00f6r \u00f6kad chikungunyaspridning &#8211; aktuellt utbrott i Bolivia","author":"Reser\u00e5det","date":"2026-02-12","format":"aside","excerpt":"Pan American Health Organization (PAHO\/WHO) rapporterar i en epidemiologisk varning den 10 februari om en\u00a0ih\u00e5llande \u00f6kning av chikungunyafall fr\u00e5n slutet av 2025 (vecka 49) in i b\u00f6rjan av 2026 (t.o.m. vecka 4)\u00a0i flera l\u00e4nder och territorier i WHO:s Amerikaregion , samt\u00a0f\u00f6rnyad autokton (lokal) smitta i omr\u00e5den som inte rapporterat cirkulation\u2026","rel":"","context":"I \u201dEpiNytt\u201d","block_context":{"text":"EpiNytt","link":"https:\/\/resemedicin.se\/reseradet\/kategori\/epinytt\/"},"img":{"alt_text":"","src":"","width":0,"height":0},"classes":[]},{"id":13655,"url":"https:\/\/resemedicin.se\/reseradet\/epinytt\/2025-05-30-minskande-dengue-i-mellan-och-sydamerika\/","url_meta":{"origin":15923,"position":4},"title":"2025-05-30 Minskande dengue i Mellan- och Sydamerika","author":"Reser\u00e5det","date":"2025-05-30","format":"aside","excerpt":"Till och med slutet av vecka 18 (4 maj) har det under 2025 till Pan American Health Organization (PAHO) rapporterats totalt 2 595 000 misst\u00e4nkta fall av denguefeber (255 per 100 000 inv\u00e5nare). Av dessa har 3 267 (0,1 %) varit allvarliga denguefall och 1 083 har haft d\u00f6dlig utg\u00e5ng.\u2026","rel":"","context":"I \u201dEpiNytt\u201d","block_context":{"text":"EpiNytt","link":"https:\/\/resemedicin.se\/reseradet\/kategori\/epinytt\/"},"img":{"alt_text":"","src":"https:\/\/i0.wp.com\/resemedicin.se\/wp-content\/uploads\/2025\/05\/Dengue-PAHO-1024x485.jpg?resize=350%2C200&ssl=1","width":350,"height":200,"srcset":"https:\/\/i0.wp.com\/resemedicin.se\/wp-content\/uploads\/2025\/05\/Dengue-PAHO-1024x485.jpg?resize=350%2C200&ssl=1 1x, https:\/\/i0.wp.com\/resemedicin.se\/wp-content\/uploads\/2025\/05\/Dengue-PAHO-1024x485.jpg?resize=525%2C300&ssl=1 1.5x, https:\/\/i0.wp.com\/resemedicin.se\/wp-content\/uploads\/2025\/05\/Dengue-PAHO-1024x485.jpg?resize=700%2C400&ssl=1 2x"},"classes":[]},{"id":13050,"url":"https:\/\/resemedicin.se\/reseradet\/epinytt\/2025-05-06-gula-febern-i-sydamerika-skarpta-regler-for-inresa-till-ecuador\/","url_meta":{"origin":15923,"position":5},"title":"2025-05-06 Gula febern i Sydamerika &#8211; sk\u00e4rpta regler f\u00f6r inresa till Ecuador","author":"Reser\u00e5det","date":"2025-05-06","format":"aside","excerpt":"Ecuador har sedan tidigare kr\u00e4vt vaccinationsbevis f\u00f6r resen\u00e4rer \u22651 \u00e5r gamla som inom 6 dygn anl\u00e4nder fr\u00e5n Brasilien, Demokratiska republiken Kongo eller Uganda (inkluderarnde >12-timmars flygplatstransfer eller uppeh\u00e5ll i n\u00e5got av dessa l\u00e4nder). Landet har nu meddelat att man med anledning av \u00f6kade fall av gula febern i grannl\u00e4nderna Bolivia,\u2026","rel":"","context":"I \u201dEpiNytt\u201d","block_context":{"text":"EpiNytt","link":"https:\/\/resemedicin.se\/reseradet\/kategori\/epinytt\/"},"img":{"alt_text":"","src":"","width":0,"height":0},"classes":[]}],"jetpack_sharing_enabled":true,"_links":{"self":[{"href":"https:\/\/resemedicin.se\/reseradet\/wp-json\/wp\/v2\/posts\/15923","targetHints":{"allow":["GET"]}}],"collection":[{"href":"https:\/\/resemedicin.se\/reseradet\/wp-json\/wp\/v2\/posts"}],"about":[{"href":"https:\/\/resemedicin.se\/reseradet\/wp-json\/wp\/v2\/types\/post"}],"author":[{"embeddable":true,"href":"https:\/\/resemedicin.se\/reseradet\/wp-json\/wp\/v2\/users\/1"}],"replies":[{"embeddable":true,"href":"https:\/\/resemedicin.se\/reseradet\/wp-json\/wp\/v2\/comments?post=15923"}],"version-history":[{"count":1,"href":"https:\/\/resemedicin.se\/reseradet\/wp-json\/wp\/v2\/posts\/15923\/revisions"}],"predecessor-version":[{"id":15924,"href":"https:\/\/resemedicin.se\/reseradet\/wp-json\/wp\/v2\/posts\/15923\/revisions\/15924"}],"wp:attachment":[{"href":"https:\/\/resemedicin.se\/reseradet\/wp-json\/wp\/v2\/media?parent=15923"}],"wp:term":[{"taxonomy":"category","embeddable":true,"href":"https:\/\/resemedicin.se\/reseradet\/wp-json\/wp\/v2\/categories?post=15923"},{"taxonomy":"post_tag","embeddable":true,"href":"https:\/\/resemedicin.se\/reseradet\/wp-json\/wp\/v2\/tags?post=15923"}],"curies":[{"name":"wp","href":"https:\/\/api.w.org\/{rel}","templated":true}]}}