{"id":15876,"date":"2026-01-22T14:24:39","date_gmt":"2026-01-22T13:24:39","guid":{"rendered":"https:\/\/resemedicin.se\/reseradet\/?p=15876"},"modified":"2026-01-25T14:26:57","modified_gmt":"2026-01-25T13:26:57","slug":"2026-01-22-ud-avradan-colombia","status":"publish","type":"post","link":"https:\/\/resemedicin.se\/reseradet\/epinytt\/2026-01-22-ud-avradan-colombia\/","title":{"rendered":"2026-01-22 UD-avr\u00e5dan, Colombia"},"content":{"rendered":"\n<p>UD avr\u00e5der fr\u00e5n alla resor till departementet Norte de Santander.<\/p>\n\n\n\n<p>Vidare avr\u00e5der UD tills vidare fr\u00e5n icke n\u00f6dv\u00e4ndiga resor inom 20 km fr\u00e5n gr\u00e4nsen mot Venezuela och Ecuador &#8211; med undantag f\u00f6r gr\u00e4ns\u00f6verg\u00e5ngen vid staden Ipiales vid den ecuadorianska gr\u00e4nsen, d\u00e4r panamerikanska motorv\u00e4gen passerar.<\/p>\n\n\n\n<p>Avr\u00e5dan g\u00e4ller f\u00f6ljande departement, regioner och kommuner:<\/p>\n\n\n\n<ul class=\"wp-block-list\">\n<li>departementet Arauca &#8211; med undantag f\u00f6r departementets huvudstad Arauca,<\/li>\n\n\n\n<li>departementet Caquet\u00e1 &#8211; med undantag f\u00f6r departementets huvudstad Florencia,<\/li>\n\n\n\n<li>departementet Cauca &#8211; med undantag f\u00f6r departementets huvudstad Popay\u00e1n,<\/li>\n\n\n\n<li>departementet Choc\u00f3 &#8211; med undantag f\u00f6r departementets huvudstad Quibd\u00f3 och kustorterna Capurgan\u00e1, Bah\u00eda Solano och Nuqu\u00ed,<\/li>\n\n\n\n<li>departementet Guainia,<\/li>\n\n\n\n<li>departementet Guaviare &#8211; med undantag f\u00f6r departementets huvudstad San Jos\u00e9 del Guaviare,<\/li>\n\n\n\n<li>departementet Putumayo &#8211; med undantag f\u00f6r departementets huvudstad Mocoa samt t\u00e4torten Puerto As\u00eds och<\/li>\n\n\n\n<li>departementet Vichada.<\/li>\n\n\n\n<li>regionerna Alto Sin\u00fa och San Jorge i departementet C\u00f3rdoba,<\/li>\n\n\n\n<li>regionerna Urab\u00e1 och Bajo Cauca i departementet Antioquia,<\/li>\n\n\n\n<li>regionerna Mojana och Magdalena Medio i departementet Bol\u00edvar.<\/li>\n\n\n\n<li>kommunen Jamundi i departementet Valle del Cauca,<\/li>\n\n\n\n<li>kommunerna La Uribe, Vista Hermosa, Puerto Lleras, Puerto Rico, Puerto Concordia, Mapirip\u00e1n och La Macarena i departementet Meta &#8211; med undantag f\u00f6r turistomr\u00e5det Ca\u00f1o Cristales,<\/li>\n\n\n\n<li>kommunen Tumaco i departementet Nari\u00f1o.<\/li>\n<\/ul>\n","protected":false},"excerpt":{"rendered":"<p>UD avr\u00e5der fr\u00e5n alla resor till departementet Norte de Santander. Vidare avr\u00e5der UD tills vidare fr\u00e5n icke n\u00f6dv\u00e4ndiga resor inom 20 km fr\u00e5n gr\u00e4nsen mot Venezuela och Ecuador &#8211; med undantag f\u00f6r gr\u00e4ns\u00f6verg\u00e5ngen vid staden Ipiales vid den ecuadorianska gr\u00e4nsen, d\u00e4r panamerikanska motorv\u00e4gen passerar. Avr\u00e5dan g\u00e4ller f\u00f6ljande departement, regioner och kommuner:<\/p>\n","protected":false},"author":1,"featured_media":0,"comment_status":"open","ping_status":"closed","sticky":false,"template":"","format":"aside","meta":{"_lmt_disableupdate":"no","_lmt_disable":"","_jetpack_memberships_contains_paid_content":false,"footnotes":""},"categories":[2],"tags":[],"class_list":["post-15876","post","type-post","status-publish","format-aside","hentry","category-epinytt","post_format-post-format-aside"],"modified_by":"Reser\u00e5det","jetpack_featured_media_url":"","jetpack-related-posts":[{"id":12765,"url":"https:\/\/resemedicin.se\/reseradet\/epinytt\/2025-03-08-uppdatering-chikungunyafeber-stora-utbrott-i-reunion-och-brasilien\/","url_meta":{"origin":15876,"position":0},"title":"2025-03-08 Uppdatering chikungunyafeber &#8211; stora utbrott i R\u00e9union och Brasilien","author":"Reser\u00e5det","date":"2025-03-08","format":"aside","excerpt":"ECDC rapporterar att fr\u00e5n \u00e5rets b\u00f6rjan t.o.m. 25 februari, har \u00f6ver 30 000 fall av chikungunyafeber rapporterats fr\u00e5n 14 l\u00e4nder\/territorier. Flest fall under \u00e5ret har rapporterats fr\u00e5n Brasilien (31 484 fall, varav 14 d\u00f6dsfall), Argentina (512 fall), Bolivia (33 fall) och Paraguay (23 fall). Fr\u00e5n Asien har Pakistan rapporterat 201\u2026","rel":"","context":"I \u201dEpiNytt\u201d","block_context":{"text":"EpiNytt","link":"https:\/\/resemedicin.se\/reseradet\/kategori\/epinytt\/"},"img":{"alt_text":"","src":"","width":0,"height":0},"classes":[]},{"id":14337,"url":"https:\/\/resemedicin.se\/reseradet\/epinytt\/2026-06-18-lokalt-overford-chikungunyafeber-i-frankrike\/","url_meta":{"origin":15876,"position":1},"title":"2026-06-18 Lokalt \u00f6verf\u00f6rd chikungunyafeber i Frankrike","author":"Reser\u00e5det","date":"2025-06-18","format":"aside","excerpt":"H\u00e4lsov\u00e5rdsmyndigheten i regionen Occitanie i sydv\u00e4stra Frankrike har den 16 juni bekr\u00e4ftat ett lokalt \u00f6verf\u00f6rt fall av chikungunyafeber i departementet H\u00e9rault (med Montpellier som huvudort). Fallet tros ha samband med utbrotten i Indiska Oceanen, d\u00e5 minst 59 reserelaterade chikungunyafall konsttaerats i Occitanie sedan b\u00f6rjan av maj har. En knapp vecka\u2026","rel":"","context":"I \u201dEpiNytt\u201d","block_context":{"text":"EpiNytt","link":"https:\/\/resemedicin.se\/reseradet\/kategori\/epinytt\/"},"img":{"alt_text":"","src":"","width":0,"height":0},"classes":[]},{"id":14657,"url":"https:\/\/resemedicin.se\/reseradet\/epinytt\/2025-07-26-ud-avradan-rorande-kambodja-och-thailand\/","url_meta":{"origin":15876,"position":2},"title":"2025-07-26 UD-avr\u00e5dan r\u00f6rande Kambodja och Thailand","author":"Reser\u00e5det","date":"2025-07-26","format":"aside","excerpt":"Kambodja: Med anledning av det f\u00f6rs\u00e4mrade s\u00e4kerhetsl\u00e4get i gr\u00e4nsomr\u00e5det mellan Kambodja och Thailand har Utrikesdepartementet den 25 juli 2025 beslutat om avr\u00e5dan f\u00f6r Kambodja. F\u00f6ljande avr\u00e5dan g\u00e4ller: Med anledning av s\u00e4kerhetsl\u00e4get avr\u00e5der Utrikesdepartementet fr\u00e5n alla resor inom ett avst\u00e5nd av 20 kilometer fr\u00e5n gr\u00e4nsen till Thailand. Vidare avr\u00e5der Utrikesdepartementet fr\u00e5n\u2026","rel":"","context":"I \u201dEpiNytt\u201d","block_context":{"text":"EpiNytt","link":"https:\/\/resemedicin.se\/reseradet\/kategori\/epinytt\/"},"img":{"alt_text":"","src":"","width":0,"height":0},"classes":[]},{"id":13160,"url":"https:\/\/resemedicin.se\/reseradet\/epinytt\/2025-05-08-ema-vaccinera-inte-aldre-over-65-ar-med-ixchiq\/","url_meta":{"origin":15876,"position":3},"title":"2025-05-08 EMA: Vaccinera inte \u00e4ldre \u00f6ver 65 \u00e5r med Ixchiq\u00ae","author":"Reser\u00e5det","date":"2025-05-08","format":"aside","excerpt":"OBS! Rekommendationerna nedan g\u00e4ller inte l\u00e4ngre se uppf\u00f6ljande notis i EpiNytt: 2025-07-13 EMA:s granskning av Ixchiq\u00ae klar. Vaccinet kan \u00e5ter ges till \u00e4ldre >65 \u00e5r. Som EpiNytt tidigare rapporterat har s\u00e4kerhetskommitt\u00e9 vid Europeiska L\u00e4kemedelsmyndigheten (EMA) inlett en granskning av chikungunyavaccinet Ixchiq\u00ae efter rapporter om allvarliga biverkningar hos \u00e4ldre personer. M\u00e5nga\u2026","rel":"","context":"I \u201dEpiNytt\u201d","block_context":{"text":"EpiNytt","link":"https:\/\/resemedicin.se\/reseradet\/kategori\/epinytt\/"},"img":{"alt_text":"","src":"","width":0,"height":0},"classes":[]},{"id":15756,"url":"https:\/\/resemedicin.se\/reseradet\/epinytt\/2025-12-12-ud-avradan-thailand-och-kambodja\/","url_meta":{"origin":15876,"position":4},"title":"2025-12-12 UD-avr\u00e5dan Thailand och Kambodja","author":"Reser\u00e5det","date":"2025-12-12","format":"aside","excerpt":"Thailand Med anledning av s\u00e4kerhetsl\u00e4get avr\u00e5der Utrikesdepartementet fr\u00e5n alla resor inom ett avst\u00e5nd av 50 kilometer fr\u00e5n gr\u00e4nsen till Kambodja, inklusive \u00f6arna i provinsen Trat, exempelvis Koh Chang, Koh Kood och Koh Mak. Vidare avr\u00e5der Utrikesdepartementet fr\u00e5n icke n\u00f6dv\u00e4ndiga resor till \u00f6vriga delar av alla provinser l\u00e4ngs med gr\u00e4nsen till\u2026","rel":"","context":"I \u201dEpiNytt\u201d","block_context":{"text":"EpiNytt","link":"https:\/\/resemedicin.se\/reseradet\/kategori\/epinytt\/"},"img":{"alt_text":"","src":"","width":0,"height":0},"classes":[]},{"id":15949,"url":"https:\/\/resemedicin.se\/reseradet\/epinytt\/2026-01-28-ud-avradan-armenien\/","url_meta":{"origin":15876,"position":5},"title":"2026-01-28 UD-avr\u00e5dan, Armenien","author":"Reser\u00e5det","date":"2026-01-28","format":"aside","excerpt":"Med anledning av f\u00f6r\u00e4ndringar i s\u00e4kerhetsl\u00e4get har UD beslutat att l\u00e4tta avr\u00e5dan f\u00f6r Armenien. F\u00f6ljande avr\u00e5dan g\u00e4ller: UD avr\u00e5der fr\u00e5n alla resor till omr\u00e5den som ligger n\u00e4rmare \u00e4n fem kilometer fr\u00e5n den internationella gr\u00e4nsen mellan Armenien och Azerbajdzjan.\u00a0 Beslut om \u00e4ndrad avr\u00e5dan togs den 28 januari 2026. Avr\u00e5dan g\u00e4ller tills\u2026","rel":"","context":"I \u201dEpiNytt\u201d","block_context":{"text":"EpiNytt","link":"https:\/\/resemedicin.se\/reseradet\/kategori\/epinytt\/"},"img":{"alt_text":"","src":"","width":0,"height":0},"classes":[]}],"jetpack_sharing_enabled":true,"_links":{"self":[{"href":"https:\/\/resemedicin.se\/reseradet\/wp-json\/wp\/v2\/posts\/15876","targetHints":{"allow":["GET"]}}],"collection":[{"href":"https:\/\/resemedicin.se\/reseradet\/wp-json\/wp\/v2\/posts"}],"about":[{"href":"https:\/\/resemedicin.se\/reseradet\/wp-json\/wp\/v2\/types\/post"}],"author":[{"embeddable":true,"href":"https:\/\/resemedicin.se\/reseradet\/wp-json\/wp\/v2\/users\/1"}],"replies":[{"embeddable":true,"href":"https:\/\/resemedicin.se\/reseradet\/wp-json\/wp\/v2\/comments?post=15876"}],"version-history":[{"count":2,"href":"https:\/\/resemedicin.se\/reseradet\/wp-json\/wp\/v2\/posts\/15876\/revisions"}],"predecessor-version":[{"id":15879,"href":"https:\/\/resemedicin.se\/reseradet\/wp-json\/wp\/v2\/posts\/15876\/revisions\/15879"}],"wp:attachment":[{"href":"https:\/\/resemedicin.se\/reseradet\/wp-json\/wp\/v2\/media?parent=15876"}],"wp:term":[{"taxonomy":"category","embeddable":true,"href":"https:\/\/resemedicin.se\/reseradet\/wp-json\/wp\/v2\/categories?post=15876"},{"taxonomy":"post_tag","embeddable":true,"href":"https:\/\/resemedicin.se\/reseradet\/wp-json\/wp\/v2\/tags?post=15876"}],"curies":[{"name":"wp","href":"https:\/\/api.w.org\/{rel}","templated":true}]}}