{"id":15860,"date":"2026-01-22T16:59:44","date_gmt":"2026-01-22T15:59:44","guid":{"rendered":"https:\/\/resemedicin.se\/reseradet\/?p=15860"},"modified":"2026-01-25T16:59:30","modified_gmt":"2026-01-25T15:59:30","slug":"2026-01-22-gula-febern-i-colombia","status":"publish","type":"post","link":"https:\/\/resemedicin.se\/reseradet\/epinytt\/2026-01-22-gula-febern-i-colombia\/","title":{"rendered":"2026-01-22 Gula febern i Colombia"},"content":{"rendered":"\n<p>Colombias h\u00e4lsoministerium rapporterar en fortsatt \u00f6kad f\u00f6rekomst av gula febern i landet. Enligt ministeriets l\u00e4gesrapport med brytdatum&nbsp;21 januari 2026&nbsp;har Colombia under perioden&nbsp;2024\u20132026&nbsp;registrerat&nbsp;157 bekr\u00e4ftade fall&nbsp;av gula febern, varav&nbsp;70 d\u00f6dsfall.&nbsp;Utbrottet har i h\u00f6g grad varit koncentrerat till&nbsp;Tolima (137 fall), men enstaka fall har rapporterats fr\u00e5n flera departement i olika delar av landet; Putomayo (8 fall), Meta (3 fall), samt Caldas, Huila, Gauca, Vaup\u00e9s, Nari\u00f1o, Guaviare och Caqu\u00e9ta (vardera 1 fall). <\/p>\n\n\n\n<p>Utvecklingen i Colombia har ocks\u00e5 satts in i ett regionalt sammanhang d\u00e4r&nbsp;PAHO&nbsp;och&nbsp;WHO&nbsp;under 2025 lyft en ovanlig \u00f6kning av gula febern i Amerika, inklusive spridning i omr\u00e5den utanf\u00f6r delar av Amazonasregionen.&nbsp;<\/p>\n\n\n\n<figure class=\"wp-block-image size-large\"><img data-recalc-dims=\"1\" loading=\"lazy\" decoding=\"async\" width=\"840\" height=\"840\" src=\"https:\/\/i0.wp.com\/resemedicin.se\/reseradet\/wp-content\/uploads\/2026\/01\/image-4.png?resize=840%2C840&#038;ssl=1\" alt=\"\" class=\"wp-image-15861\" srcset=\"https:\/\/i0.wp.com\/resemedicin.se\/reseradet\/wp-content\/uploads\/2026\/01\/image-4.png?resize=1024%2C1024&amp;ssl=1 1024w, https:\/\/i0.wp.com\/resemedicin.se\/reseradet\/wp-content\/uploads\/2026\/01\/image-4.png?resize=300%2C300&amp;ssl=1 300w, https:\/\/i0.wp.com\/resemedicin.se\/reseradet\/wp-content\/uploads\/2026\/01\/image-4.png?resize=150%2C150&amp;ssl=1 150w, https:\/\/i0.wp.com\/resemedicin.se\/reseradet\/wp-content\/uploads\/2026\/01\/image-4.png?resize=768%2C768&amp;ssl=1 768w, https:\/\/i0.wp.com\/resemedicin.se\/reseradet\/wp-content\/uploads\/2026\/01\/image-4.png?w=1200&amp;ssl=1 1200w\" sizes=\"auto, (max-width: 709px) 85vw, (max-width: 909px) 67vw, (max-width: 1362px) 62vw, 840px\" \/><\/figure>\n\n\n\n<h3 class=\"wp-block-heading\"><strong>Reser\u00e5dets kommentar:<\/strong><\/h3>\n\n\n\n<p>Den aktuella situationen f\u00f6r gula febern i Colombia inneb\u00e4r en tydlig avvikelse fr\u00e5n landets historiska epidemiologiska m\u00f6nster och \u00f6verstiger Colombias historiska baslinje f\u00f6r gula febern med god marginal. Under perioden 2000\u20132023 rapporterades totalt drygt 200 fall nationellt, varav n\u00e4ra h\u00e4lften intr\u00e4ffade under ett enskilt \u00e5r (2003). Efter 2005 har antalet fall i regel legat p\u00e5 f\u00e4rre \u00e4n tio fall per \u00e5r. Att 157 fall rapporterats p\u00e5 tv\u00e5 \u00e5r inneb\u00e4r att sjukdomsb\u00f6rdan under perioden \u00f6verstiger den sammanlagda rapporteringen under de f\u00f6reg\u00e5ende tv\u00e5 decennierna.<\/p>\n\n\n\n<p>All vistelse i Colombia med undantag f\u00f6r bergsomr\u00e5den >2 300 m.\u00f6.h. medf\u00f6r risk f\u00f6r gula febern. Ett gott myggskydd och vaccination av alla resen\u00e4rer fr\u00e5n 9 m\u00e5naders \u00e5lder utan medicinsk kontraindikation \u00e4r motiverad. Denna rekommendation inkluderar \u00e4ven personer \u00e4ldre \u00e4n 60 \u00e5r.<\/p>\n\n\n\n<p style=\"font-size:14px\"><em><strong>EpiNytt&nbsp;<\/strong><\/em>\u00e4r Reser\u00e5dets kostnadsfria omv\u00e4rldsbevakning med aktuell information om&nbsp;utbrott och nyheter p\u00e5 vaccin- och resefronten. Se&nbsp;<a href=\"https:\/\/resemedicin.se\/reseradet\/epinytt\/\">hela listan med nyheter i fulltext<\/a>. Dela g\u00e4rna l\u00e4nken med intresserade kolleger, vilka ocks\u00e5 sj\u00e4lva kan&nbsp;<a href=\"https:\/\/resemedicin.se\/reseradet\/prenumerera-kostnadsfritt-pa-epinytt\/\">prenumerera p\u00e5 nyhetsbrevet<\/a>&nbsp;utan kostnad.<\/p>\n","protected":false},"excerpt":{"rendered":"<p>Colombias h\u00e4lsoministerium rapporterar en fortsatt \u00f6kad f\u00f6rekomst av gula febern i landet. Enligt ministeriets l\u00e4gesrapport med brytdatum&nbsp;21 januari 2026&nbsp;har Colombia under perioden&nbsp;2024\u20132026&nbsp;registrerat&nbsp;157 bekr\u00e4ftade fall&nbsp;av gula febern, varav&nbsp;70 d\u00f6dsfall.&nbsp;Utbrottet har i h\u00f6g grad varit koncentrerat till&nbsp;Tolima (137 fall), men enstaka fall har rapporterats fr\u00e5n flera departement i olika delar av landet; Putomayo (8 fall), Meta (3 &hellip; <a href=\"https:\/\/resemedicin.se\/reseradet\/epinytt\/2026-01-22-gula-febern-i-colombia\/\" class=\"more-link\">Forts\u00e4tt l\u00e4sa<span class=\"screen-reader-text\"> \u201d2026-01-22 Gula febern i Colombia\u201d<\/span><\/a><\/p>\n","protected":false},"author":1,"featured_media":0,"comment_status":"open","ping_status":"closed","sticky":false,"template":"","format":"aside","meta":{"_lmt_disableupdate":"no","_lmt_disable":"","_jetpack_memberships_contains_paid_content":false,"footnotes":""},"categories":[2],"tags":[],"class_list":["post-15860","post","type-post","status-publish","format-aside","hentry","category-epinytt","post_format-post-format-aside"],"modified_by":"Reser\u00e5det","jetpack_featured_media_url":"","jetpack-related-posts":[{"id":16601,"url":"https:\/\/resemedicin.se\/reseradet\/epinytt\/2026-04-07-fortsatt-smittspridning-av-gula-febern-i-colombia\/","url_meta":{"origin":15860,"position":0},"title":"2026-04-07 Fortsatt smittspridning av gula febern i Colombia","author":"Reser\u00e5det","date":"2026-04-07","format":"aside","excerpt":"Colombianska h\u00e4lsomyndigheter rapporterar fortsatt aktiv smittspridning av gula febern i flera delar av\u00a0Colombia. Enligt en aktuell uppdatering fr\u00e5n h\u00e4lsodepartementet ses en p\u00e5g\u00e5ende \u00f6kning av antalet bekr\u00e4ftade fall, med tyngdpunkt i endemiska omr\u00e5den d\u00e4r viruset cirkulerar i sylvatiska (djungelbundna) transmissionscykler. Flera fall har rapporterats under de senaste veckorna, och \u00e4ven d\u00f6dsfall\u2026","rel":"","context":"I \u201dEpiNytt\u201d","block_context":{"text":"EpiNytt","link":"https:\/\/resemedicin.se\/reseradet\/kategori\/epinytt\/"},"img":{"alt_text":"","src":"https:\/\/i0.wp.com\/resemedicin.se\/reseradet\/wp-content\/uploads\/2026\/04\/image-3.png?resize=350%2C200&ssl=1","width":350,"height":200,"srcset":"https:\/\/i0.wp.com\/resemedicin.se\/reseradet\/wp-content\/uploads\/2026\/04\/image-3.png?resize=350%2C200&ssl=1 1x, https:\/\/i0.wp.com\/resemedicin.se\/reseradet\/wp-content\/uploads\/2026\/04\/image-3.png?resize=525%2C300&ssl=1 1.5x, https:\/\/i0.wp.com\/resemedicin.se\/reseradet\/wp-content\/uploads\/2026\/04\/image-3.png?resize=700%2C400&ssl=1 2x, https:\/\/i0.wp.com\/resemedicin.se\/reseradet\/wp-content\/uploads\/2026\/04\/image-3.png?resize=1050%2C600&ssl=1 3x"},"classes":[]},{"id":14427,"url":"https:\/\/resemedicin.se\/reseradet\/epinytt\/2025-06-27-gula-febern-i-ecuador-del-av-storre-epidemi-i-grannlanderna\/","url_meta":{"origin":15860,"position":1},"title":"2025-06-27 Gula febern i Ecuador &#8211; del av st\u00f6rre epidemi i grannl\u00e4nderna","author":"Reser\u00e5det","date":"2025-06-30","format":"aside","excerpt":"Folkh\u00e4lsoministeriet i Ecuador har under \u00e5ret rapporterat 10 laboratoriebekr\u00e4ftade fall av gula febern varav \u00e5tta med d\u00f6dlig utg\u00e5ng. Fallen har rapporterats fr\u00e5n fem provinser spridda \u00f6ver landet; tre fall i Sucumb\u00edos, tre fall i Loja, tv\u00e5 fall i Zamora Chinchipe, samt ett fall vardera i Mor\u00f3na Santiago och Tungurahua. \u00d6kningen\u2026","rel":"","context":"I \u201dEpiNytt\u201d","block_context":{"text":"EpiNytt","link":"https:\/\/resemedicin.se\/reseradet\/kategori\/epinytt\/"},"img":{"alt_text":"","src":"https:\/\/i0.wp.com\/resemedicin.se\/reseradet\/wp-content\/uploads\/2025\/06\/Gula-febern-Ecuador.jpg?resize=350%2C200&ssl=1","width":350,"height":200,"srcset":"https:\/\/i0.wp.com\/resemedicin.se\/reseradet\/wp-content\/uploads\/2025\/06\/Gula-febern-Ecuador.jpg?resize=350%2C200&ssl=1 1x, https:\/\/i0.wp.com\/resemedicin.se\/reseradet\/wp-content\/uploads\/2025\/06\/Gula-febern-Ecuador.jpg?resize=525%2C300&ssl=1 1.5x"},"classes":[]},{"id":14988,"url":"https:\/\/resemedicin.se\/reseradet\/epinytt\/2025-09-26-gula-febern-i-colombia\/","url_meta":{"origin":15860,"position":2},"title":"2025-09-26 Gula febern i Colombia","author":"Reser\u00e5det","date":"2025-09-26","format":"aside","excerpt":"Colombias h\u00e4lsomyndighet rapporterar per 23 september 2025 totalt 134 bekr\u00e4ftade fall av gula febern och 58 d\u00f6dsfall under \u00e5ret, varav Tolima st\u00e5r f\u00f6r 114 fall och 43 d\u00f6dsfall, medan enstaka fall noterats i ytterligare departement. Amerikanska CDC har tidigare under m\u00e5naden utf\u00e4rdat en Travel Health Notice niv\u00e5 2 f\u00f6r Colombia\u2026","rel":"","context":"I \u201dEpiNytt\u201d","block_context":{"text":"EpiNytt","link":"https:\/\/resemedicin.se\/reseradet\/kategori\/epinytt\/"},"img":{"alt_text":"","src":"","width":0,"height":0},"classes":[]},{"id":13050,"url":"https:\/\/resemedicin.se\/reseradet\/epinytt\/2025-05-06-gula-febern-i-sydamerika-skarpta-regler-for-inresa-till-ecuador\/","url_meta":{"origin":15860,"position":3},"title":"2025-05-06 Gula febern i Sydamerika &#8211; sk\u00e4rpta regler f\u00f6r inresa till Ecuador","author":"Reser\u00e5det","date":"2025-05-06","format":"aside","excerpt":"Ecuador har sedan tidigare kr\u00e4vt vaccinationsbevis f\u00f6r resen\u00e4rer \u22651 \u00e5r gamla som inom 6 dygn anl\u00e4nder fr\u00e5n Brasilien, Demokratiska republiken Kongo eller Uganda (inkluderarnde >12-timmars flygplatstransfer eller uppeh\u00e5ll i n\u00e5got av dessa l\u00e4nder). Landet har nu meddelat att man med anledning av \u00f6kade fall av gula febern i grannl\u00e4nderna Bolivia,\u2026","rel":"","context":"I \u201dEpiNytt\u201d","block_context":{"text":"EpiNytt","link":"https:\/\/resemedicin.se\/reseradet\/kategori\/epinytt\/"},"img":{"alt_text":"","src":"","width":0,"height":0},"classes":[]},{"id":12930,"url":"https:\/\/resemedicin.se\/reseradet\/epinytt\/2025-04-27-gula-febern-i-sydamerika\/","url_meta":{"origin":15860,"position":4},"title":"2025-04-27 Gula febern i Sydamerika","author":"Reser\u00e5det","date":"2025-04-27","format":"aside","excerpt":"T.o.m. vecka 15, 2025 har 189 bekr\u00e4ftade fall av gula febern hos m\u00e4nniskor i rapporterats fr\u00e5n fyra sydamerikanska l\u00e4nder till Pan American Health Organisation (PAHO), varav 74 haft d\u00f6dlig utg\u00e5ng. Fallen har rapporterats fr\u00e5n Bolivia (tv\u00e5 fall, varav ett d\u00f6dligt fall), Brasilien (102 fall, varav 41 d\u00f6dliga fall), Colombia (53\u2026","rel":"","context":"I \u201dEpiNytt\u201d","block_context":{"text":"EpiNytt","link":"https:\/\/resemedicin.se\/reseradet\/kategori\/epinytt\/"},"img":{"alt_text":"","src":"","width":0,"height":0},"classes":[]},{"id":14520,"url":"https:\/\/resemedicin.se\/reseradet\/epinytt\/2025-07-10-utokade-riskomraden-for-gula-febern-i-sydamerika\/","url_meta":{"origin":15860,"position":5},"title":"2025-07-10 Ut\u00f6kade riskomr\u00e5den f\u00f6r gula febern i Sydamerika","author":"Reser\u00e5det","date":"2025-07-10","format":"aside","excerpt":"Efter den betydande \u00f6kningen av fall av gula febern under 2025 har flera nationella expertkommitt\u00e9er f\u00f6r resemedicin anpassat riskomr\u00e5dena d\u00e4r vaccination mot gula febern rekommenderas och amerikanska CDC har uppdaterat sin gula febern-karta \u00f6ver Sydamerika (den som Reser\u00e5det h\u00e4nvisar till). De reviderade rekommendationerna inkluderar nu \u00e4ven f\u00f6ljande nyligen utpekade riskomr\u00e5den:\u2026","rel":"","context":"I \u201dEpiNytt\u201d","block_context":{"text":"EpiNytt","link":"https:\/\/resemedicin.se\/reseradet\/kategori\/epinytt\/"},"img":{"alt_text":"","src":"https:\/\/i0.wp.com\/resemedicin.se\/reseradet\/wp-content\/uploads\/2025\/07\/Gula-febern-sydamerika-cdc-scaled.jpg?resize=350%2C200&ssl=1","width":350,"height":200,"srcset":"https:\/\/i0.wp.com\/resemedicin.se\/reseradet\/wp-content\/uploads\/2025\/07\/Gula-febern-sydamerika-cdc-scaled.jpg?resize=350%2C200&ssl=1 1x, https:\/\/i0.wp.com\/resemedicin.se\/reseradet\/wp-content\/uploads\/2025\/07\/Gula-febern-sydamerika-cdc-scaled.jpg?resize=525%2C300&ssl=1 1.5x, https:\/\/i0.wp.com\/resemedicin.se\/reseradet\/wp-content\/uploads\/2025\/07\/Gula-febern-sydamerika-cdc-scaled.jpg?resize=700%2C400&ssl=1 2x, https:\/\/i0.wp.com\/resemedicin.se\/reseradet\/wp-content\/uploads\/2025\/07\/Gula-febern-sydamerika-cdc-scaled.jpg?resize=1050%2C600&ssl=1 3x, https:\/\/i0.wp.com\/resemedicin.se\/reseradet\/wp-content\/uploads\/2025\/07\/Gula-febern-sydamerika-cdc-scaled.jpg?resize=1400%2C800&ssl=1 4x"},"classes":[]}],"jetpack_sharing_enabled":true,"_links":{"self":[{"href":"https:\/\/resemedicin.se\/reseradet\/wp-json\/wp\/v2\/posts\/15860","targetHints":{"allow":["GET"]}}],"collection":[{"href":"https:\/\/resemedicin.se\/reseradet\/wp-json\/wp\/v2\/posts"}],"about":[{"href":"https:\/\/resemedicin.se\/reseradet\/wp-json\/wp\/v2\/types\/post"}],"author":[{"embeddable":true,"href":"https:\/\/resemedicin.se\/reseradet\/wp-json\/wp\/v2\/users\/1"}],"replies":[{"embeddable":true,"href":"https:\/\/resemedicin.se\/reseradet\/wp-json\/wp\/v2\/comments?post=15860"}],"version-history":[{"count":3,"href":"https:\/\/resemedicin.se\/reseradet\/wp-json\/wp\/v2\/posts\/15860\/revisions"}],"predecessor-version":[{"id":15868,"href":"https:\/\/resemedicin.se\/reseradet\/wp-json\/wp\/v2\/posts\/15860\/revisions\/15868"}],"wp:attachment":[{"href":"https:\/\/resemedicin.se\/reseradet\/wp-json\/wp\/v2\/media?parent=15860"}],"wp:term":[{"taxonomy":"category","embeddable":true,"href":"https:\/\/resemedicin.se\/reseradet\/wp-json\/wp\/v2\/categories?post=15860"},{"taxonomy":"post_tag","embeddable":true,"href":"https:\/\/resemedicin.se\/reseradet\/wp-json\/wp\/v2\/tags?post=15860"}],"curies":[{"name":"wp","href":"https:\/\/api.w.org\/{rel}","templated":true}]}}