{"id":15227,"date":"2025-11-24T13:24:49","date_gmt":"2025-11-24T12:24:49","guid":{"rendered":"https:\/\/resemedicin.se\/reseradet\/?p=15227"},"modified":"2025-11-24T16:56:50","modified_gmt":"2025-11-24T15:56:50","slug":"2025-11-24-influensa-ah3n2-ny-variant-sprids-snabbt-infor-vintersasongen","status":"publish","type":"post","link":"https:\/\/resemedicin.se\/reseradet\/epinytt\/2025-11-24-influensa-ah3n2-ny-variant-sprids-snabbt-infor-vintersasongen\/","title":{"rendered":"2025-11-24 Influensa A(H3N2) \u2013 Ny variant sprids snabbt inf\u00f6r vinters\u00e4songen"},"content":{"rendered":"\n<p>Internationellt ses nu en snabb \u00f6kning av en ny genetisk variant av <a href=\"https:\/\/www.resemedicin.se\/reseradet\/sjukdomar-och-vacciner\/Influensa\/\">influensa A (H3N2)<\/a>, ben\u00e4mnd undergrupp K. Varianten har p\u00e5 kort tid blivit vanlig i flera delar av v\u00e4rlden och utg\u00f6r en v\u00e4xande andel av de A(H3N2)-virus som rapporteras till internationella databaser, och utg\u00f6r nu cirka h\u00e4lften av de europeiska isolaten.. Molekyl\u00e4ra analyser visar att den skiljer sig tydligt fr\u00e5n den H3N2-stam som ing\u00e5r i s\u00e4songens influensavaccin, och laboratoriestudier tyder p\u00e5 en antigenisk mismatch. <a href=\"https:\/\/www.ecdc.europa.eu\/sites\/default\/files\/documents\/Threat%20Assessment%20Brief%20-%20Assessing%20the%20risk%20of%20increasing%20circulation%20of%20A%28H3N2%29%20subclade%20K.pdf\" target=\"_blank\" rel=\"noreferrer noopener\">ECDC bed\u00f6mer<\/a> att detta sannolikt \u00f6kar risken f\u00f6r fler influensafall under s\u00e4songen, eftersom viruset har utvecklat mutationer som g\u00f6r det immunologiskt mer avvikande.<\/p>\n\n\n\n<p>L\u00e4nder i \u00f6stra Asien, som nu rapporterar avklingande A(H3N2)-epidemier, har inte sett n\u00e5gon ovanligt h\u00f6g sjukdomsallvarlighet. Fylogenetiska analyser visar att de A(H3N2) undergrupp K-virus som cirkulerat d\u00e4r motsvarar dem som nu identifierats i EU\/EES. Detta talar f\u00f6r att viruset inte \u00e4r mer aggressivt, men dess antigeniska avvikelse fr\u00e5n vaccinstammen inneb\u00e4r en \u00f6kad risk f\u00f6r fler fall n\u00e4r s\u00e4songen intensifieras. Dessutom har A(H3N2) inte dominerat de senaste s\u00e4songerna, vilket inneb\u00e4r att immuniteten i befolkningen kan vara l\u00e4gre efter flera \u00e5rs begr\u00e4nsad exponering. Serologiska data som kan bekr\u00e4fta detta saknas \u00e4nnu, men fr\u00e5nvaron av nyliga A(H3N2)-epidemier g\u00f6r att viruset kan m\u00f6ta en mer mottaglig befolkning.<\/p>\n\n\n\n<p>I Europa har influensas\u00e4songen 2025\u20132026 startat tidigare \u00e4n vanligt och drivs av A(H3N2). Undergrupp K st\u00e5r redan f\u00f6r en betydande andel av de analyserade proverna. \u00c4ven i Sverige har undergrupp K nu p\u00e5visats bland influensafallen. S\u00e4songen har \u00e4nnu inte tagit fart, men fynden bekr\u00e4ftar att varianten cirkulerar i landet. Det finns i nul\u00e4get inga indikationer p\u00e5 att viruset orsakar sv\u00e5rare sjukdom \u00e4n andra H3N2-varianter, men den f\u00f6rv\u00e4ntade \u00f6kningen av fall \u2013 i kombination med att influensas\u00e4songen kan bli mer omfattande \u2013 inneb\u00e4r att vaccination fortsatt \u00e4r ett viktigt f\u00f6rebyggande verktyg.<\/p>\n\n\n\n<h5 class=\"wp-block-heading\"><strong>Reser\u00e5dets kommentar<\/strong><\/h5>\n\n\n\n<p>En influensas\u00e4song dominerad av A(H3N2) undergrupp K inneb\u00e4r en m\u00e5ttlig risk f\u00f6r befolkningen i stort, men en tydligt f\u00f6rh\u00f6jd risk f\u00f6r grupper med \u00f6kad s\u00e5rbarhet. Det g\u00e4ller framf\u00f6r allt personer \u00f6ver 65 \u00e5r, individer med kroniska hj\u00e4rt-, lung-, metabola och neuromuskul\u00e4ra sjukdomar, gravida, personer med nedsatt immunf\u00f6rsvar samt personer som bor i slutna milj\u00f6er s\u00e5som s\u00e4rskilda boenden.<\/p>\n\n\n\n<p>\u00c4ven om risken f\u00f6r sv\u00e5r sjukdom p\u00e5 individniv\u00e5 inte f\u00f6refaller h\u00f6gre \u00e4n tidigare s\u00e4songer, kan en st\u00f6rre epidemi \u2013 driven av l\u00e4gre immunitet i befolkningen och en variant som delvis avviker antigeniskt fr\u00e5n vaccinstammen \u2013 medf\u00f6ra ett st\u00f6rre absolut antal sjukhusinl\u00e4ggningar och d\u00e4rmed en betydande belastning p\u00e5 h\u00e4lso- och sjukv\u00e5rden. Mot denna bakgrund \u00e4r det angel\u00e4get att \u00e5rets influensavaccination n\u00e5r de grupper som l\u00f6per st\u00f6rst risk f\u00f6r allvarlig sjukdom. Trots en viss mismatch mot undergrupp K ger vaccinet fortsatt ett viktigt skydd mot allvarliga komplikationer.<\/p>\n\n\n\n<p>Se \u00e4ven artikel i Eurosurveillance: <a href=\"https:\/\/www.eurosurveillance.org\/content\/10.2807\/1560-7917.ES.2025.30.46.2500854\" target=\"_blank\" rel=\"noreferrer noopener\">Early influenza virus characterisation and vaccine effectiveness in England in autumn 2025, a period dominated by influenza A(H3N2) subclade K.<\/a><\/p>\n\n\n\n<p style=\"font-size:12px\"><em><strong>EpiNytt&nbsp;<\/strong><\/em>\u00e4r Reser\u00e5dets kostnadsfria omv\u00e4rldsbevakning med aktuell information om&nbsp;utbrott och nyheter p\u00e5 vaccin- och resefronten. Se&nbsp;<a href=\"https:\/\/resemedicin.se\/reseradet\/epinytt\/\">hela listan med nyheter i fulltext<\/a>. Dela g\u00e4rna l\u00e4nken med intresserade kolleger, vilka ocks\u00e5 sj\u00e4lva kan&nbsp;<a href=\"https:\/\/resemedicin.se\/reseradet\/prenumerera-kostnadsfritt-pa-epinytt\/\">prenumerera p\u00e5 nyhetsbrevet<\/a>&nbsp;utan kostnad.<\/p>\n","protected":false},"excerpt":{"rendered":"<p>Internationellt ses nu en snabb \u00f6kning av en ny genetisk variant av influensa A (H3N2), ben\u00e4mnd undergrupp K. Varianten har p\u00e5 kort tid blivit vanlig i flera delar av v\u00e4rlden och utg\u00f6r en v\u00e4xande andel av de A(H3N2)-virus som rapporteras till internationella databaser, och utg\u00f6r nu cirka h\u00e4lften av de europeiska isolaten.. Molekyl\u00e4ra analyser visar &hellip; <a href=\"https:\/\/resemedicin.se\/reseradet\/epinytt\/2025-11-24-influensa-ah3n2-ny-variant-sprids-snabbt-infor-vintersasongen\/\" class=\"more-link\">Forts\u00e4tt l\u00e4sa<span class=\"screen-reader-text\"> \u201d2025-11-24 Influensa A(H3N2) \u2013 Ny variant sprids snabbt inf\u00f6r vinters\u00e4songen\u201d<\/span><\/a><\/p>\n","protected":false},"author":1,"featured_media":0,"comment_status":"open","ping_status":"closed","sticky":false,"template":"","format":"aside","meta":{"_lmt_disableupdate":"no","_lmt_disable":"","_jetpack_memberships_contains_paid_content":false,"footnotes":""},"categories":[2],"tags":[],"class_list":["post-15227","post","type-post","status-publish","format-aside","hentry","category-epinytt","post_format-post-format-aside"],"modified_by":"Reser\u00e5det","jetpack_featured_media_url":"","jetpack-related-posts":[{"id":15807,"url":"https:\/\/resemedicin.se\/reseradet\/epinytt\/2026-01-11-vinterns-luftvagsvirus-ah3n2-i-ny-tappning-och-rsv-pa-uppgang\/","url_meta":{"origin":15227,"position":0},"title":"2026-01-11 Vinterns luftv\u00e4gsvirus: A(H3N2) i ny tappning och RSV p\u00e5 uppg\u00e5ng","author":"Reser\u00e5det","date":"2026-01-12","format":"aside","excerpt":"Luftv\u00e4gsvirusaktiviteten har \u00f6kat tydligt i Europa under inledningen av 2026, med Iinfluensa\u00a0 som det dominerande viruset och med tecken till \u00f6kande RSV-cirkulation i flera l\u00e4nder. S\u00e4songen har startat tidigare \u00e4n normalt i stora delar av Europa och pr\u00e4glas av en omfattande spridning av influensa A, framf\u00f6r allt subtypen A(H3N2). Influensa\u2026","rel":"","context":"I \u201dEpiNytt\u201d","block_context":{"text":"EpiNytt","link":"https:\/\/resemedicin.se\/reseradet\/kategori\/epinytt\/"},"img":{"alt_text":"","src":"https:\/\/i0.wp.com\/resemedicin.se\/reseradet\/wp-content\/uploads\/2026\/01\/image-1.png?resize=350%2C200&ssl=1","width":350,"height":200,"srcset":"https:\/\/i0.wp.com\/resemedicin.se\/reseradet\/wp-content\/uploads\/2026\/01\/image-1.png?resize=350%2C200&ssl=1 1x, https:\/\/i0.wp.com\/resemedicin.se\/reseradet\/wp-content\/uploads\/2026\/01\/image-1.png?resize=525%2C300&ssl=1 1.5x, https:\/\/i0.wp.com\/resemedicin.se\/reseradet\/wp-content\/uploads\/2026\/01\/image-1.png?resize=700%2C400&ssl=1 2x, https:\/\/i0.wp.com\/resemedicin.se\/reseradet\/wp-content\/uploads\/2026\/01\/image-1.png?resize=1050%2C600&ssl=1 3x, https:\/\/i0.wp.com\/resemedicin.se\/reseradet\/wp-content\/uploads\/2026\/01\/image-1.png?resize=1400%2C800&ssl=1 4x"},"classes":[]},{"id":16202,"url":"https:\/\/resemedicin.se\/reseradet\/epinytt\/2026-03-18-who-ny-influensa-sammansattning-for-sasongen-2026-2027\/","url_meta":{"origin":15227,"position":1},"title":"2026-03-18 WHO: Ny influensa-sammans\u00e4ttning f\u00f6r s\u00e4songen 2026\u20132027","author":"Reser\u00e5det","date":"2026-03-18","format":"aside","excerpt":"WHO har nyligen publicerat sin rekommendation r\u00f6rande sammans\u00e4ttning av influensavaccinet f\u00f6r norra halvklotets s\u00e4song 2026\u20132027. F\u00f6r \u00e4ggbaserade vacciner rekommenderas: A\/Missouri\/11\/2025 (H1N1)pdm09-liknande virus, A\/Darwin\/1454\/2025 (H3N2)-liknande virus och B\/Tokyo\/EIS13-175\/2025-liknande virus av B\/Victoria-linjen. F\u00f6r cellodlade, rekombinanta och nukleinsyrabaserade vacciner rekommenderas samma H1N1-komponent men en annan H3N2-komponent, A\/Darwin\/1415\/2025-liknande virus, samt en annan B\/Victoria-komponent, B\/Pennsylvania\/14\/2025-liknande\u2026","rel":"","context":"I \u201dEpiNytt\u201d","block_context":{"text":"EpiNytt","link":"https:\/\/resemedicin.se\/reseradet\/kategori\/epinytt\/"},"img":{"alt_text":"","src":"","width":0,"height":0},"classes":[]},{"id":16033,"url":"https:\/\/resemedicin.se\/reseradet\/epinytt\/2026-02-19-influensavaccinets-effekt-under-dominans-av-driftad-ah3n2-subklad-k\/","url_meta":{"origin":15227,"position":2},"title":"2026-02-19 Influensavaccinets effekt under dominans av driftad A(H3N2) subklad K","author":"Reser\u00e5det","date":"2026-02-19","format":"aside","excerpt":"En artikel i Eurosurveillance med titeln\u00a0\u201cInfluenza vaccine effectiveness from nine studies during drifted A(H3N2) subclade K predominance, Europe, September 2025 to January 2026\u201d\u00a0sammanfattar tidiga europeiska data om influensavaccinets skyddseffekt under den p\u00e5g\u00e5ende s\u00e4songen. Under perioden september 2025\u2013januari 2026 dominerade en antigeniskt driftad influensa A(H3N2)-subklad (subklad K) i Europa. Trots detta\u2026","rel":"","context":"I \u201dEpiNytt\u201d","block_context":{"text":"EpiNytt","link":"https:\/\/resemedicin.se\/reseradet\/kategori\/epinytt\/"},"img":{"alt_text":"","src":"","width":0,"height":0},"classes":[]},{"id":9922,"url":"https:\/\/resemedicin.se\/reseradet\/nyheter\/2024-10-17-vaccinationssasongen-mot-influensa-och-covid-19-har-borjat\/","url_meta":{"origin":15227,"position":3},"title":"2024-10-17 Vaccinationss\u00e4songen mot influensa och covid-19 har b\u00f6rjat","author":"Reser\u00e5det","date":"2024-10-17","format":"aside","excerpt":"H\u00e4ndelse Den 15 oktober startade den nationella vaccinationsinsatsen mot influensa\u00a0 och covid-19. Insatsen riktar sig till personer >65 \u00e5r och personer i vissa medicinska riskgrupper oavsett \u00e5lder. En del regioner och kommuner kan redan dessf\u00f6rinnan ha p\u00e5b\u00f6rjat vaccinationerna p\u00e5 s\u00e4rskilda boenden S\u00c4BO. Liksom inf\u00f6r tidigare s\u00e4songer \u00e4r de b\u00e5da vaccinerna\u2026","rel":"","context":"I \u201dNyheter\u201d","block_context":{"text":"Nyheter","link":"https:\/\/resemedicin.se\/reseradet\/kategori\/nyheter\/"},"img":{"alt_text":"","src":"","width":0,"height":0},"classes":[]},{"id":15233,"url":"https:\/\/resemedicin.se\/reseradet\/epinytt\/2025-11-22-fas-iii-studie-mrna-influensavaccin-visar-hogre-effekt-men-fler-reaktioner\/","url_meta":{"origin":15227,"position":4},"title":"2025-11-22 Fas III-studie: mRNA-influensavaccin visar h\u00f6gre effekt men fler reaktioner \u00e4n traditionellt vaccin","author":"Reser\u00e5det","date":"2025-11-22","format":"aside","excerpt":"En fas III-studie, publicerad i\u00a0The New England Journal of Medicine, utv\u00e4rderade ett nukleosidmodifierat mRNA-influensavaccin (modRNA) j\u00e4mf\u00f6rt med ett traditionellt inaktiverat kvadrivalent influensavaccin under\u00a0influensas\u00e4songen 2022\u20132023. Totalt\u00a018 476 friska vuxna i \u00e5ldrarna 18\u201364 \u00e5r\u00a0deltog. Studien visade att modRNA-vaccinet gav en\u00a034 % h\u00f6gre relativ skyddseffekt\u00a0(95 % KI 7\u201354) mot laboratoriebekr\u00e4ftad influensa j\u00e4mf\u00f6rt med\u2026","rel":"","context":"I \u201dEpiNytt\u201d","block_context":{"text":"EpiNytt","link":"https:\/\/resemedicin.se\/reseradet\/kategori\/epinytt\/"},"img":{"alt_text":"","src":"","width":0,"height":0},"classes":[]},{"id":13570,"url":"https:\/\/resemedicin.se\/reseradet\/epinytt\/2025-05-25-arets-influensa-rsv-sasong-ar-over-i-europa-men-covid-19-mojligen-pa-vag-upp\/","url_meta":{"origin":15227,"position":5},"title":"2025-05-25 \u00c5rets influensa\/RSV-s\u00e4song \u00e4r \u00f6ver i Europa, men covid-19 m\u00f6jligen p\u00e5 v\u00e4g upp","author":"Reser\u00e5det","date":"2025-05-25","format":"aside","excerpt":"Data som rapporterades till ECDC vecka 20, 2025, tyder p\u00e5 att andelen patienter i EU\/EES-l\u00e4nderna som s\u00f6ker v\u00e5rd f\u00f6r luftv\u00e4gsinfektioner i prim\u00e4rv\u00e5rden eller v\u00e5rdas f\u00f6r sv\u00e5r luftv\u00e4gsinfektion (SARI) p\u00e5 sjukhus nu \u00e5terg\u00e5tt till en baslinjeniv\u00e5. Det uppt\u00e4cks ocks\u00e5 f\u00e5 fall av influensa i diagnostiska prover (<10% i samtliga l\u00e4nder). \u00c4ven\u2026","rel":"","context":"I \u201dEpiNytt\u201d","block_context":{"text":"EpiNytt","link":"https:\/\/resemedicin.se\/reseradet\/kategori\/epinytt\/"},"img":{"alt_text":"","src":"https:\/\/i0.wp.com\/resemedicin.se\/reseradet\/wp-content\/uploads\/2025\/05\/image-12.png?resize=350%2C200&ssl=1","width":350,"height":200,"srcset":"https:\/\/i0.wp.com\/resemedicin.se\/reseradet\/wp-content\/uploads\/2025\/05\/image-12.png?resize=350%2C200&ssl=1 1x, https:\/\/i0.wp.com\/resemedicin.se\/reseradet\/wp-content\/uploads\/2025\/05\/image-12.png?resize=525%2C300&ssl=1 1.5x, https:\/\/i0.wp.com\/resemedicin.se\/reseradet\/wp-content\/uploads\/2025\/05\/image-12.png?resize=700%2C400&ssl=1 2x, https:\/\/i0.wp.com\/resemedicin.se\/reseradet\/wp-content\/uploads\/2025\/05\/image-12.png?resize=1050%2C600&ssl=1 3x, https:\/\/i0.wp.com\/resemedicin.se\/reseradet\/wp-content\/uploads\/2025\/05\/image-12.png?resize=1400%2C800&ssl=1 4x"},"classes":[]}],"jetpack_sharing_enabled":true,"_links":{"self":[{"href":"https:\/\/resemedicin.se\/reseradet\/wp-json\/wp\/v2\/posts\/15227","targetHints":{"allow":["GET"]}}],"collection":[{"href":"https:\/\/resemedicin.se\/reseradet\/wp-json\/wp\/v2\/posts"}],"about":[{"href":"https:\/\/resemedicin.se\/reseradet\/wp-json\/wp\/v2\/types\/post"}],"author":[{"embeddable":true,"href":"https:\/\/resemedicin.se\/reseradet\/wp-json\/wp\/v2\/users\/1"}],"replies":[{"embeddable":true,"href":"https:\/\/resemedicin.se\/reseradet\/wp-json\/wp\/v2\/comments?post=15227"}],"version-history":[{"count":5,"href":"https:\/\/resemedicin.se\/reseradet\/wp-json\/wp\/v2\/posts\/15227\/revisions"}],"predecessor-version":[{"id":15256,"href":"https:\/\/resemedicin.se\/reseradet\/wp-json\/wp\/v2\/posts\/15227\/revisions\/15256"}],"wp:attachment":[{"href":"https:\/\/resemedicin.se\/reseradet\/wp-json\/wp\/v2\/media?parent=15227"}],"wp:term":[{"taxonomy":"category","embeddable":true,"href":"https:\/\/resemedicin.se\/reseradet\/wp-json\/wp\/v2\/categories?post=15227"},{"taxonomy":"post_tag","embeddable":true,"href":"https:\/\/resemedicin.se\/reseradet\/wp-json\/wp\/v2\/tags?post=15227"}],"curies":[{"name":"wp","href":"https:\/\/api.w.org\/{rel}","templated":true}]}}