{"id":15209,"date":"2025-11-17T11:31:35","date_gmt":"2025-11-17T10:31:35","guid":{"rendered":"https:\/\/resemedicin.se\/reseradet\/?p=15209"},"modified":"2025-11-17T11:31:37","modified_gmt":"2025-11-17T10:31:37","slug":"2025-11-17-ud-avradan-israel","status":"publish","type":"post","link":"https:\/\/resemedicin.se\/reseradet\/epinytt\/2025-11-17-ud-avradan-israel\/","title":{"rendered":"2025-11-17 UD-avr\u00e5dan Israel"},"content":{"rendered":"\n<p>Med anledning av f\u00f6r\u00e4ndringar i s\u00e4kerhetsl\u00e4get avr\u00e5der Utrikesdepartementet fr\u00e5n resor till <a href=\"https:\/\/resemedicin.se\/reseradet\/landsinformation\/israel\/\">Israel<\/a> enligt f\u00f6ljande:<\/p>\n\n\n\n<ul class=\"wp-block-list\">\n<li>Utrikesdepartementet avr\u00e5der fr\u00e5n icke n\u00f6dv\u00e4ndiga resor till gr\u00e4nsomr\u00e5dena mot Gaza och Libanon inom ett avst\u00e5nd av tio kilometer fr\u00e5n respektive gr\u00e4ns.&nbsp;<\/li>\n\n\n\n<li>Vidare avr\u00e5der Utrikesdepartementet fr\u00e5n icke n\u00f6dv\u00e4ndiga resor till Golanh\u00f6jderna.&nbsp;<\/li>\n<\/ul>\n\n\n\n<p>Beslut om \u00e4ndrad avr\u00e5dan togs den 10 november 2025. Avr\u00e5dan g\u00e4ller tills vidare.<\/p>\n\n\n\n<p style=\"font-size:12px\"><em><strong>EpiNytt\u00a0<\/strong><\/em>\u00e4r Reser\u00e5dets kostnadsfria omv\u00e4rldsbevakning med aktuell information om\u00a0utbrott och nyheter p\u00e5 vaccin- och resefronten. Se\u00a0<a href=\"https:\/\/resemedicin.se\/reseradet\/epinytt\/\">hela listan med nyheter i fulltext<\/a>. Dela g\u00e4rna l\u00e4nken med intresserade kolleger, vilka ocks\u00e5 sj\u00e4lva kan\u00a0<a href=\"https:\/\/resemedicin.se\/reseradet\/prenumerera-kostnadsfritt-pa-epinytt\/\">prenumerera p\u00e5 nyhetsbrevet<\/a>\u00a0utan kostnad.<\/p>\n","protected":false},"excerpt":{"rendered":"<p>Med anledning av f\u00f6r\u00e4ndringar i s\u00e4kerhetsl\u00e4get avr\u00e5der Utrikesdepartementet fr\u00e5n resor till Israel enligt f\u00f6ljande: Beslut om \u00e4ndrad avr\u00e5dan togs den 10 november 2025. Avr\u00e5dan g\u00e4ller tills vidare. EpiNytt\u00a0\u00e4r Reser\u00e5dets kostnadsfria omv\u00e4rldsbevakning med aktuell information om\u00a0utbrott och nyheter p\u00e5 vaccin- och resefronten. Se\u00a0hela listan med nyheter i fulltext. Dela g\u00e4rna l\u00e4nken med intresserade kolleger, vilka ocks\u00e5 &hellip; <a href=\"https:\/\/resemedicin.se\/reseradet\/epinytt\/2025-11-17-ud-avradan-israel\/\" class=\"more-link\">Forts\u00e4tt l\u00e4sa<span class=\"screen-reader-text\"> \u201d2025-11-17 UD-avr\u00e5dan Israel\u201d<\/span><\/a><\/p>\n","protected":false},"author":1,"featured_media":0,"comment_status":"open","ping_status":"closed","sticky":false,"template":"","format":"aside","meta":{"_lmt_disableupdate":"","_lmt_disable":"","_jetpack_memberships_contains_paid_content":false,"footnotes":""},"categories":[2],"tags":[],"class_list":["post-15209","post","type-post","status-publish","format-aside","hentry","category-epinytt","post_format-post-format-aside"],"modified_by":"Reser\u00e5det","jetpack_featured_media_url":"","jetpack-related-posts":[{"id":15756,"url":"https:\/\/resemedicin.se\/reseradet\/epinytt\/2025-12-12-ud-avradan-thailand-och-kambodja\/","url_meta":{"origin":15209,"position":0},"title":"2025-12-12 UD-avr\u00e5dan Thailand och Kambodja","author":"Reser\u00e5det","date":"2025-12-12","format":"aside","excerpt":"Thailand Med anledning av s\u00e4kerhetsl\u00e4get avr\u00e5der Utrikesdepartementet fr\u00e5n alla resor inom ett avst\u00e5nd av 50 kilometer fr\u00e5n gr\u00e4nsen till Kambodja, inklusive \u00f6arna i provinsen Trat, exempelvis Koh Chang, Koh Kood och Koh Mak. Vidare avr\u00e5der Utrikesdepartementet fr\u00e5n icke n\u00f6dv\u00e4ndiga resor till \u00f6vriga delar av alla provinser l\u00e4ngs med gr\u00e4nsen till\u2026","rel":"","context":"I \u201dEpiNytt\u201d","block_context":{"text":"EpiNytt","link":"https:\/\/resemedicin.se\/reseradet\/kategori\/epinytt\/"},"img":{"alt_text":"","src":"","width":0,"height":0},"classes":[]},{"id":14657,"url":"https:\/\/resemedicin.se\/reseradet\/epinytt\/2025-07-26-ud-avradan-rorande-kambodja-och-thailand\/","url_meta":{"origin":15209,"position":1},"title":"2025-07-26 UD-avr\u00e5dan r\u00f6rande Kambodja och Thailand","author":"Reser\u00e5det","date":"2025-07-26","format":"aside","excerpt":"Kambodja: Med anledning av det f\u00f6rs\u00e4mrade s\u00e4kerhetsl\u00e4get i gr\u00e4nsomr\u00e5det mellan Kambodja och Thailand har Utrikesdepartementet den 25 juli 2025 beslutat om avr\u00e5dan f\u00f6r Kambodja. F\u00f6ljande avr\u00e5dan g\u00e4ller: Med anledning av s\u00e4kerhetsl\u00e4get avr\u00e5der Utrikesdepartementet fr\u00e5n alla resor inom ett avst\u00e5nd av 20 kilometer fr\u00e5n gr\u00e4nsen till Thailand. Vidare avr\u00e5der Utrikesdepartementet fr\u00e5n\u2026","rel":"","context":"I \u201dEpiNytt\u201d","block_context":{"text":"EpiNytt","link":"https:\/\/resemedicin.se\/reseradet\/kategori\/epinytt\/"},"img":{"alt_text":"","src":"","width":0,"height":0},"classes":[]},{"id":14341,"url":"https:\/\/resemedicin.se\/reseradet\/epinytt\/2025-06-18-ud-avradan-rorande-israel-och-palestina\/","url_meta":{"origin":15209,"position":2},"title":"2025-06-18 UD-avr\u00e5dan r\u00f6rande Israel och Palestina","author":"Reser\u00e5det","date":"2025-06-18","format":"aside","excerpt":"Med anledning av det f\u00f6rs\u00e4mrade s\u00e4kerhetsl\u00e4get har Utrikesdepartementet den 14 juni 2025 beslutat om att sk\u00e4rpa avr\u00e5dan f\u00f6r Israel och Palestina. F\u00f6ljande avr\u00e5dan g\u00e4ller.\u00a0 Utrikesdepartementet avr\u00e5der fr\u00e5n alla resor till Israel och Palestina.\u00a0Avr\u00e5dan g\u00e4ller tills vidare. EpiNytt\u00a0\u00e4r Reser\u00e5dets kostnadsfria omv\u00e4rldsbevakning med aktuell information om\u00a0utbrott och nyheter p\u00e5 vaccin- och resefronten.\u2026","rel":"","context":"I \u201dEpiNytt\u201d","block_context":{"text":"EpiNytt","link":"https:\/\/resemedicin.se\/reseradet\/kategori\/epinytt\/"},"img":{"alt_text":"","src":"","width":0,"height":0},"classes":[]},{"id":14583,"url":"https:\/\/resemedicin.se\/reseradet\/epinytt\/2025-07-20-ud-avradan-rorande-nigeria\/","url_meta":{"origin":15209,"position":3},"title":"2025-07-20 UD-avr\u00e5dan r\u00f6rande Nigeria","author":"Reser\u00e5det","date":"2025-07-20","format":"aside","excerpt":"Utrikesdepartementet har beslutat att sk\u00e4rpa avr\u00e5dan f\u00f6r Nigeria. \u00c4ndringen inneb\u00e4r att delstaten Benue nu ocks\u00e5 omfattas av avr\u00e5dan fr\u00e5n icke n\u00f6dv\u00e4ndiga resor. Beslutet fattades den 7 juli 2025 med anledning av ett f\u00f6rs\u00e4mrat s\u00e4kerhetsl\u00e4ge. F\u00f6ljande avr\u00e5dan g\u00e4ller: Med anledning av s\u00e4kerhetsl\u00e4get avr\u00e5der Utrikesdepartementet fr\u00e5n alla resor till delstaterna Adamawa, Borno,\u2026","rel":"","context":"I \u201dEpiNytt\u201d","block_context":{"text":"EpiNytt","link":"https:\/\/resemedicin.se\/reseradet\/kategori\/epinytt\/"},"img":{"alt_text":"","src":"","width":0,"height":0},"classes":[]},{"id":16085,"url":"https:\/\/resemedicin.se\/reseradet\/epinytt\/2026-03-09-uppdaterad-ud-avradan-mellanostern\/","url_meta":{"origin":15209,"position":4},"title":"2026-03-09 Uppdaterad UD-avr\u00e5dan Mellan\u00f6stern","author":"Reser\u00e5det","date":"2026-03-09","format":"aside","excerpt":"Med anledning av det f\u00f6rs\u00e4mrade s\u00e4kerhetsl\u00e4get avr\u00e5der Utrikesdepartementet fr\u00e5n alla resor till Libanon och uppmanar svenskar som befinner sig d\u00e4r att l\u00e4mna landet. Beslut om avr\u00e5dan togs den 9 mars 2026. Avr\u00e5dan g\u00e4ller tills vidare. Med anledning av det f\u00f6rs\u00e4mrade s\u00e4kerhetsl\u00e4get avr\u00e5der Utrikesdepartementet fr\u00e5n alla resor till Irak. Beslut om\u2026","rel":"","context":"I \u201dEpiNytt\u201d","block_context":{"text":"EpiNytt","link":"https:\/\/resemedicin.se\/reseradet\/kategori\/epinytt\/"},"img":{"alt_text":"","src":"","width":0,"height":0},"classes":[]},{"id":13256,"url":"https:\/\/resemedicin.se\/reseradet\/epinytt\/2025-05-10-ud-avrader-fran-resa-till-vissa-delar-av-indien-och-pakistan\/","url_meta":{"origin":15209,"position":5},"title":"2025-05-10 UD avr\u00e5der fr\u00e5n resa till vissa delar av Indien, Pakistan och Mo\u00e7ambique.","author":"Reser\u00e5det","date":"2025-05-10","format":"aside","excerpt":"Med anledning av s\u00e4kerhetsl\u00e4get avr\u00e5der Utrikesdepartementet fr\u00e5n alla resor till det unionsterritoriet Jammu och Kashmir i Indien samt fr\u00e5n alla resor inom 10 km fr\u00e5n gr\u00e4nsen mellan Indien och Pakistan. Beslut om avr\u00e5dan togs den 7 maj 2025. Avr\u00e5dan g\u00e4ller tills vidare. Utrikesdepartementet ocks\u00e5 fr\u00e5n alla resor till provinserna Khyber-Pakhtunkhwa\u2026","rel":"","context":"I \u201dEpiNytt\u201d","block_context":{"text":"EpiNytt","link":"https:\/\/resemedicin.se\/reseradet\/kategori\/epinytt\/"},"img":{"alt_text":"","src":"","width":0,"height":0},"classes":[]}],"jetpack_sharing_enabled":true,"_links":{"self":[{"href":"https:\/\/resemedicin.se\/reseradet\/wp-json\/wp\/v2\/posts\/15209","targetHints":{"allow":["GET"]}}],"collection":[{"href":"https:\/\/resemedicin.se\/reseradet\/wp-json\/wp\/v2\/posts"}],"about":[{"href":"https:\/\/resemedicin.se\/reseradet\/wp-json\/wp\/v2\/types\/post"}],"author":[{"embeddable":true,"href":"https:\/\/resemedicin.se\/reseradet\/wp-json\/wp\/v2\/users\/1"}],"replies":[{"embeddable":true,"href":"https:\/\/resemedicin.se\/reseradet\/wp-json\/wp\/v2\/comments?post=15209"}],"version-history":[{"count":1,"href":"https:\/\/resemedicin.se\/reseradet\/wp-json\/wp\/v2\/posts\/15209\/revisions"}],"predecessor-version":[{"id":15210,"href":"https:\/\/resemedicin.se\/reseradet\/wp-json\/wp\/v2\/posts\/15209\/revisions\/15210"}],"wp:attachment":[{"href":"https:\/\/resemedicin.se\/reseradet\/wp-json\/wp\/v2\/media?parent=15209"}],"wp:term":[{"taxonomy":"category","embeddable":true,"href":"https:\/\/resemedicin.se\/reseradet\/wp-json\/wp\/v2\/categories?post=15209"},{"taxonomy":"post_tag","embeddable":true,"href":"https:\/\/resemedicin.se\/reseradet\/wp-json\/wp\/v2\/tags?post=15209"}],"curies":[{"name":"wp","href":"https:\/\/api.w.org\/{rel}","templated":true}]}}