{"id":14578,"date":"2025-07-20T09:51:06","date_gmt":"2025-07-20T08:51:06","guid":{"rendered":"https:\/\/resemedicin.se\/reseradet\/?p=14578"},"modified":"2025-07-20T09:52:07","modified_gmt":"2025-07-20T08:52:07","slug":"2025-07-20-inget-samband-mellan-aluminium-adjuvanterade-barnvacciner-och-autism","status":"publish","type":"post","link":"https:\/\/resemedicin.se\/reseradet\/epinytt\/2025-07-20-inget-samband-mellan-aluminium-adjuvanterade-barnvacciner-och-autism\/","title":{"rendered":"2025-07-20 Inget samband mellan aluminium-adjuvanterade barnvacciner och autism"},"content":{"rendered":"\n<p>En <a href=\"https:\/\/www.acpjournals.org\/doi\/10.7326\/ANNALS-25-00997\" target=\"_blank\" rel=\"noreferrer noopener\">dansk landsomfattande kohortstudie<\/a> av mer \u00e4n 1,2 miljoner danska barn f\u00f6dda fr\u00e5n 1997 till 2018 bekr\u00e4ftar den redan betydande evidensen att det inte finns n\u00e5got samband mellan exponering f\u00f6r barnvacciner med <a href=\"https:\/\/resemedicin.se\/reseradet\/vaccination\/olika-vaccintyper\/#adjuvans\">aluminiumadjuvans<\/a> och autoimmuna, atopiska\/allergiska eller neurologiska utvecklingstillst\u00e5nd som autism.<\/p>\n\n\n\n<p>Under uppf\u00f6ljningen unders\u00f6kte forskarna 50 kroniska tillst\u00e5nd, inklusive 36 autoimmuna (dermatologiska, endokrinologiska, hematologiska, gastrointestinala och reumatiska), 9 atopiska eller allergiska (astma, atopisk dermatit, rhinokonjunktivit och allergi) och 5 neurologiska utvecklingsst\u00f6rningar (autismspektrumst\u00f6rning och uppm\u00e4rksamhetsst\u00f6rning med hyperaktivitet). Risken f\u00f6r dessa tillst\u00e5nd var generellt mycket l\u00e5g och det fanns inget samband mellan kumulativ aluminiumexponering i vacciner under de f\u00f6rsta tv\u00e5 levnads\u00e5ren och \u00f6kad risk f\u00f6r n\u00e5got av de 50 kroniska tillst\u00e5nden.<\/p>\n\n\n\n<h5 class=\"wp-block-heading\">Reser\u00e5dets kommentar<\/h5>\n\n\n\n<p>Aluminiuminneh\u00e5ll i vacciner har anv\u00e4nts i n\u00e4rmare 100 \u00e5r utan n\u00e5gon konstaterad \u00f6kad risk f\u00f6r allvarliga f\u00f6ljdtillst\u00e5nd (enbart en \u00f6kad risk f\u00f6r lokala biverkningar, inklusive granulom). Trots detta finns en utbredd vaccinskepticism som underbl\u00e5ses av diverse konspiratoriska grupper. Studien publicerades l\u00e4gligt mindre \u00e4n en m\u00e5nad efter att den amerikanska h\u00e4lsoministern, Robert F. Kennedy Jr., bett den statlig r\u00e5dgivande gruppen f\u00f6r vacciner (ACIP) att granska dussintals aluminiumhaltiga vacciner.<\/p>\n\n\n\n<p style=\"font-size:12px\"><em><strong>EpiNytt\u00a0<\/strong><\/em>\u00e4r Reser\u00e5dets kostnadsfria omv\u00e4rldsbevakning med aktuell information om\u00a0utbrott och nyheter p\u00e5 vaccin- och resefronten. Se\u00a0<a href=\"https:\/\/resemedicin.se\/reseradet\/epinytt\/\">hela listan med nyheter i fulltext<\/a>. Dela g\u00e4rna l\u00e4nken med intresserade kolleger, vilka ocks\u00e5 sj\u00e4lva kan\u00a0<a href=\"https:\/\/resemedicin.se\/reseradet\/prenumerera-kostnadsfritt-pa-epinytt\/\">prenumerera p\u00e5 nyhetsbrevet<\/a>\u00a0utan kostnad.<\/p>\n","protected":false},"excerpt":{"rendered":"<p>En dansk landsomfattande kohortstudie av mer \u00e4n 1,2 miljoner danska barn f\u00f6dda fr\u00e5n 1997 till 2018 bekr\u00e4ftar den redan betydande evidensen att det inte finns n\u00e5got samband mellan exponering f\u00f6r barnvacciner med aluminiumadjuvans och autoimmuna, atopiska\/allergiska eller neurologiska utvecklingstillst\u00e5nd som autism. Under uppf\u00f6ljningen unders\u00f6kte forskarna 50 kroniska tillst\u00e5nd, inklusive 36 autoimmuna (dermatologiska, endokrinologiska, hematologiska, gastrointestinala &hellip; <a href=\"https:\/\/resemedicin.se\/reseradet\/epinytt\/2025-07-20-inget-samband-mellan-aluminium-adjuvanterade-barnvacciner-och-autism\/\" class=\"more-link\">Forts\u00e4tt l\u00e4sa<span class=\"screen-reader-text\"> \u201d2025-07-20 Inget samband mellan aluminium-adjuvanterade barnvacciner och autism\u201d<\/span><\/a><\/p>\n","protected":false},"author":1,"featured_media":0,"comment_status":"open","ping_status":"closed","sticky":false,"template":"","format":"aside","meta":{"_lmt_disableupdate":"","_lmt_disable":"","_jetpack_memberships_contains_paid_content":false,"footnotes":""},"categories":[2],"tags":[],"class_list":["post-14578","post","type-post","status-publish","format-aside","hentry","category-epinytt","post_format-post-format-aside"],"modified_by":"Reser\u00e5det","jetpack_featured_media_url":"","jetpack-related-posts":[{"id":15758,"url":"https:\/\/resemedicin.se\/reseradet\/epinytt\/2025-12-12-who-bekraftar-ater-inga-belagg-for-samband-mellan-vaccination-och-autism\/","url_meta":{"origin":14578,"position":0},"title":"2025-12-12 WHO bekr\u00e4ftar \u00e5ter: inga bel\u00e4gg f\u00f6r samband mellan vaccination och autism","author":"Reser\u00e5det","date":"2025-12-12","format":"aside","excerpt":"WHO:s globala expertkommitt\u00e9 f\u00f6r vaccins\u00e4kerhet (Global Advisory Committee on Vaccine Safety, GACVS) har i en ny analys \u00e5terigen fastslagit att det inte finns n\u00e5got orsakssamband mellan vaccinationer och autismspektrumtillst\u00e5nd (ASD). Slutsatsen bekr\u00e4ftar WHO:s l\u00e5ngvariga st\u00e5ndpunkt att barnvacciner inte orsakar autism. Analysen diskuterades vid GACVS m\u00f6te den 27 november 2025 och\u2026","rel":"","context":"I \u201dEpiNytt\u201d","block_context":{"text":"EpiNytt","link":"https:\/\/resemedicin.se\/reseradet\/kategori\/epinytt\/"},"img":{"alt_text":"","src":"","width":0,"height":0},"classes":[]},{"id":16111,"url":"https:\/\/resemedicin.se\/reseradet\/epinytt\/2026-03-13-ema-granskar-fall-av-aseptisk-meningit-efter-ixchiq\/","url_meta":{"origin":14578,"position":1},"title":"2026-03-13 EMA granskar fall av aseptisk meningit efter Ixchiq","author":"Reser\u00e5det","date":"2026-03-13","format":"aside","excerpt":"Europeiska l\u00e4kemedelsmyndighetens s\u00e4kerhetskommitt\u00e9 PRAC behandlade vid sitt m\u00f6te 9\u201312 mars 2026 s\u00e4kerhetsdata f\u00f6r det levande f\u00f6rsvagade vaccinet Ixchiq\u00ae\u00a0 mot chikungunyafeber efter rapporter om fall av\u00a0aseptisk meningit\u00a0i anslutning till vaccination. Granskningen initierades efter att flera neurologiska biverkningar rapporterats efter vaccination. PRAC konstaterar att aseptisk meningit i mycket s\u00e4llsynta fall kan upptr\u00e4da\u2026","rel":"","context":"I \u201dEpiNytt\u201d","block_context":{"text":"EpiNytt","link":"https:\/\/resemedicin.se\/reseradet\/kategori\/epinytt\/"},"img":{"alt_text":"","src":"","width":0,"height":0},"classes":[]},{"id":12692,"url":"https:\/\/resemedicin.se\/reseradet\/epinytt\/2025-01-16-tva-fall-av-zikavirus-orsakad-mikrocefali-hos-gravida-kvinnor-efter-semestervistelse-i-thailand\/","url_meta":{"origin":14578,"position":2},"title":"2025-01-16 Tv\u00e5 fall av zikavirus-orsakad mikrocefali hos gravida kvinnor efter semestervistelse i Thailand","author":"Reser\u00e5det","date":"2025-01-16","format":"aside","excerpt":"I senaste numret av Emerging Infectious Diseases beskrivs ett fall med en dansk kvinna som under vistelse i Phuket, Thailand, i mars-april 2024 insjuknar i zikavirusinfektion, med l\u00e4tt sjukdomsk\u00e4nsla, tr\u00f6tthet och ett makulopapul\u00e4rt utslag. Kvinnan var d\u00e5 gravid i vecka 8-10. Efter hemkomsten konstateras vid ultraljudsunders\u00f6kning i vecka 26 en\u2026","rel":"","context":"I \u201dEpiNytt\u201d","block_context":{"text":"EpiNytt","link":"https:\/\/resemedicin.se\/reseradet\/kategori\/epinytt\/"},"img":{"alt_text":"","src":"","width":0,"height":0},"classes":[]},{"id":15900,"url":"https:\/\/resemedicin.se\/reseradet\/epinytt\/2026-01-30-begransade-utbrott-av-nipahvirus-i-indien-och-bangladesh\/","url_meta":{"origin":14578,"position":3},"title":"2026-01-30 Indien: tv\u00e5 bekr\u00e4ftade Nipahfall bland v\u00e5rdpersonal i V\u00e4stbengalen","author":"Reser\u00e5det","date":"2026-01-30","format":"aside","excerpt":"H\u00e4lsomyndigheter i delar av\u00a0Indien\u00a0och\u00a0Bangladesh\u00a0rapporterar ett\u00a0p\u00e5g\u00e5ende men begr\u00e4nsat utbrott av Nipahvirusinfektion. Det r\u00f6r sig om\u00a0ett litet antal bekr\u00e4ftade fall, i storleksordningen\u00a0ett tiotal fall, geografiskt koncentrerade och med tydliga epidemiologiska kopplingar, fr\u00e4mst inom hush\u00e5ll och v\u00e5rdmilj\u00f6er. Det finns i nul\u00e4get\u00a0inga tecken p\u00e5 omfattande samh\u00e4llsspridning eller internationell spridning. H\u00e4lsomyndigheter i Indien har rapporterat\u2026","rel":"","context":"I \u201dEpiNytt\u201d","block_context":{"text":"EpiNytt","link":"https:\/\/resemedicin.se\/reseradet\/kategori\/epinytt\/"},"img":{"alt_text":"","src":"","width":0,"height":0},"classes":[]},{"id":16732,"url":"https:\/\/resemedicin.se\/reseradet\/epinytt\/2026-04-22-forsta-kanda-humana-fallet-av-mers-i-somalia\/","url_meta":{"origin":14578,"position":4},"title":"2026-04-22 F\u00f6rsta k\u00e4nda humana fallet av MERS i Somalia","author":"Reser\u00e5det","date":"2026-04-22","format":"aside","excerpt":"Forskare rapporterar det f\u00f6rsta dokumenterade humana fallet av Middle East Respiratory Syndrome (MERS) i Somalia. Fallet identifierades inom ramen f\u00f6r en forskningsstudie och bed\u00f6ms ha samband med exponering f\u00f6r dromedarer, vilka \u00e4r den viktigaste djurreservoaren f\u00f6r MERS-coronaviruset. Det aktuella fyndet bygger p\u00e5 serologiska och molekyl\u00e4ra data som talar f\u00f6r zoonotisk\u2026","rel":"","context":"I \u201dEpiNytt\u201d","block_context":{"text":"EpiNytt","link":"https:\/\/resemedicin.se\/reseradet\/kategori\/epinytt\/"},"img":{"alt_text":"","src":"","width":0,"height":0},"classes":[]},{"id":14951,"url":"https:\/\/resemedicin.se\/reseradet\/epinytt\/2025-09-14-rsv-vaccination-58-83-skydd-mot-sjukhusvard-hos-aldre\/","url_meta":{"origin":14578,"position":5},"title":"2025-09-14 RSV-vaccination: 58\u201383 % skydd mot sjukhusv\u00e5rd hos \u00e4ldre","author":"Reser\u00e5det","date":"2025-09-14","format":"aside","excerpt":"Tv\u00e5 nya real-world-studier visar att en dos RSV-vaccin ger betydande skydd mot sjukhusv\u00e5rd bland \u00e4ldre. I en dansk fas-4-studie (randomiserad \u00f6ppen pr\u00f6vning) under s\u00e4songen 2024\/25 uppskattades skyddseffekten f\u00f6r Abrysvo\u00ae hos personer >60 \u00e5r till\u00a083%\u00a0mot sjukhusinl\u00e4ggning f\u00f6r RSV-orsakad luftv\u00e4gssjukdom; \u00e4ven f\u00e4rre sjukhusinl\u00e4ggningar s\u00e5gs f\u00f6r RSV-nedre luftv\u00e4gsinfektion (VE 92 %) och f\u00f6r\u2026","rel":"","context":"I \u201dEpiNytt\u201d","block_context":{"text":"EpiNytt","link":"https:\/\/resemedicin.se\/reseradet\/kategori\/epinytt\/"},"img":{"alt_text":"","src":"","width":0,"height":0},"classes":[]}],"jetpack_sharing_enabled":true,"_links":{"self":[{"href":"https:\/\/resemedicin.se\/reseradet\/wp-json\/wp\/v2\/posts\/14578","targetHints":{"allow":["GET"]}}],"collection":[{"href":"https:\/\/resemedicin.se\/reseradet\/wp-json\/wp\/v2\/posts"}],"about":[{"href":"https:\/\/resemedicin.se\/reseradet\/wp-json\/wp\/v2\/types\/post"}],"author":[{"embeddable":true,"href":"https:\/\/resemedicin.se\/reseradet\/wp-json\/wp\/v2\/users\/1"}],"replies":[{"embeddable":true,"href":"https:\/\/resemedicin.se\/reseradet\/wp-json\/wp\/v2\/comments?post=14578"}],"version-history":[{"count":2,"href":"https:\/\/resemedicin.se\/reseradet\/wp-json\/wp\/v2\/posts\/14578\/revisions"}],"predecessor-version":[{"id":14580,"href":"https:\/\/resemedicin.se\/reseradet\/wp-json\/wp\/v2\/posts\/14578\/revisions\/14580"}],"wp:attachment":[{"href":"https:\/\/resemedicin.se\/reseradet\/wp-json\/wp\/v2\/media?parent=14578"}],"wp:term":[{"taxonomy":"category","embeddable":true,"href":"https:\/\/resemedicin.se\/reseradet\/wp-json\/wp\/v2\/categories?post=14578"},{"taxonomy":"post_tag","embeddable":true,"href":"https:\/\/resemedicin.se\/reseradet\/wp-json\/wp\/v2\/tags?post=14578"}],"curies":[{"name":"wp","href":"https:\/\/api.w.org\/{rel}","templated":true}]}}