{"id":14321,"date":"2025-06-16T21:42:48","date_gmt":"2025-06-16T20:42:48","guid":{"rendered":"https:\/\/resemedicin.se\/reseradet\/?p=14321"},"modified":"2025-06-16T22:12:35","modified_gmt":"2025-06-16T21:12:35","slug":"2025-06-16-oversiktskurs-i-vaccinationer-och-resemedicin-29-30-9","status":"publish","type":"post","link":"https:\/\/resemedicin.se\/reseradet\/epinytt\/2025-06-16-oversiktskurs-i-vaccinationer-och-resemedicin-29-30-9\/","title":{"rendered":"2025-06-16 \u00d6versiktskurs i vaccinationer och resemedicin 29-30 september"},"content":{"rendered":"\n<p>H\u00f6stens 2-dagars \u00f6versiktskurs i vaccinationer och resemedicin utanf\u00f6r G\u00f6teborg \u00e4r nu spikad. Kursen bygger p\u00e5 v\u00e5r uppskattade kurs i Huddinge i maj, l\u00e4tt justerad efter synpunkter i kursv\u00e4rderingen.<\/p>\n\n\n\n<p>Ur kursinneh\u00e5llet: Vacciner och vaccinimmunologi, vaccinationsverksamheten i praktiken, inhemska vaccinationer f\u00f6r barn och vuxna, resevacciner, riskv\u00e4rdering och allm\u00e4nna reserisker, malaria, \u00f6vriga arboinfektioner och myggskydd, sjukdomar, vaccinationer och reser\u00e5d per v\u00e4rldsdel, typresen\u00e4rer<\/p>\n\n\n\n<p><a href=\"https:\/\/resemedicin.se\/utbildning\/oversiktskurs-i-vaccinationer-och-resemedicin\/\">Kursinformation och anm\u00e4lan<\/a><\/p>\n\n\n\n<p style=\"font-size:12px\"><em><strong>EpiNytt&nbsp;<\/strong><\/em>\u00e4r Reser\u00e5dets kostnadsfria omv\u00e4rldsbevakning med aktuell information om&nbsp;utbrott och nyheter p\u00e5 vaccin- och resefronten. Se&nbsp;<a href=\"https:\/\/resemedicin.se\/reseradet\/epinytt\/\">hela listan med nyheter i fulltext<\/a>. Dela g\u00e4rna l\u00e4nken med intresserade kolleger, vilka ocks\u00e5 sj\u00e4lva kan&nbsp;<a href=\"https:\/\/resemedicin.se\/reseradet\/prenumerera-kostnadsfritt-pa-epinytt\/\">prenumerera p\u00e5 nyhetsbrevet<\/a>&nbsp;utan kostnad.<\/p>\n","protected":false},"excerpt":{"rendered":"<p>H\u00f6stens 2-dagars \u00f6versiktskurs i vaccinationer och resemedicin utanf\u00f6r G\u00f6teborg \u00e4r nu spikad. Kursen bygger p\u00e5 v\u00e5r uppskattade kurs i Huddinge i maj, l\u00e4tt justerad efter synpunkter i kursv\u00e4rderingen. Ur kursinneh\u00e5llet: Vacciner och vaccinimmunologi, vaccinationsverksamheten i praktiken, inhemska vaccinationer f\u00f6r barn och vuxna, resevacciner, riskv\u00e4rdering och allm\u00e4nna reserisker, malaria, \u00f6vriga arboinfektioner och myggskydd, sjukdomar, vaccinationer och &hellip; <a href=\"https:\/\/resemedicin.se\/reseradet\/epinytt\/2025-06-16-oversiktskurs-i-vaccinationer-och-resemedicin-29-30-9\/\" class=\"more-link\">Forts\u00e4tt l\u00e4sa<span class=\"screen-reader-text\"> \u201d2025-06-16 \u00d6versiktskurs i vaccinationer och resemedicin 29-30 september\u201d<\/span><\/a><\/p>\n","protected":false},"author":1,"featured_media":0,"comment_status":"open","ping_status":"closed","sticky":false,"template":"","format":"aside","meta":{"_lmt_disableupdate":"","_lmt_disable":"","_jetpack_memberships_contains_paid_content":false,"footnotes":""},"categories":[2],"tags":[],"class_list":["post-14321","post","type-post","status-publish","format-aside","hentry","category-epinytt","post_format-post-format-aside"],"modified_by":"Reser\u00e5det","jetpack_featured_media_url":"","jetpack-related-posts":[{"id":14781,"url":"https:\/\/resemedicin.se\/reseradet\/epinytt\/oversiktskurs-i-vaccinationer-och-resemedicin-29-30-september-3\/","url_meta":{"origin":14321,"position":0},"title":"\u00d6versiktskurs i vaccinationer och resemedicin 29-30 september","author":"Reser\u00e5det","date":"2025-08-18","format":"aside","excerpt":"\u00c4n finns det enstaka platser kvar till h\u00f6stens 2-dagars \u00f6versiktskurs i vaccinationer och resemedicin utanf\u00f6r G\u00f6teborg. Vi f\u00f6rl\u00e4nger d\u00e4rf\u00f6r sista anm\u00e4lningsdagen till 31 augusti (i m\u00e5n av lediga hotellrum f\u00f6r dem som \u00f6nskar \u00f6vernattning). Kursen bygger p\u00e5 v\u00e5r uppskattade kurs i Huddinge i maj, l\u00e4tt justerad efter synpunkter i kursv\u00e4rderingen.\u2026","rel":"","context":"I \u201dEpiNytt\u201d","block_context":{"text":"EpiNytt","link":"https:\/\/resemedicin.se\/reseradet\/kategori\/epinytt\/"},"img":{"alt_text":"","src":"","width":0,"height":0},"classes":[]},{"id":16117,"url":"https:\/\/resemedicin.se\/reseradet\/epinytt\/oversiktskurs-i-vaccinationer-och-resemedicin-stockholm-12-13-maj\/","url_meta":{"origin":14321,"position":1},"title":"\u00d6versiktskurs i vaccinationer och resemedicin, Stockholm 12-13 maj","author":"Reser\u00e5det","date":"2026-03-10","format":"aside","excerpt":"N\u00e4sta 2-dagars \u00f6versiktskurs i vaccinationer och resemedicin kommer att h\u00e5llas p\u00e5 Nalen, centralt i Stockholm, tisdag den 12 maj kl 9:00 till onsdag den 13 maj cirka kl 16:30. M\u00e5lgruppen \u00e4r fr\u00e4mst vaccinationsverksamma l\u00e4kare och sjuksk\u00f6terskor, men ocks\u00e5 \u00f6ppen f\u00f6r andra med vaccinationsintresse. Kursen bygger p\u00e5 v\u00e5ra tv\u00e5 tidigare mycket\u2026","rel":"","context":"I \u201dEpiNytt\u201d","block_context":{"text":"EpiNytt","link":"https:\/\/resemedicin.se\/reseradet\/kategori\/epinytt\/"},"img":{"alt_text":"","src":"","width":0,"height":0},"classes":[]},{"id":13821,"url":"https:\/\/resemedicin.se\/reseradet\/epinytt\/2025-06-05-nya-riktlinjer-for-vaccination-vid-immunsuppressiv-behandling\/","url_meta":{"origin":14321,"position":2},"title":"2025-06-05 Nya riktlinjer f\u00f6r vaccination vid immunsuppressiv behandling","author":"Reser\u00e5det","date":"2025-06-05","format":"aside","excerpt":"Infektionsl\u00e4karf\u00f6reningen har gett ut en ny version av\u00a0Riktlinjer f\u00f6r vaccination vid immunsuppressiv behandling. Dokumentet \u00e4r anv\u00e4ndbart som en praktisk v\u00e4gledning vid vaccination av vuxna patienter med p\u00e5g\u00e5ende eller planerad immunsuppressiv behandling. Riktlinjerna fokuserar p\u00e5 pneumokock- och b\u00e4ltrosvaccin, de tv\u00e5 vacciner som bed\u00f6ms vara mest relevanta i denna patientgrupp. Riktlinjen bygger\u2026","rel":"","context":"I \u201dEpiNytt\u201d","block_context":{"text":"EpiNytt","link":"https:\/\/resemedicin.se\/reseradet\/kategori\/epinytt\/"},"img":{"alt_text":"","src":"","width":0,"height":0},"classes":[]},{"id":13825,"url":"https:\/\/resemedicin.se\/reseradet\/epinytt\/2025-06-06-gratis-tbe-vaccin-till-barn\/","url_meta":{"origin":14321,"position":3},"title":"2025-06-06 Gratis TBE-vaccin till barn","author":"Reser\u00e5det","date":"2025-06-06","format":"aside","excerpt":"Regionfullm\u00e4ktige i V\u00e4stra G\u00f6talandsregionen har beslutat\u00a0 att inf\u00f6ra avgiftsfri vaccination mot TBE f\u00f6r alla 3-\u00e5riga barn som \u00e4r folkbokf\u00f6rda i regionen. Operativt beslut kommer att fattas till h\u00f6sten, d\u00e5 det ocks\u00e5 kommer att meddelas vilka vaccinat\u00f6rer som ska erbjuda vaccinationen samt n\u00e4r start kan ske. Enligt en genomg\u00e5ng nyligen gjord\u2026","rel":"","context":"I \u201dEpiNytt\u201d","block_context":{"text":"EpiNytt","link":"https:\/\/resemedicin.se\/reseradet\/kategori\/epinytt\/"},"img":{"alt_text":"","src":"","width":0,"height":0},"classes":[]},{"id":13794,"url":"https:\/\/resemedicin.se\/reseradet\/epinytt\/2025-06-04-nya-rekommendationer-om-vaccination-mot-covid-19-fran-fhm\/","url_meta":{"origin":14321,"position":4},"title":"2025-06-04 Nya rekommendationer om vaccination mot covid-19 fr\u00e5n FHM","author":"Reser\u00e5det","date":"2025-06-04","format":"aside","excerpt":"Folkh\u00e4lsomyndigheten har uppdaterat rekommendationerna om vaccination mot covid-19. Denna rekommendation g\u00e4ller fr\u00e5n 1 september 2025. De nya rekommendationerna kommer i ljuset av att risken f\u00f6r allvarlig covid-19 har minskat de senaste \u00e5ren, men vissa grupper har dock fortfarande en f\u00f6rh\u00f6jd risk och rekommenderas d\u00e4rf\u00f6r vaccination enligt nedan. Reser\u00e5det har uppdaterat\u2026","rel":"","context":"I \u201dEpiNytt\u201d","block_context":{"text":"EpiNytt","link":"https:\/\/resemedicin.se\/reseradet\/kategori\/epinytt\/"},"img":{"alt_text":"","src":"","width":0,"height":0},"classes":[]},{"id":14611,"url":"https:\/\/resemedicin.se\/reseradet\/epinytt\/2025-07-20-whos-uppdaterade-standpunkt-om-vacciner-mot-herpes-zoster\/","url_meta":{"origin":14321,"position":5},"title":"2025-07-20 Uppdaterat WHO &#8217;position paper&#8217; om vaccination mot herpes zoster","author":"Reser\u00e5det","date":"2025-07-20","format":"aside","excerpt":"WHO har nyligen publicerat ett uppdaterat \"position paper\" r\u00f6rande vaccination mot b\u00e4ltros, med fokus p\u00e5 Shingrix\u00ae. Dokumentet g\u00e5r igenom aktuell forskning och konstaterar liksom tidigare svensk genomg\u00e5ng att vaccinet har en mycket god effektivitet (>95%) f\u00f6r personer >50 \u00e5r och god men varierande effekt hos immunsupprimerade individer >18 \u00e5r. Reser\u00e5dets\u2026","rel":"","context":"I \u201dEpiNytt\u201d","block_context":{"text":"EpiNytt","link":"https:\/\/resemedicin.se\/reseradet\/kategori\/epinytt\/"},"img":{"alt_text":"","src":"","width":0,"height":0},"classes":[]}],"jetpack_sharing_enabled":true,"_links":{"self":[{"href":"https:\/\/resemedicin.se\/reseradet\/wp-json\/wp\/v2\/posts\/14321","targetHints":{"allow":["GET"]}}],"collection":[{"href":"https:\/\/resemedicin.se\/reseradet\/wp-json\/wp\/v2\/posts"}],"about":[{"href":"https:\/\/resemedicin.se\/reseradet\/wp-json\/wp\/v2\/types\/post"}],"author":[{"embeddable":true,"href":"https:\/\/resemedicin.se\/reseradet\/wp-json\/wp\/v2\/users\/1"}],"replies":[{"embeddable":true,"href":"https:\/\/resemedicin.se\/reseradet\/wp-json\/wp\/v2\/comments?post=14321"}],"version-history":[{"count":3,"href":"https:\/\/resemedicin.se\/reseradet\/wp-json\/wp\/v2\/posts\/14321\/revisions"}],"predecessor-version":[{"id":14327,"href":"https:\/\/resemedicin.se\/reseradet\/wp-json\/wp\/v2\/posts\/14321\/revisions\/14327"}],"wp:attachment":[{"href":"https:\/\/resemedicin.se\/reseradet\/wp-json\/wp\/v2\/media?parent=14321"}],"wp:term":[{"taxonomy":"category","embeddable":true,"href":"https:\/\/resemedicin.se\/reseradet\/wp-json\/wp\/v2\/categories?post=14321"},{"taxonomy":"post_tag","embeddable":true,"href":"https:\/\/resemedicin.se\/reseradet\/wp-json\/wp\/v2\/tags?post=14321"}],"curies":[{"name":"wp","href":"https:\/\/api.w.org\/{rel}","templated":true}]}}