{"id":13859,"date":"2025-06-09T08:16:42","date_gmt":"2025-06-09T07:16:42","guid":{"rendered":"https:\/\/resemedicin.se\/reseradet\/?p=13859"},"modified":"2025-06-16T19:34:53","modified_gmt":"2025-06-16T18:34:53","slug":"2025-06-09-patientinfo-for-utskrift","status":"publish","type":"post","link":"https:\/\/resemedicin.se\/reseradet\/epinytt\/2025-06-09-patientinfo-for-utskrift\/","title":{"rendered":"2025-06-09 Patientinfo f\u00f6r utskrift"},"content":{"rendered":"\n<p>Vi har uppdaterat Reser\u00e5dets sida med <a href=\"https:\/\/resemedicin.se\/reseradet\/vaccination\/patientinfo\/\">information till resen\u00e4rer f\u00f6r utskrift<\/a>. Sidan inneh\u00e5ller nu s\u00e5v\u00e4l information inf\u00f6r resa till olika v\u00e4rldsdelar som information kring malariaprofylax och egenbehandling, myggskydd samt f\u00f6rebyggande av turistdiarr\u00e9. H\u00e4nvisa g\u00e4rna era kunder\/patienter till den omfattande publika sajten <a href=\"https:\/\/resemedicin.se\/friskparesan\/\">Frisk p\u00e5 resan<\/a>.<\/p>\n\n\n\n<p style=\"font-size:12px\"><em><strong>EpiNytt\u00a0<\/strong><\/em>\u00e4r Reser\u00e5dets kostnadsfria omv\u00e4rldsbevakning med aktuell information om\u00a0utbrott och nyheter p\u00e5 vaccin- och resefronten. Se\u00a0<a href=\"https:\/\/resemedicin.se\/reseradet\/epinytt\/\">hela listan med nyheter i fulltext<\/a>. Dela g\u00e4rna l\u00e4nken med intresserade kolleger, vilka ocks\u00e5 sj\u00e4lva kan\u00a0<a href=\"https:\/\/resemedicin.se\/reseradet\/prenumerera-kostnadsfritt-pa-epinytt\/\">prenumerera p\u00e5 nyhetsbrevet<\/a>\u00a0utan kostnad.<\/p>\n","protected":false},"excerpt":{"rendered":"<p>Vi har uppdaterat Reser\u00e5dets sida med information till resen\u00e4rer f\u00f6r utskrift. Sidan inneh\u00e5ller nu s\u00e5v\u00e4l information inf\u00f6r resa till olika v\u00e4rldsdelar som information kring malariaprofylax och egenbehandling, myggskydd samt f\u00f6rebyggande av turistdiarr\u00e9. H\u00e4nvisa g\u00e4rna era kunder\/patienter till den omfattande publika sajten Frisk p\u00e5 resan. EpiNytt\u00a0\u00e4r Reser\u00e5dets kostnadsfria omv\u00e4rldsbevakning med aktuell information om\u00a0utbrott och nyheter p\u00e5 &hellip; <a href=\"https:\/\/resemedicin.se\/reseradet\/epinytt\/2025-06-09-patientinfo-for-utskrift\/\" class=\"more-link\">Forts\u00e4tt l\u00e4sa<span class=\"screen-reader-text\"> \u201d2025-06-09 Patientinfo f\u00f6r utskrift\u201d<\/span><\/a><\/p>\n","protected":false},"author":1,"featured_media":0,"comment_status":"open","ping_status":"closed","sticky":false,"template":"","format":"aside","meta":{"_lmt_disableupdate":"","_lmt_disable":"","_jetpack_memberships_contains_paid_content":false,"footnotes":""},"categories":[2],"tags":[],"class_list":["post-13859","post","type-post","status-publish","format-aside","hentry","category-epinytt","post_format-post-format-aside"],"modified_by":"Reser\u00e5det","jetpack_featured_media_url":"","jetpack-related-posts":[{"id":12687,"url":"https:\/\/resemedicin.se\/reseradet\/nyheter\/2025-01-15-patientinformation-for-utskrift\/","url_meta":{"origin":13859,"position":0},"title":"2025-01-15 Patientinformation f\u00f6r utskrift","author":"Reser\u00e5det","date":"2025-01-15","format":"aside","excerpt":"P\u00e5 beg\u00e4ran har jag nu lagt till patientinformation f\u00f6r resen\u00e4rer till olika delar av v\u00e4rlden i ett utskriftsv\u00e4nligt pdf-format. L\u00e4nkar till dessa dokument finns att hitta h\u00f6gst upp p\u00e5 lands\u00f6versikten. Informationen \u00e4r tagen fr\u00e5n systersajten Frisk p\u00e5 resan (https:\/\/resemedicin.se\/friskparesan\/). H\u00e4nvisa g\u00e4rna era resen\u00e4rer dit f\u00f6r ytterligare information.","rel":"","context":"I \u201dNyheter\u201d","block_context":{"text":"Nyheter","link":"https:\/\/resemedicin.se\/reseradet\/kategori\/nyheter\/"},"img":{"alt_text":"","src":"","width":0,"height":0},"classes":[]},{"id":16702,"url":"https:\/\/resemedicin.se\/reseradet\/epinytt\/sftr-tropik-och-resemedicin-dagarna-8-9-oktober\/","url_meta":{"origin":13859,"position":1},"title":"SFTR: Tropik- och resemedicin-dagarna 8-9 oktober","author":"Reser\u00e5det","date":"2026-04-22","format":"aside","excerpt":"Tarminfektioner under och efter utlandsresa\u00a0\u00e4r temat p\u00e5 \u00e5rets tropik- och resemedicindagar 8-9 oktober, anordnade av Svensk f\u00f6rening f\u00f6r tropik- och resemedicin (SFTR). Fokus ligger p\u00e5 prevention, kliniska utmaningar, diagnostik och handl\u00e4ggning. Detaljerad information\u00a0med schema, plats, kostnad och anm\u00e4lan. EpiNytt\u00a0\u00e4r Reser\u00e5dets kostnadsfria omv\u00e4rldsbevakning med aktuell information om\u00a0utbrott och nyheter p\u00e5 vaccin-\u2026","rel":"","context":"I \u201dEpiNytt\u201d","block_context":{"text":"EpiNytt","link":"https:\/\/resemedicin.se\/reseradet\/kategori\/epinytt\/"},"img":{"alt_text":"","src":"","width":0,"height":0},"classes":[]},{"id":15762,"url":"https:\/\/resemedicin.se\/reseradet\/epinytt\/epinytt-tar-julledigt\/","url_meta":{"origin":13859,"position":2},"title":"\ud83c\udf84 EpiNytt tar julledigt \ud83c\udf84","author":"Reser\u00e5det","date":"2025-12-15","format":"aside","excerpt":"Detta nummer av EpiNytt \u00e4r det sista planerade numret f\u00f6r \u00e5ret. Vi tar nu ledigt \u00f6ver jul- och ny\u00e5rshelgerna och \u00e5terkommer i b\u00f6rjan av 2026. Vi vill passa p\u00e5 att \u00f6nska v\u00e5ra l\u00e4sare en sk\u00f6n avslutning p\u00e5 \u00e5ret och ett gott nytt \u00e5r. EpiNytt\u00a0\u00e4r Reser\u00e5dets kostnadsfria omv\u00e4rldsbevakning med aktuell information\u2026","rel":"","context":"I \u201dEpiNytt\u201d","block_context":{"text":"EpiNytt","link":"https:\/\/resemedicin.se\/reseradet\/kategori\/epinytt\/"},"img":{"alt_text":"","src":"","width":0,"height":0},"classes":[]},{"id":15081,"url":"https:\/\/resemedicin.se\/reseradet\/epinytt\/reseradet-pro-och-svar-igar-till-25-av-priset-aret-ut\/","url_meta":{"origin":13859,"position":3},"title":"Reser\u00e5det Pro och Svar ig\u00e5r till 25% av priset \u00e5ret ut","author":"Reser\u00e5det","date":"2025-10-20","format":"aside","excerpt":"Vi erbjuder nu nya prenumeranter att till 25% av ordinarie \u00e5rsavgiften f\u00e5 full tillg\u00e5ng till Reser\u00e5det Pro (f\u00f6r 500 kr + moms) och Svar ig\u00e5r (f\u00f6r 250 kr + moms) f\u00f6r resten av 2025. Du kan\u00a0registrera dig h\u00e4r. EpiNytt\u00a0\u00e4r Reser\u00e5dets kostnadsfria omv\u00e4rldsbevakning med aktuell information om\u00a0utbrott och nyheter p\u00e5 vaccin-\u2026","rel":"","context":"I \u201dEpiNytt\u201d","block_context":{"text":"EpiNytt","link":"https:\/\/resemedicin.se\/reseradet\/kategori\/epinytt\/"},"img":{"alt_text":"","src":"","width":0,"height":0},"classes":[]},{"id":14741,"url":"https:\/\/resemedicin.se\/reseradet\/epinytt\/reseradet-pro-och-svar-igar-till-halva-priset-aret-ut\/","url_meta":{"origin":13859,"position":4},"title":"Reser\u00e5det Pro och Svar ig\u00e5r till halva priset \u00e5ret ut","author":"Reser\u00e5det","date":"2025-08-11","format":"aside","excerpt":"Vi erbjuder nu nya prenumeranter att till halva ordinarie \u00e5rsavgiften f\u00e5 full tillg\u00e5ng till Reser\u00e5det Pro (f\u00f6r 1000 kr + moms) och Svar ig\u00e5r (f\u00f6r 500 kr + moms) f\u00f6r resten av 2025. Du kan\u00a0registrera dig h\u00e4r. EpiNytt\u00a0\u00e4r Reser\u00e5dets kostnadsfria omv\u00e4rldsbevakning med aktuell information om\u00a0utbrott och nyheter p\u00e5 vaccin- och\u2026","rel":"","context":"I \u201dEpiNytt\u201d","block_context":{"text":"EpiNytt","link":"https:\/\/resemedicin.se\/reseradet\/kategori\/epinytt\/"},"img":{"alt_text":"","src":"","width":0,"height":0},"classes":[]},{"id":16117,"url":"https:\/\/resemedicin.se\/reseradet\/epinytt\/oversiktskurs-i-vaccinationer-och-resemedicin-stockholm-12-13-maj\/","url_meta":{"origin":13859,"position":5},"title":"\u00d6versiktskurs i vaccinationer och resemedicin, Stockholm 12-13 maj","author":"Reser\u00e5det","date":"2026-03-10","format":"aside","excerpt":"N\u00e4sta 2-dagars \u00f6versiktskurs i vaccinationer och resemedicin kommer att h\u00e5llas p\u00e5 Nalen, centralt i Stockholm, tisdag den 12 maj kl 9:00 till onsdag den 13 maj cirka kl 16:30. M\u00e5lgruppen \u00e4r fr\u00e4mst vaccinationsverksamma l\u00e4kare och sjuksk\u00f6terskor, men ocks\u00e5 \u00f6ppen f\u00f6r andra med vaccinationsintresse. Kursen bygger p\u00e5 v\u00e5ra tv\u00e5 tidigare mycket\u2026","rel":"","context":"I \u201dEpiNytt\u201d","block_context":{"text":"EpiNytt","link":"https:\/\/resemedicin.se\/reseradet\/kategori\/epinytt\/"},"img":{"alt_text":"","src":"","width":0,"height":0},"classes":[]}],"jetpack_sharing_enabled":true,"_links":{"self":[{"href":"https:\/\/resemedicin.se\/reseradet\/wp-json\/wp\/v2\/posts\/13859","targetHints":{"allow":["GET"]}}],"collection":[{"href":"https:\/\/resemedicin.se\/reseradet\/wp-json\/wp\/v2\/posts"}],"about":[{"href":"https:\/\/resemedicin.se\/reseradet\/wp-json\/wp\/v2\/types\/post"}],"author":[{"embeddable":true,"href":"https:\/\/resemedicin.se\/reseradet\/wp-json\/wp\/v2\/users\/1"}],"replies":[{"embeddable":true,"href":"https:\/\/resemedicin.se\/reseradet\/wp-json\/wp\/v2\/comments?post=13859"}],"version-history":[{"count":3,"href":"https:\/\/resemedicin.se\/reseradet\/wp-json\/wp\/v2\/posts\/13859\/revisions"}],"predecessor-version":[{"id":14320,"href":"https:\/\/resemedicin.se\/reseradet\/wp-json\/wp\/v2\/posts\/13859\/revisions\/14320"}],"wp:attachment":[{"href":"https:\/\/resemedicin.se\/reseradet\/wp-json\/wp\/v2\/media?parent=13859"}],"wp:term":[{"taxonomy":"category","embeddable":true,"href":"https:\/\/resemedicin.se\/reseradet\/wp-json\/wp\/v2\/categories?post=13859"},{"taxonomy":"post_tag","embeddable":true,"href":"https:\/\/resemedicin.se\/reseradet\/wp-json\/wp\/v2\/tags?post=13859"}],"curies":[{"name":"wp","href":"https:\/\/api.w.org\/{rel}","templated":true}]}}