{"id":13825,"date":"2025-06-06T06:25:47","date_gmt":"2025-06-06T05:25:47","guid":{"rendered":"https:\/\/resemedicin.se\/reseradet\/?p=13825"},"modified":"2025-06-06T06:27:31","modified_gmt":"2025-06-06T05:27:31","slug":"2025-06-06-gratis-tbe-vaccin-till-barn","status":"publish","type":"post","link":"https:\/\/resemedicin.se\/reseradet\/epinytt\/2025-06-06-gratis-tbe-vaccin-till-barn\/","title":{"rendered":"2025-06-06 Gratis TBE-vaccin till barn"},"content":{"rendered":"\n<p>Regionfullm\u00e4ktige i V\u00e4stra G\u00f6talandsregionen har <a href=\"https:\/\/www.vgregion.se\/halsa-och-vard\/vardgivarwebben\/vardriktlinjer\/vaccinationer\/aktuellt-vaccinationer\/avgiftsfri-vaccination-mot-tbe-for-3-aringar-i-vastra-gotaland\/\" target=\"_blank\" rel=\"noreferrer noopener\">beslutat<\/a>\u00a0 att inf\u00f6ra avgiftsfri vaccination mot <a href=\"https:\/\/www.resemedicin.se\/reseradet\/sjukdomar-och-vacciner\/tbe\">TBE<\/a>  f\u00f6r alla 3-\u00e5riga barn som \u00e4r folkbokf\u00f6rda i regionen. Operativt beslut kommer att fattas till h\u00f6sten, d\u00e5 det ocks\u00e5 kommer att meddelas vilka vaccinat\u00f6rer som ska erbjuda vaccinationen samt n\u00e4r start kan ske. <\/p>\n\n\n\n<p>Enligt en genomg\u00e5ng nyligen gjord av <a href=\"https:\/\/www.lakemedelsvarlden.se\/priset-pa-tbe-vaccination-i-alla-regioner\/\" target=\"_blank\" rel=\"noreferrer noopener\">L\u00e4kemedelsv\u00e4rlden<\/a>, r\u00f6rande kostnader f\u00f6r TBE-vaccination i varje region, erbjuds TBE vaccination kostnadsfritt till barn \u00e4ven i Region J\u00f6nk\u00f6pings L\u00e4n (barn 3-18 \u00e5r), Region Kronoberg (barn 3-18 \u00e5r), Region Stockholm (3-\u00e5riga barn), Region S\u00f6rmland (barn och ungdomar (3-19 \u00e5r), Region Uppsala (barn 1-18 \u00e5r), Region V\u00e4stmanland (barn och ungdomar (3-19 \u00e5r), Region \u00d6rebro L\u00e4n (barn 1-18 \u00e5r) och Region \u00d6sterg\u00f6tland (barn och ungdomar (3-19 \u00e5r).<\/p>\n\n\n\n<p style=\"font-size:12px\"><em><strong>EpiNytt\u00a0<\/strong><\/em>\u00e4r Reser\u00e5dets kostnadsfria omv\u00e4rldsbevakning med aktuell information om\u00a0utbrott och nyheter p\u00e5 vaccin- och resefronten. Se\u00a0<a href=\"https:\/\/resemedicin.se\/reseradet\/epinytt\/\">hela listan med nyheter i fulltext<\/a>. Dela g\u00e4rna l\u00e4nken med intresserade kolleger, vilka ocks\u00e5 sj\u00e4lva kan\u00a0<a href=\"https:\/\/resemedicin.se\/reseradet\/prenumerera-kostnadsfritt-pa-epinytt\/\">prenumerera p\u00e5 nyhetsbrevet<\/a>\u00a0utan kostnad.<\/p>\n","protected":false},"excerpt":{"rendered":"<p>Regionfullm\u00e4ktige i V\u00e4stra G\u00f6talandsregionen har beslutat\u00a0 att inf\u00f6ra avgiftsfri vaccination mot TBE f\u00f6r alla 3-\u00e5riga barn som \u00e4r folkbokf\u00f6rda i regionen. Operativt beslut kommer att fattas till h\u00f6sten, d\u00e5 det ocks\u00e5 kommer att meddelas vilka vaccinat\u00f6rer som ska erbjuda vaccinationen samt n\u00e4r start kan ske. Enligt en genomg\u00e5ng nyligen gjord av L\u00e4kemedelsv\u00e4rlden, r\u00f6rande kostnader f\u00f6r &hellip; <a href=\"https:\/\/resemedicin.se\/reseradet\/epinytt\/2025-06-06-gratis-tbe-vaccin-till-barn\/\" class=\"more-link\">Forts\u00e4tt l\u00e4sa<span class=\"screen-reader-text\"> \u201d2025-06-06 Gratis TBE-vaccin till barn\u201d<\/span><\/a><\/p>\n","protected":false},"author":1,"featured_media":0,"comment_status":"open","ping_status":"closed","sticky":false,"template":"","format":"aside","meta":{"_lmt_disableupdate":"","_lmt_disable":"","_jetpack_memberships_contains_paid_content":false,"footnotes":""},"categories":[2],"tags":[],"class_list":["post-13825","post","type-post","status-publish","format-aside","hentry","category-epinytt","post_format-post-format-aside"],"modified_by":"Reser\u00e5det","jetpack_featured_media_url":"","jetpack-related-posts":[{"id":14464,"url":"https:\/\/resemedicin.se\/reseradet\/epinytt\/2025-07-07-nya-riktlinjer-for-tbe-vaccination\/","url_meta":{"origin":13825,"position":0},"title":"2025-07-07 Nya riktlinjer f\u00f6r TBE-vaccination","author":"Reser\u00e5det","date":"2025-07-07","format":"aside","excerpt":"Baserat p\u00e5 en litteraturgenomg\u00e5ng och internationella erfarenheter har Svenska Infektionsl\u00e4karf\u00f6reningens vaccinationsgrupp uppdaterat de svenska riktlinjerna f\u00f6r vaccination mot TBE. Huvudbudskapet i de nya riktlinjerna \u00e4r f\u00f6ljande: Immunfriska vuxna och barn fr\u00e5n 1 \u00e5rs \u00e5lder, som hinner med minst 2 doser TBE-vaccin f\u00f6re 50 \u00e5rs \u00e5lder 2 primingdoser med minst en\u2026","rel":"","context":"I \u201dEpiNytt\u201d","block_context":{"text":"EpiNytt","link":"https:\/\/resemedicin.se\/reseradet\/kategori\/epinytt\/"},"img":{"alt_text":"","src":"","width":0,"height":0},"classes":[]},{"id":16035,"url":"https:\/\/resemedicin.se\/reseradet\/epinytt\/2026-02-28-utokade-riskomraden-for-tbe-i-tyskland\/","url_meta":{"origin":13825,"position":1},"title":"2026-02-28 Ut\u00f6kade riskomr\u00e5den f\u00f6r TBE i Tyskland\u00a0","author":"Reser\u00e5det","date":"2026-02-28","format":"aside","excerpt":"Tyska h\u00e4lsomyndigheter har uppdaterat kartan \u00f6ver riskomr\u00e5den f\u00f6r f\u00e4stingburen encefalit (TBE). Enligt\u00a0Robert Koch-Institut\u00a0(RKI) har ytterligare distrikt (Landkreise) klassificerats som riskomr\u00e5den inf\u00f6r s\u00e4songen 2026, vilket inneb\u00e4r en fortsatt geografisk expansion av TBE-smitta i landet. Riskomr\u00e5dena omfattar sedan tidigare stora delar av s\u00f6dra Tyskland \u2013 s\u00e4rskilt i f\u00f6rbundsl\u00e4nderna Bayern och Baden-W\u00fcrttemberg \u2013\u2026","rel":"","context":"I \u201dEpiNytt\u201d","block_context":{"text":"EpiNytt","link":"https:\/\/resemedicin.se\/reseradet\/kategori\/epinytt\/"},"img":{"alt_text":"","src":"https:\/\/i0.wp.com\/resemedicin.se\/reseradet\/wp-content\/uploads\/2026\/03\/image.png?resize=350%2C200&ssl=1","width":350,"height":200,"srcset":"https:\/\/i0.wp.com\/resemedicin.se\/reseradet\/wp-content\/uploads\/2026\/03\/image.png?resize=350%2C200&ssl=1 1x, https:\/\/i0.wp.com\/resemedicin.se\/reseradet\/wp-content\/uploads\/2026\/03\/image.png?resize=525%2C300&ssl=1 1.5x, https:\/\/i0.wp.com\/resemedicin.se\/reseradet\/wp-content\/uploads\/2026\/03\/image.png?resize=700%2C400&ssl=1 2x"},"classes":[]},{"id":14945,"url":"https:\/\/resemedicin.se\/reseradet\/epinytt\/2025-09-15-vattkoppsvaccination-infors-i-barnvaccinationsprogrammet-fran-2027\/","url_meta":{"origin":13825,"position":2},"title":"2025-09-15 Vattkoppsvaccination inf\u00f6rs i barnvaccinationsprogrammet fr\u00e5n 2027","author":"Reser\u00e5det","date":"2025-09-15","format":"aside","excerpt":"Regeringen aviserar i budgetpropositionen f\u00f6r 2026 att\u00a0vaccin mot vattkoppor\u00a0inf\u00f6rs i det nationella allm\u00e4nna vaccinationsprogrammet f\u00f6r barn\u00a0fr\u00e5n och med 2027. Folkh\u00e4lsomyndigheten f\u00e5r\u00a03 miljoner kronor under 2026\u00a0f\u00f6r att f\u00f6rbereda inf\u00f6randet (upphandling, informationsmaterial och rekommendationer). Fr\u00e5n 2027 avser regeringen att tillf\u00f6ra\u00a043 miljoner kronor \u00e5rligen\u00a0till regionerna f\u00f6r ink\u00f6p och genomf\u00f6rande. Beslutet motiveras med att\u2026","rel":"","context":"I \u201dEpiNytt\u201d","block_context":{"text":"EpiNytt","link":"https:\/\/resemedicin.se\/reseradet\/kategori\/epinytt\/"},"img":{"alt_text":"","src":"","width":0,"height":0},"classes":[]},{"id":13794,"url":"https:\/\/resemedicin.se\/reseradet\/epinytt\/2025-06-04-nya-rekommendationer-om-vaccination-mot-covid-19-fran-fhm\/","url_meta":{"origin":13825,"position":3},"title":"2025-06-04 Nya rekommendationer om vaccination mot covid-19 fr\u00e5n FHM","author":"Reser\u00e5det","date":"2025-06-04","format":"aside","excerpt":"Folkh\u00e4lsomyndigheten har uppdaterat rekommendationerna om vaccination mot covid-19. Denna rekommendation g\u00e4ller fr\u00e5n 1 september 2025. De nya rekommendationerna kommer i ljuset av att risken f\u00f6r allvarlig covid-19 har minskat de senaste \u00e5ren, men vissa grupper har dock fortfarande en f\u00f6rh\u00f6jd risk och rekommenderas d\u00e4rf\u00f6r vaccination enligt nedan. Reser\u00e5det har uppdaterat\u2026","rel":"","context":"I \u201dEpiNytt\u201d","block_context":{"text":"EpiNytt","link":"https:\/\/resemedicin.se\/reseradet\/kategori\/epinytt\/"},"img":{"alt_text":"","src":"","width":0,"height":0},"classes":[]},{"id":13818,"url":"https:\/\/resemedicin.se\/reseradet\/epinytt\/2025-06-05-nt-radet-beyfortus-till-riskbarn-infor-rsv-sasongen-2025-26\/","url_meta":{"origin":13825,"position":4},"title":"2025-06-05 NT-r\u00e5det: Beyfortus\u00ae till riskbarn inf\u00f6r RSV-s\u00e4songen 2025\/26","author":"Reser\u00e5det","date":"2025-06-05","format":"aside","excerpt":"Regionernas samverkansmodell f\u00f6r l\u00e4kemedel, NT-r\u00e5det, har i ett yttrande till regionerna rekommendera att Beyfortus (nirsevimab) ges som profylax mot RSV-infektion till barn f\u00f6dda fr\u00e5n och med 10 september 2025. Beyfortus ges vid f\u00f6rlossning\/BB-verksamhet antingen direkt efter f\u00f6dseln innan hemg\u00e5ng, eller vid ett ordinarie \u00e5terbes\u00f6k. NT-r\u00e5dets rekommendation till regionerna inf\u00f6r s\u00e4songen\u2026","rel":"","context":"I \u201dEpiNytt\u201d","block_context":{"text":"EpiNytt","link":"https:\/\/resemedicin.se\/reseradet\/kategori\/epinytt\/"},"img":{"alt_text":"","src":"","width":0,"height":0},"classes":[]},{"id":16631,"url":"https:\/\/resemedicin.se\/reseradet\/epinytt\/2026-04-08-stort-masslingsutbrott-i-guatemala-forsta-sedan-eliminering-uppnaddes\/","url_meta":{"origin":13825,"position":5},"title":"2026-04-08 Stort m\u00e4sslingsutbrott i Guatemala \u2013 f\u00f6rsta sedan eliminering uppn\u00e5ddes","author":"Reser\u00e5det","date":"2026-04-08","format":"aside","excerpt":"Ett omfattande m\u00e4sslingsutbrott p\u00e5g\u00e5r i\u00a0Guatemala, med en snabb \u00f6kning av antalet fall under f\u00f6rsta kvartalet 2026. Enligt aktuella rapporter har\u00a0\u00f6ver 3 000 fall\u00a0registrerats nationellt, och\u00a0minst tv\u00e5 d\u00f6dsfall\u00a0bland sm\u00e5 barn har bekr\u00e4ftats. Utbrottet inleddes under slutet av 2025 med ett mindre antal fall, sannolikt kopplade till importsmitta. D\u00e4refter har smittspridningen accelererat\u2026","rel":"","context":"I \u201dEpiNytt\u201d","block_context":{"text":"EpiNytt","link":"https:\/\/resemedicin.se\/reseradet\/kategori\/epinytt\/"},"img":{"alt_text":"","src":"","width":0,"height":0},"classes":[]}],"jetpack_sharing_enabled":true,"_links":{"self":[{"href":"https:\/\/resemedicin.se\/reseradet\/wp-json\/wp\/v2\/posts\/13825","targetHints":{"allow":["GET"]}}],"collection":[{"href":"https:\/\/resemedicin.se\/reseradet\/wp-json\/wp\/v2\/posts"}],"about":[{"href":"https:\/\/resemedicin.se\/reseradet\/wp-json\/wp\/v2\/types\/post"}],"author":[{"embeddable":true,"href":"https:\/\/resemedicin.se\/reseradet\/wp-json\/wp\/v2\/users\/1"}],"replies":[{"embeddable":true,"href":"https:\/\/resemedicin.se\/reseradet\/wp-json\/wp\/v2\/comments?post=13825"}],"version-history":[{"count":2,"href":"https:\/\/resemedicin.se\/reseradet\/wp-json\/wp\/v2\/posts\/13825\/revisions"}],"predecessor-version":[{"id":13828,"href":"https:\/\/resemedicin.se\/reseradet\/wp-json\/wp\/v2\/posts\/13825\/revisions\/13828"}],"wp:attachment":[{"href":"https:\/\/resemedicin.se\/reseradet\/wp-json\/wp\/v2\/media?parent=13825"}],"wp:term":[{"taxonomy":"category","embeddable":true,"href":"https:\/\/resemedicin.se\/reseradet\/wp-json\/wp\/v2\/categories?post=13825"},{"taxonomy":"post_tag","embeddable":true,"href":"https:\/\/resemedicin.se\/reseradet\/wp-json\/wp\/v2\/tags?post=13825"}],"curies":[{"name":"wp","href":"https:\/\/api.w.org\/{rel}","templated":true}]}}