{"id":13821,"date":"2025-06-05T15:45:11","date_gmt":"2025-06-05T14:45:11","guid":{"rendered":"https:\/\/resemedicin.se\/reseradet\/?p=13821"},"modified":"2025-06-16T19:35:36","modified_gmt":"2025-06-16T18:35:36","slug":"2025-06-05-nya-riktlinjer-for-vaccination-vid-immunsuppressiv-behandling","status":"publish","type":"post","link":"https:\/\/resemedicin.se\/reseradet\/epinytt\/2025-06-05-nya-riktlinjer-for-vaccination-vid-immunsuppressiv-behandling\/","title":{"rendered":"2025-06-05 Nya riktlinjer f\u00f6r vaccination vid immunsuppressiv behandling"},"content":{"rendered":"\n<p>Infektionsl\u00e4karf\u00f6reningen har gett ut en ny version av&nbsp;<em><a href=\"https:\/\/infektion.net\/wp-content\/uploads\/2025\/06\/riktlinjer-vaccination-till-immunsupprimerade_2025.pdf\" target=\"_blank\" rel=\"noreferrer noopener\">Riktlinjer f\u00f6r vaccination vid immunsuppressiv behandling<\/a><\/em>. Dokumentet \u00e4r anv\u00e4ndbart som en praktisk v\u00e4gledning vid vaccination av vuxna patienter med p\u00e5g\u00e5ende eller planerad immunsuppressiv behandling. Riktlinjerna fokuserar p\u00e5 pneumokock- och b\u00e4ltrosvaccin, de tv\u00e5 vacciner som bed\u00f6ms vara mest relevanta i denna patientgrupp.<\/p>\n\n\n\n<p>Riktlinjen bygger p\u00e5 litteraturgenomg\u00e5ng och expertbed\u00f6mning, med tabell\u00f6versikter \u00f6ver risk f\u00f6r infektion och vaccinsvar f\u00f6r enskilda l\u00e4kemedel. Syftet \u00e4r att underl\u00e4tta kliniskt beslutsfattande, inklusive val av vaccin, doseringsschema och tidpunkt f\u00f6r vaccination i f\u00f6rh\u00e5llande till l\u00e4kemedelsbehandling.&nbsp;<\/p>\n\n\n\n<p>Reser\u00e5dets olika rekommendationer kommer inom kort att uppdateras i ljuset av dessa nya riktlinjer.<\/p>\n\n\n\n<p style=\"font-size:12px\"><em><strong>EpiNytt\u00a0<\/strong><\/em>\u00e4r Reser\u00e5dets kostnadsfria omv\u00e4rldsbevakning med aktuell information om\u00a0utbrott och nyheter p\u00e5 vaccin- och resefronten. Se <a href=\"https:\/\/resemedicin.se\/reseradet\/epinytt\/\">hela listan med nyheter i fulltext<\/a>. Dela g\u00e4rna l\u00e4nken med intresserade kolleger, vilka ocks\u00e5 sj\u00e4lva kan <a href=\"https:\/\/resemedicin.se\/reseradet\/prenumerera-kostnadsfritt-pa-epinytt\/\">prenumerera p\u00e5 nyhetsbrevet<\/a> utan kostnad.<\/p>\n","protected":false},"excerpt":{"rendered":"<p>Infektionsl\u00e4karf\u00f6reningen har gett ut en ny version av&nbsp;Riktlinjer f\u00f6r vaccination vid immunsuppressiv behandling. Dokumentet \u00e4r anv\u00e4ndbart som en praktisk v\u00e4gledning vid vaccination av vuxna patienter med p\u00e5g\u00e5ende eller planerad immunsuppressiv behandling. Riktlinjerna fokuserar p\u00e5 pneumokock- och b\u00e4ltrosvaccin, de tv\u00e5 vacciner som bed\u00f6ms vara mest relevanta i denna patientgrupp. Riktlinjen bygger p\u00e5 litteraturgenomg\u00e5ng och expertbed\u00f6mning, med &hellip; <a href=\"https:\/\/resemedicin.se\/reseradet\/epinytt\/2025-06-05-nya-riktlinjer-for-vaccination-vid-immunsuppressiv-behandling\/\" class=\"more-link\">Forts\u00e4tt l\u00e4sa<span class=\"screen-reader-text\"> \u201d2025-06-05 Nya riktlinjer f\u00f6r vaccination vid immunsuppressiv behandling\u201d<\/span><\/a><\/p>\n","protected":false},"author":1,"featured_media":0,"comment_status":"open","ping_status":"closed","sticky":false,"template":"","format":"aside","meta":{"_lmt_disableupdate":"","_lmt_disable":"","_jetpack_memberships_contains_paid_content":false,"footnotes":""},"categories":[2],"tags":[],"class_list":["post-13821","post","type-post","status-publish","format-aside","hentry","category-epinytt","post_format-post-format-aside"],"modified_by":"Reser\u00e5det","jetpack_featured_media_url":"","jetpack-related-posts":[{"id":14464,"url":"https:\/\/resemedicin.se\/reseradet\/epinytt\/2025-07-07-nya-riktlinjer-for-tbe-vaccination\/","url_meta":{"origin":13821,"position":0},"title":"2025-07-07 Nya riktlinjer f\u00f6r TBE-vaccination","author":"Reser\u00e5det","date":"2025-07-07","format":"aside","excerpt":"Baserat p\u00e5 en litteraturgenomg\u00e5ng och internationella erfarenheter har Svenska Infektionsl\u00e4karf\u00f6reningens vaccinationsgrupp uppdaterat de svenska riktlinjerna f\u00f6r vaccination mot TBE. Huvudbudskapet i de nya riktlinjerna \u00e4r f\u00f6ljande: Immunfriska vuxna och barn fr\u00e5n 1 \u00e5rs \u00e5lder, som hinner med minst 2 doser TBE-vaccin f\u00f6re 50 \u00e5rs \u00e5lder 2 primingdoser med minst en\u2026","rel":"","context":"I \u201dEpiNytt\u201d","block_context":{"text":"EpiNytt","link":"https:\/\/resemedicin.se\/reseradet\/kategori\/epinytt\/"},"img":{"alt_text":"","src":"","width":0,"height":0},"classes":[]},{"id":16218,"url":"https:\/\/resemedicin.se\/reseradet\/epinytt\/2026-03-25-nya-svenska-rekommendationer-for-hiv-prep-okad-relevans-i-reseradgivning\/","url_meta":{"origin":13821,"position":1},"title":"2026-03-25 Nya svenska rekommendationer f\u00f6r hiv-PrEP \u2013 \u00f6kad relevans i reser\u00e5dgivning","author":"Reser\u00e5det","date":"2026-03-25","format":"aside","excerpt":"Referensgruppen f\u00f6r antiviral terapi (RAV) har nyligen publicerat uppdaterade svenska rekommendationer f\u00f6r hiv preexpositionsprofylax (PrEP). Dokumentet betonar en bredare och mer individualiserad riskbed\u00f6mning, d\u00e4r \u00e4ven resesituationer lyfts fram som en viktig indikation. PrEP rekommenderas till personer d\u00e4r risken f\u00f6r hiv-infektion bed\u00f6ms som betydande. Klassiska m\u00e5lgrupper kvarst\u00e5r, s\u00e5som m\u00e4n som har\u2026","rel":"","context":"I \u201dEpiNytt\u201d","block_context":{"text":"EpiNytt","link":"https:\/\/resemedicin.se\/reseradet\/kategori\/epinytt\/"},"img":{"alt_text":"","src":"","width":0,"height":0},"classes":[]},{"id":13794,"url":"https:\/\/resemedicin.se\/reseradet\/epinytt\/2025-06-04-nya-rekommendationer-om-vaccination-mot-covid-19-fran-fhm\/","url_meta":{"origin":13821,"position":2},"title":"2025-06-04 Nya rekommendationer om vaccination mot covid-19 fr\u00e5n FHM","author":"Reser\u00e5det","date":"2025-06-04","format":"aside","excerpt":"Folkh\u00e4lsomyndigheten har uppdaterat rekommendationerna om vaccination mot covid-19. Denna rekommendation g\u00e4ller fr\u00e5n 1 september 2025. De nya rekommendationerna kommer i ljuset av att risken f\u00f6r allvarlig covid-19 har minskat de senaste \u00e5ren, men vissa grupper har dock fortfarande en f\u00f6rh\u00f6jd risk och rekommenderas d\u00e4rf\u00f6r vaccination enligt nedan. Reser\u00e5det har uppdaterat\u2026","rel":"","context":"I \u201dEpiNytt\u201d","block_context":{"text":"EpiNytt","link":"https:\/\/resemedicin.se\/reseradet\/kategori\/epinytt\/"},"img":{"alt_text":"","src":"","width":0,"height":0},"classes":[]},{"id":16111,"url":"https:\/\/resemedicin.se\/reseradet\/epinytt\/2026-03-13-ema-granskar-fall-av-aseptisk-meningit-efter-ixchiq\/","url_meta":{"origin":13821,"position":3},"title":"2026-03-13 EMA granskar fall av aseptisk meningit efter Ixchiq","author":"Reser\u00e5det","date":"2026-03-13","format":"aside","excerpt":"Europeiska l\u00e4kemedelsmyndighetens s\u00e4kerhetskommitt\u00e9 PRAC behandlade vid sitt m\u00f6te 9\u201312 mars 2026 s\u00e4kerhetsdata f\u00f6r det levande f\u00f6rsvagade vaccinet Ixchiq\u00ae\u00a0 mot chikungunyafeber efter rapporter om fall av\u00a0aseptisk meningit\u00a0i anslutning till vaccination. Granskningen initierades efter att flera neurologiska biverkningar rapporterats efter vaccination. PRAC konstaterar att aseptisk meningit i mycket s\u00e4llsynta fall kan upptr\u00e4da\u2026","rel":"","context":"I \u201dEpiNytt\u201d","block_context":{"text":"EpiNytt","link":"https:\/\/resemedicin.se\/reseradet\/kategori\/epinytt\/"},"img":{"alt_text":"","src":"","width":0,"height":0},"classes":[]},{"id":14811,"url":"https:\/\/resemedicin.se\/reseradet\/epinytt\/ny-smittskyddshandbok-snart-i-bokhandeln-2\/","url_meta":{"origin":13821,"position":4},"title":"Ny upplaga av v\u00e4lrenommerad smittskyddshandbok snart i bokhandeln","author":"Reser\u00e5det","date":"2025-08-21","format":"aside","excerpt":"Bevaka boken redan nu En ny femte upplaga av den ledande europeiska handboken i smittskydd och h\u00e4lsoskydd kommer inom kort i tryck och som e-bok. Communicable Disease Control and Health Protection Handbook \u00e4r en auktoritativ, aktuell guide till aktuella riktlinjer kring identifiering och kontroll av smittsamma sjukdomar. Handboken ger praktiska\u2026","rel":"","context":"I \u201dEpiNytt\u201d","block_context":{"text":"EpiNytt","link":"https:\/\/resemedicin.se\/reseradet\/kategori\/epinytt\/"},"img":{"alt_text":"","src":"https:\/\/i0.wp.com\/resemedicin.se\/reseradet\/wp-content\/uploads\/2025\/08\/9781394327690_383x_communicable-disease-control-and-health-protection-handbook_haftad-2.jpeg?resize=350%2C200&ssl=1","width":350,"height":200},"classes":[]},{"id":14937,"url":"https:\/\/resemedicin.se\/reseradet\/epinytt\/2025-09-14-kikhosta-japan\/","url_meta":{"origin":13821,"position":5},"title":"2025-09-14 Kikhosta, Japan","author":"Reser\u00e5det","date":"2025-09-14","format":"aside","excerpt":"Japan rapporterar ett rekordstort antal fall av kikhosta (pertussis) under 2025. Enligt de senaste rapporterna har mer \u00e4n 72 000 fall registrerats fram till slutet av augusti, vilket vida \u00f6verstiger tidigare \u00e5rs siffror. Antalet fall har \u00f6kat snabbt under v\u00e5ren och sommaren med flera veckor d\u00e4r \u00f6ver 2 000 nya\u2026","rel":"","context":"I \u201dEpiNytt\u201d","block_context":{"text":"EpiNytt","link":"https:\/\/resemedicin.se\/reseradet\/kategori\/epinytt\/"},"img":{"alt_text":"","src":"","width":0,"height":0},"classes":[]}],"jetpack_sharing_enabled":true,"_links":{"self":[{"href":"https:\/\/resemedicin.se\/reseradet\/wp-json\/wp\/v2\/posts\/13821","targetHints":{"allow":["GET"]}}],"collection":[{"href":"https:\/\/resemedicin.se\/reseradet\/wp-json\/wp\/v2\/posts"}],"about":[{"href":"https:\/\/resemedicin.se\/reseradet\/wp-json\/wp\/v2\/types\/post"}],"author":[{"embeddable":true,"href":"https:\/\/resemedicin.se\/reseradet\/wp-json\/wp\/v2\/users\/1"}],"replies":[{"embeddable":true,"href":"https:\/\/resemedicin.se\/reseradet\/wp-json\/wp\/v2\/comments?post=13821"}],"version-history":[{"count":2,"href":"https:\/\/resemedicin.se\/reseradet\/wp-json\/wp\/v2\/posts\/13821\/revisions"}],"predecessor-version":[{"id":13823,"href":"https:\/\/resemedicin.se\/reseradet\/wp-json\/wp\/v2\/posts\/13821\/revisions\/13823"}],"wp:attachment":[{"href":"https:\/\/resemedicin.se\/reseradet\/wp-json\/wp\/v2\/media?parent=13821"}],"wp:term":[{"taxonomy":"category","embeddable":true,"href":"https:\/\/resemedicin.se\/reseradet\/wp-json\/wp\/v2\/categories?post=13821"},{"taxonomy":"post_tag","embeddable":true,"href":"https:\/\/resemedicin.se\/reseradet\/wp-json\/wp\/v2\/tags?post=13821"}],"curies":[{"name":"wp","href":"https:\/\/api.w.org\/{rel}","templated":true}]}}