{"id":13681,"date":"2025-05-30T11:34:51","date_gmt":"2025-05-30T10:34:51","guid":{"rendered":"https:\/\/resemedicin.se\/reseradet\/?p=13681"},"modified":"2025-06-03T07:23:17","modified_gmt":"2025-06-03T06:23:17","slug":"2025-05-30-global-koleraoversikt-och-nytt-stort-utbrott-i-sudan","status":"publish","type":"post","link":"https:\/\/resemedicin.se\/reseradet\/epinytt\/2025-05-30-global-koleraoversikt-och-nytt-stort-utbrott-i-sudan\/","title":{"rendered":"2025-05-30 Global kolera\u00f6versikt"},"content":{"rendered":"\n<p>Under \u00e5ret  t.o.m. den 27 april har totalt 157 035 fall av <a href=\"https:\/\/resemedicin.se\/reseradet\/kolera\/\">kolera<\/a> (varav 2 148 d\u00f6dsfall) <a href=\"https:\/\/www.who.int\/publications\/m\/item\/multi-country-outbreak-of-cholera--external-situation-report--26--22-may-2025\" target=\"_blank\" rel=\"noreferrer noopener\">rapporterats fr\u00e5n 26 l\u00e4nder i tre WHO-regioner<\/a>, med flest fall i regionerna Afrika (AFRO) med 91 195 fall i 17 l\u00e4nder, f\u00f6ljt av  \u00d6stra Medelhavet (EMRO) med 63 792 fall i 6 l\u00e4nder och Sydostasien (SEARO) med 1 868 fall i fem l\u00e4nder. Inga fall rapporterades i de \u00f6vriga WHO-regionerna. Data, inte minst fr\u00e5n Afrika, \u00e4r dock ofullst\u00e4ndiga p.g.a. konflikter och extremt v\u00e4der p\u00e5 flera h\u00e5ll. F\u00f6r detaljerade data se WHO-tabell nedan.<\/p>\n\n\n\n<figure class=\"wp-block-image size-large\"><img data-recalc-dims=\"1\" loading=\"lazy\" decoding=\"async\" width=\"840\" height=\"677\" src=\"https:\/\/i0.wp.com\/resemedicin.se\/reseradet\/wp-content\/uploads\/2025\/05\/Kolera-WHO.jpg?resize=840%2C677&#038;ssl=1\" alt=\"\" class=\"wp-image-13684\" srcset=\"https:\/\/i0.wp.com\/resemedicin.se\/reseradet\/wp-content\/uploads\/2025\/05\/Kolera-WHO.jpg?resize=1024%2C825&amp;ssl=1 1024w, https:\/\/i0.wp.com\/resemedicin.se\/reseradet\/wp-content\/uploads\/2025\/05\/Kolera-WHO.jpg?resize=300%2C242&amp;ssl=1 300w, https:\/\/i0.wp.com\/resemedicin.se\/reseradet\/wp-content\/uploads\/2025\/05\/Kolera-WHO.jpg?resize=768%2C619&amp;ssl=1 768w, https:\/\/i0.wp.com\/resemedicin.se\/reseradet\/wp-content\/uploads\/2025\/05\/Kolera-WHO.jpg?resize=1536%2C1238&amp;ssl=1 1536w, https:\/\/i0.wp.com\/resemedicin.se\/reseradet\/wp-content\/uploads\/2025\/05\/Kolera-WHO.jpg?resize=2048%2C1651&amp;ssl=1 2048w, https:\/\/i0.wp.com\/resemedicin.se\/reseradet\/wp-content\/uploads\/2025\/05\/Kolera-WHO.jpg?resize=1200%2C967&amp;ssl=1 1200w, https:\/\/i0.wp.com\/resemedicin.se\/reseradet\/wp-content\/uploads\/2025\/05\/Kolera-WHO.jpg?w=1680&amp;ssl=1 1680w\" sizes=\"auto, (max-width: 709px) 85vw, (max-width: 909px) 67vw, (max-width: 1362px) 62vw, 840px\" \/><\/figure>\n\n\n\n<p>Under maj m\u00e5nad (efter datainsamling till ovanst\u00e5ende rapport) \u00e4r situation mest akut i Sudan d\u00e4r ett nytt kolerautbrott har drabbat fler \u00e4n 2 500 m\u00e4nniskor (med 172 d\u00f6dsfall) enbart under den sista veckan av maj. Majoriteten av fallen rapporterades i huvudstaden Khartoum och dess f\u00f6rort Omdurman, men kolera har ocks\u00e5 uppt\u00e4ckt i provinserna Norra Kordofan, Sennar, Gazira, Vita Nilen och Nilen. Landets befintliga v\u00e5rdinr\u00e4ttningar har stora sv\u00e5righeter att kunnat hantera denna kraftiga \u00f6kning av patienter.<\/p>\n\n\n\n<h5 class=\"wp-block-heading\">Reser\u00e5dets bed\u00f6mning<\/h5>\n\n\n\n<p>De nu beskrivna utbrotten \u00e4r centrerade till omr\u00e5den och befolkningsgrupper som lider av fattigdom, bristande sanitet, naturkatastrofer och v\u00e4pnad konflikt. Genom att noggrant f\u00f6lja&nbsp;<a href=\"https:\/\/resemedicin.se\/reseradet\/reserad\/mat-och-dryck\/\">rekommendationer avseende mat, dryck och hygien<\/a>&nbsp;samt&nbsp;<a href=\"https:\/\/resemedicin.se\/reseradet\/reserad\/vattenrening\/\">vattenrening<\/a>&nbsp;kan resen\u00e4ren g\u00f6ra en hel del f\u00f6r att minimera risken f\u00f6r kolera, men det g\u00e5r inte att helt eliminera den. Sjukv\u00e5rds- och bist\u00e5ndspersonal samt personer som ska bes\u00f6ka sl\u00e4kt och v\u00e4nner i drabbade omr\u00e5den b\u00f6r d\u00e4rf\u00f6r ha ett gott <a href=\"https:\/\/resemedicin.se\/reseradet\/kolera\/#indikationer\">vaccinskydd mot kolera<\/a>. Risken f\u00f6r \u00f6vriga resen\u00e4rer \u00e4r s\u00e5 l\u00e5g att vaccinskydd ut\u00f6ver hygienrekommendationer s\u00e4llan \u00e4r motiverat.<\/p>\n\n\n\n<p style=\"font-size:12px\"><em><strong>EpiNytt&nbsp;<\/strong><\/em>\u00e4r Reser\u00e5dets kostnadsfria omv\u00e4rldsbevakning med aktuell information om&nbsp;utbrott och nyheter p\u00e5 vaccin- och resefronten. Se <a href=\"https:\/\/resemedicin.se\/reseradet\/epinytt\/\">hela listan med nyheter i fulltext<\/a>. Dela g\u00e4rna l\u00e4nken med intresserade kolleger, vilka ocks\u00e5 sj\u00e4lva kan <a href=\"https:\/\/resemedicin.se\/reseradet\/prenumerera-kostnadsfritt-pa-epinytt\/\">prenumerera p\u00e5 nyhetsbrevet<\/a> utan kostnad.<\/p>\n","protected":false},"excerpt":{"rendered":"<p>Under \u00e5ret t.o.m. den 27 april har totalt 157 035 fall av kolera (varav 2 148 d\u00f6dsfall) rapporterats fr\u00e5n 26 l\u00e4nder i tre WHO-regioner, med flest fall i regionerna Afrika (AFRO) med 91 195 fall i 17 l\u00e4nder, f\u00f6ljt av \u00d6stra Medelhavet (EMRO) med 63 792 fall i 6 l\u00e4nder och Sydostasien (SEARO) med 1 &hellip; <a href=\"https:\/\/resemedicin.se\/reseradet\/epinytt\/2025-05-30-global-koleraoversikt-och-nytt-stort-utbrott-i-sudan\/\" class=\"more-link\">Forts\u00e4tt l\u00e4sa<span class=\"screen-reader-text\"> \u201d2025-05-30 Global kolera\u00f6versikt\u201d<\/span><\/a><\/p>\n","protected":false},"author":1,"featured_media":0,"comment_status":"open","ping_status":"closed","sticky":false,"template":"","format":"aside","meta":{"_lmt_disableupdate":"","_lmt_disable":"","_jetpack_memberships_contains_paid_content":false,"footnotes":""},"categories":[2],"tags":[],"class_list":["post-13681","post","type-post","status-publish","format-aside","hentry","category-epinytt","post_format-post-format-aside"],"modified_by":"Reser\u00e5det","jetpack_featured_media_url":"","jetpack-related-posts":[{"id":15241,"url":"https:\/\/resemedicin.se\/reseradet\/epinytt\/2025-11-23-difteri-okar-i-flera-afrikanska-lander-hog-risk-for-fortsatt-spridning\/","url_meta":{"origin":13681,"position":0},"title":"2025-11-23 Difteri \u00f6kar i flera afrikanska l\u00e4nder \u2013 h\u00f6g risk f\u00f6r fortsatt spridning","author":"Reser\u00e5det","date":"2025-11-23","format":"aside","excerpt":"WHO rapporterar den 21 november i en Disease Outbreak News om den aktuella difterisituationen i Afrika. Fr\u00e5n 1 januari till 2 november 2025 har sammanlagt\u00a020 412 misst\u00e4nkta fall av difteri, inklusive\u00a01 252 d\u00f6dsfall (cirka 6% d\u00f6dlighet) rapporterats i \u00e5tta medlemsl\u00e4nder i WHO:s afrikanska region (Algeriet, Tchad, Guinea, Mali, Mauretanien, Niger,\u2026","rel":"","context":"I \u201dEpiNytt\u201d","block_context":{"text":"EpiNytt","link":"https:\/\/resemedicin.se\/reseradet\/kategori\/epinytt\/"},"img":{"alt_text":"","src":"","width":0,"height":0},"classes":[]},{"id":14904,"url":"https:\/\/resemedicin.se\/reseradet\/epinytt\/2025-09-06-kolera-globalt-lage-2024\/","url_meta":{"origin":13681,"position":1},"title":"2025-09-06 Kolera &#8211; globalt l\u00e4ge 2024","author":"Reser\u00e5det","date":"2025-09-08","format":"aside","excerpt":"Kolera \u2013 globalt l\u00e4ge 2024 (WHO \u00e5rsrapportering) WHO rapporterar att den p\u00e5g\u00e5ende 7:e kolerapandemin fortsatte att spridas under 2024. Totalt\u00a0560 823 fall\u00a0och\u00a06 028 d\u00f6dsfall\u00a0anm\u00e4ldes fr\u00e5n\u00a060 l\u00e4nder, en \u00f6kning fr\u00e5n 45 l\u00e4nder \u00e5ret innan. J\u00e4mf\u00f6rt med 2023 \u00f6kade antalet fall med 5 % och d\u00f6dsfallen med 50 %. Den globala d\u00f6dligheten\u2026","rel":"","context":"I \u201dEpiNytt\u201d","block_context":{"text":"EpiNytt","link":"https:\/\/resemedicin.se\/reseradet\/kategori\/epinytt\/"},"img":{"alt_text":"","src":"https:\/\/i0.wp.com\/resemedicin.se\/reseradet\/wp-content\/uploads\/2025\/09\/image-1.png?resize=350%2C200&ssl=1","width":350,"height":200,"srcset":"https:\/\/i0.wp.com\/resemedicin.se\/reseradet\/wp-content\/uploads\/2025\/09\/image-1.png?resize=350%2C200&ssl=1 1x, https:\/\/i0.wp.com\/resemedicin.se\/reseradet\/wp-content\/uploads\/2025\/09\/image-1.png?resize=525%2C300&ssl=1 1.5x, https:\/\/i0.wp.com\/resemedicin.se\/reseradet\/wp-content\/uploads\/2025\/09\/image-1.png?resize=700%2C400&ssl=1 2x, https:\/\/i0.wp.com\/resemedicin.se\/reseradet\/wp-content\/uploads\/2025\/09\/image-1.png?resize=1050%2C600&ssl=1 3x, https:\/\/i0.wp.com\/resemedicin.se\/reseradet\/wp-content\/uploads\/2025\/09\/image-1.png?resize=1400%2C800&ssl=1 4x"},"classes":[]},{"id":15777,"url":"https:\/\/resemedicin.se\/reseradet\/epinytt\/2026-01-06-who-mattlig-global-risk-for-chikungunya-infor-2026\/","url_meta":{"origin":13681,"position":2},"title":"2026-01-06 WHO: m\u00e5ttlig global risk f\u00f6r chikungunya inf\u00f6r 2026","author":"Reser\u00e5det","date":"2026-01-05","format":"aside","excerpt":"WHO har i en epidemiologisk \u00f6versikt\u00a0bed\u00f6mt den\u00a0globala folkh\u00e4lsorisken\u00a0avseende chikungunyafeber som\u00a0m\u00e5ttlig. Bed\u00f6mningen grundas p\u00e5 omfattande och geografiskt spridd transmission under 2025, klimatdriven expansion av Aedes-myggrnas utbredning, \u00f6kande resande samt avsaknad av specifik antiviral behandling. Under perioden\u00a01 januari\u201310 december 2025 rapporterades globalt\u00a0502 264 fall\u00a0(varav\u00a0208 335 bekr\u00e4ftade) och\u00a0186 d\u00f6dsfall\u00a0fr\u00e5n\u00a041 l\u00e4nder\/territorier. WHO betonar att\u2026","rel":"","context":"I \u201dEpiNytt\u201d","block_context":{"text":"EpiNytt","link":"https:\/\/resemedicin.se\/reseradet\/kategori\/epinytt\/"},"img":{"alt_text":"","src":"","width":0,"height":0},"classes":[]},{"id":13009,"url":"https:\/\/resemedicin.se\/reseradet\/epinytt\/2025-05-05-global-oversikt-denguefeber\/","url_meta":{"origin":13681,"position":3},"title":"2025-05-05 Global \u00f6versikt denguefeber","author":"Reser\u00e5det","date":"2025-05-05","format":"aside","excerpt":"Mer \u00e4n 13 miljoner fall av denguefeber rapporterades under 2024, vilket \u00e4r det h\u00f6gsta \u00e5rliga antalet n\u00e5gonsin. WHO har klassificerat denguefeber som en grad 3-n\u00f6dsituation, med uppskattningsvis 4 miljarder m\u00e4nniskor i riskzonen globalt. Den stora spridningen har fortsatt under \u00e5ret, och enligt WHO har per den 2 maj 2025 \u00f6ver\u2026","rel":"","context":"I \u201dEpiNytt\u201d","block_context":{"text":"EpiNytt","link":"https:\/\/resemedicin.se\/reseradet\/kategori\/epinytt\/"},"img":{"alt_text":"","src":"","width":0,"height":0},"classes":[]},{"id":15737,"url":"https:\/\/resemedicin.se\/reseradet\/epinytt\/2025-12-08-mpox-globalt-lage\/","url_meta":{"origin":13681,"position":4},"title":"2025-12-08 Mpox \u2013 globalt l\u00e4ge","author":"Reser\u00e5det","date":"2025-12-08","format":"aside","excerpt":"WHO rapporterar i sin senaste Disease Outbreak News att spridningen av mpox nu omfattar fler regioner \u00e4n tidigare och att den drivs av subkladen\u00a0Clade Ib, som f\u00f6rst identifierades i DR Kongo 2023. Mellan 5 september och 24 november 2025 har totalt 43 nya fall bekr\u00e4ftats globalt, varav 24 utan resehistoria.\u2026","rel":"","context":"I \u201dEpiNytt\u201d","block_context":{"text":"EpiNytt","link":"https:\/\/resemedicin.se\/reseradet\/kategori\/epinytt\/"},"img":{"alt_text":"","src":"","width":0,"height":0},"classes":[]},{"id":15374,"url":"https:\/\/resemedicin.se\/reseradet\/epinytt\/2025-11-30-dengue-global-lagesuppdatering-november-2025\/","url_meta":{"origin":13681,"position":5},"title":"2025-11-30 Dengue \u2013 global l\u00e4gesuppdatering november 2025","author":"Reser\u00e5det","date":"2025-11-30","format":"aside","excerpt":"Enligt data rapporterade till WHO t.o.m. 19 november har sedan \u00e5rets b\u00f6rjan globalt \u00f6ver 4,7 miljoner fall\u00a0av denguefeber och\u00a03 400 dengueassocierade d\u00f6dsfall\u00a0rapporterats fr\u00e5n\u00a0103 l\u00e4nder\/territorier. Nedan anges (f\u00f6rutom i Europa) l\u00e4nder som rapporterat mer \u00e4n 1 000 fall. Europa I det kontinentala EU\/EES (exklusive yttersta randomr\u00e5den) har man under 2025 rapporterat\u00a029\u2026","rel":"","context":"I \u201dEpiNytt\u201d","block_context":{"text":"EpiNytt","link":"https:\/\/resemedicin.se\/reseradet\/kategori\/epinytt\/"},"img":{"alt_text":"","src":"","width":0,"height":0},"classes":[]}],"jetpack_sharing_enabled":true,"_links":{"self":[{"href":"https:\/\/resemedicin.se\/reseradet\/wp-json\/wp\/v2\/posts\/13681","targetHints":{"allow":["GET"]}}],"collection":[{"href":"https:\/\/resemedicin.se\/reseradet\/wp-json\/wp\/v2\/posts"}],"about":[{"href":"https:\/\/resemedicin.se\/reseradet\/wp-json\/wp\/v2\/types\/post"}],"author":[{"embeddable":true,"href":"https:\/\/resemedicin.se\/reseradet\/wp-json\/wp\/v2\/users\/1"}],"replies":[{"embeddable":true,"href":"https:\/\/resemedicin.se\/reseradet\/wp-json\/wp\/v2\/comments?post=13681"}],"version-history":[{"count":3,"href":"https:\/\/resemedicin.se\/reseradet\/wp-json\/wp\/v2\/posts\/13681\/revisions"}],"predecessor-version":[{"id":13761,"href":"https:\/\/resemedicin.se\/reseradet\/wp-json\/wp\/v2\/posts\/13681\/revisions\/13761"}],"wp:attachment":[{"href":"https:\/\/resemedicin.se\/reseradet\/wp-json\/wp\/v2\/media?parent=13681"}],"wp:term":[{"taxonomy":"category","embeddable":true,"href":"https:\/\/resemedicin.se\/reseradet\/wp-json\/wp\/v2\/categories?post=13681"},{"taxonomy":"post_tag","embeddable":true,"href":"https:\/\/resemedicin.se\/reseradet\/wp-json\/wp\/v2\/tags?post=13681"}],"curies":[{"name":"wp","href":"https:\/\/api.w.org\/{rel}","templated":true}]}}