{"id":13678,"date":"2025-05-30T10:32:03","date_gmt":"2025-05-30T09:32:03","guid":{"rendered":"https:\/\/resemedicin.se\/reseradet\/?p=13678"},"modified":"2025-06-03T07:23:48","modified_gmt":"2025-06-03T06:23:48","slug":"2025-05-30-ny-covid-19-variant-driver-global-okning-men-inte-i-europa","status":"publish","type":"post","link":"https:\/\/resemedicin.se\/reseradet\/epinytt\/2025-05-30-ny-covid-19-variant-driver-global-okning-men-inte-i-europa\/","title":{"rendered":"2025-05-30 Ny covid-19-variant driver global \u00f6kning, men inte i Europa"},"content":{"rendered":"\n<p>V\u00e4rldsh\u00e4lsoorganisationen (WHO) publicerade den 28 maj ett <a href=\"https:\/\/www.who.int\/emergencies\/disease-outbreak-news\/item\/2025-DON572\">utbrottsmeddelande<\/a> om en \u00f6kad aktivitet av <a href=\"https:\/\/www.resemedicin.se\/reseradet\/sjukdomar-och-vacciner\/covid-19\">Covid-19<\/a>, driven av den nya varianten NB.1.8.1.<\/p>\n\n\n\n<p>Den globala SARS-CoV-2-aktiviteten har \u00f6kat sedan mitten av februari, med en testpositivitet p\u00e5 11%, niv\u00e5er som inte har observerats sedan juli 2024.<br>\u00d6kningen av aktivitet ses i tre WHO-regioner, v\u00e4stra Stilla havet, Sydostasien och \u00f6stra Medelhavsomr\u00e5det, medan l\u00e4nder i Afrika, Europa och Amerika f\u00f6r n\u00e4rvarande rapporterar l\u00e5ga niv\u00e5er av SARS-CoV-2-aktivitet, med positivitetsniv\u00e5er fr\u00e5n 2 % till 3 %.<\/p>\n\n\n\n<p>Fr\u00e5n och med f\u00f6rra veckan representerar NB.1.8.1-varianten 10,7 % av de globalt tillg\u00e4ngliga sekvenserna. \u00c4ven om andelen fortfarande \u00e4r l\u00e5g, representerar detta en betydande \u00f6kning fr\u00e5n 2,5 % fyra veckor tidigare. Rapporteringen av COVID-19-relaterade sjukhusinl\u00e4ggningar, inl\u00e4ggningar p\u00e5 intensivv\u00e5rdsavdelningar och d\u00f6dsfall \u00e4r mycket begr\u00e4nsad fr\u00e5n l\u00e4nder i regioner som upplever \u00f6kad aktivitet.<\/p>\n\n\n\n<h5 class=\"wp-block-heading\">Reser\u00e5dets kommentar<\/h5>\n\n\n\n<p>\u00c4ven om \u00f6kningen av aktiviteten liknar den som s\u00e5gs f\u00f6rra \u00e5ret, saknas det fortfarande en tydlig s\u00e4songsvariation i Covid-19-virusets dynamik. Enligt <a href=\"https:\/\/www.ecdc.europa.eu\/sites\/default\/files\/documents\/Communicable-disease-threats-report-week-22-2025.pdf\">ECDC i sin senaste veckorapport<\/a> har endast 18 fall av NB.1.8.1-varianten rapporterats i Europa, men man har \u00e4nd\u00e5 valt att l\u00e4gga till den som en variant under monitoring (VUM) med tanke p\u00e5 den globala utvecklingen. Det \u00e4r \u00e4nnu f\u00f6r tidigt att bed\u00f6ma om varianten kommer att ha n\u00e5gon v\u00e4sentlig epidemiologisk inverkan i EU\/EES. Det finns f\u00f6r n\u00e4rvarande inga tecken p\u00e5 att NB.1.8.1 har n\u00e5gon signifikant inverkan p\u00e5 vaccineffektiviteten mot allvarlig sjukdom hos nu tillg\u00e4ngliga vacciner, men mer studier beh\u00f6vs.<\/p>\n\n\n\n<p style=\"font-size:12px\"><em><strong>EpiNytt&nbsp;<\/strong><\/em>\u00e4r Reser\u00e5dets kostnadsfria omv\u00e4rldsbevakning med aktuell information om&nbsp;utbrott och nyheter p\u00e5 vaccin- och resefronten. Se <a href=\"https:\/\/resemedicin.se\/reseradet\/epinytt\/\">hela listan med nyheter i fulltext<\/a>. Dela g\u00e4rna l\u00e4nken med intresserade kolleger, vilka ocks\u00e5 sj\u00e4lva kan <a href=\"https:\/\/resemedicin.se\/reseradet\/prenumerera-kostnadsfritt-pa-epinytt\/\">prenumerera p\u00e5 nyhetsbrevet<\/a> utan kostnad.<\/p>\n","protected":false},"excerpt":{"rendered":"<p>V\u00e4rldsh\u00e4lsoorganisationen (WHO) publicerade den 28 maj ett utbrottsmeddelande om en \u00f6kad aktivitet av Covid-19, driven av den nya varianten NB.1.8.1. Den globala SARS-CoV-2-aktiviteten har \u00f6kat sedan mitten av februari, med en testpositivitet p\u00e5 11%, niv\u00e5er som inte har observerats sedan juli 2024.\u00d6kningen av aktivitet ses i tre WHO-regioner, v\u00e4stra Stilla havet, Sydostasien och \u00f6stra Medelhavsomr\u00e5det, &hellip; <a href=\"https:\/\/resemedicin.se\/reseradet\/epinytt\/2025-05-30-ny-covid-19-variant-driver-global-okning-men-inte-i-europa\/\" class=\"more-link\">Forts\u00e4tt l\u00e4sa<span class=\"screen-reader-text\"> \u201d2025-05-30 Ny covid-19-variant driver global \u00f6kning, men inte i Europa\u201d<\/span><\/a><\/p>\n","protected":false},"author":1,"featured_media":0,"comment_status":"open","ping_status":"closed","sticky":false,"template":"","format":"aside","meta":{"_lmt_disableupdate":"","_lmt_disable":"","_jetpack_memberships_contains_paid_content":false,"footnotes":""},"categories":[2],"tags":[],"class_list":["post-13678","post","type-post","status-publish","format-aside","hentry","category-epinytt","post_format-post-format-aside"],"modified_by":"Reser\u00e5det","jetpack_featured_media_url":"","jetpack-related-posts":[{"id":14312,"url":"https:\/\/resemedicin.se\/reseradet\/epinytt\/2025-06-16-covid-19-i-langsamt-stigande-i-europa-i-takt-med-att-en-ny-variant-dykt-upp\/","url_meta":{"origin":13678,"position":0},"title":"2025-06-16 Covid-19 i l\u00e5ngsamt stigande i Europa i takt med att en ny variant dykt upp","author":"Reser\u00e5det","date":"2025-06-16","format":"aside","excerpt":"ECDC rapporterar i en epidemiologisk uppdatering om en \u00f6kande aktivitet av covid-19 i EU\/EES parallellt med en \u00f6kning av den nyligen identifierade SARS-CoV-2 Omikron-varianten NB.1.8.1 (\u00e4ven kallad \"Nimbus\"). Denna variant har f\u00f6rknippats med ett \u00f6kat antal infektioner i vissa asiatiska l\u00e4nder, inklusive Kina, Hongkong och Singapore. ECDC f\u00f6ljer fem SARS-CoV-2-varianter\u2026","rel":"","context":"I \u201dEpiNytt\u201d","block_context":{"text":"EpiNytt","link":"https:\/\/resemedicin.se\/reseradet\/kategori\/epinytt\/"},"img":{"alt_text":"","src":"","width":0,"height":0},"classes":[]},{"id":13570,"url":"https:\/\/resemedicin.se\/reseradet\/epinytt\/2025-05-25-arets-influensa-rsv-sasong-ar-over-i-europa-men-covid-19-mojligen-pa-vag-upp\/","url_meta":{"origin":13678,"position":1},"title":"2025-05-25 \u00c5rets influensa\/RSV-s\u00e4song \u00e4r \u00f6ver i Europa, men covid-19 m\u00f6jligen p\u00e5 v\u00e4g upp","author":"Reser\u00e5det","date":"2025-05-25","format":"aside","excerpt":"Data som rapporterades till ECDC vecka 20, 2025, tyder p\u00e5 att andelen patienter i EU\/EES-l\u00e4nderna som s\u00f6ker v\u00e5rd f\u00f6r luftv\u00e4gsinfektioner i prim\u00e4rv\u00e5rden eller v\u00e5rdas f\u00f6r sv\u00e5r luftv\u00e4gsinfektion (SARI) p\u00e5 sjukhus nu \u00e5terg\u00e5tt till en baslinjeniv\u00e5. Det uppt\u00e4cks ocks\u00e5 f\u00e5 fall av influensa i diagnostiska prover (<10% i samtliga l\u00e4nder). \u00c4ven\u2026","rel":"","context":"I \u201dEpiNytt\u201d","block_context":{"text":"EpiNytt","link":"https:\/\/resemedicin.se\/reseradet\/kategori\/epinytt\/"},"img":{"alt_text":"","src":"https:\/\/i0.wp.com\/resemedicin.se\/reseradet\/wp-content\/uploads\/2025\/05\/image-12.png?resize=350%2C200&ssl=1","width":350,"height":200,"srcset":"https:\/\/i0.wp.com\/resemedicin.se\/reseradet\/wp-content\/uploads\/2025\/05\/image-12.png?resize=350%2C200&ssl=1 1x, https:\/\/i0.wp.com\/resemedicin.se\/reseradet\/wp-content\/uploads\/2025\/05\/image-12.png?resize=525%2C300&ssl=1 1.5x, https:\/\/i0.wp.com\/resemedicin.se\/reseradet\/wp-content\/uploads\/2025\/05\/image-12.png?resize=700%2C400&ssl=1 2x, https:\/\/i0.wp.com\/resemedicin.se\/reseradet\/wp-content\/uploads\/2025\/05\/image-12.png?resize=1050%2C600&ssl=1 3x, https:\/\/i0.wp.com\/resemedicin.se\/reseradet\/wp-content\/uploads\/2025\/05\/image-12.png?resize=1400%2C800&ssl=1 4x"},"classes":[]},{"id":15227,"url":"https:\/\/resemedicin.se\/reseradet\/epinytt\/2025-11-24-influensa-ah3n2-ny-variant-sprids-snabbt-infor-vintersasongen\/","url_meta":{"origin":13678,"position":2},"title":"2025-11-24 Influensa A(H3N2) \u2013 Ny variant sprids snabbt inf\u00f6r vinters\u00e4songen","author":"Reser\u00e5det","date":"2025-11-24","format":"aside","excerpt":"Internationellt ses nu en snabb \u00f6kning av en ny genetisk variant av influensa A (H3N2), ben\u00e4mnd undergrupp K. Varianten har p\u00e5 kort tid blivit vanlig i flera delar av v\u00e4rlden och utg\u00f6r en v\u00e4xande andel av de A(H3N2)-virus som rapporteras till internationella databaser, och utg\u00f6r nu cirka h\u00e4lften av de\u2026","rel":"","context":"I \u201dEpiNytt\u201d","block_context":{"text":"EpiNytt","link":"https:\/\/resemedicin.se\/reseradet\/kategori\/epinytt\/"},"img":{"alt_text":"","src":"","width":0,"height":0},"classes":[]},{"id":15019,"url":"https:\/\/resemedicin.se\/reseradet\/epinytt\/2025-10-03-chikungunya-global-okning-med-fokus-pa-afrika-asien-och-europa\/","url_meta":{"origin":13678,"position":3},"title":"2025-10-03 Chikungunya \u2013 global \u00f6kning fr\u00e4mst i Afrika, Asien och Europa","author":"Reser\u00e5det","date":"2025-10-03","format":"aside","excerpt":"WHO rapporterar i sin senaste disease outbreak news (DON) om den globala utbrottsistuatinen av chikungunyafeber. Totalt\u00a0har 445 271 misst\u00e4nkta och bekr\u00e4ftade fall\u00a0av och\u00a0155 d\u00f6dsfall\u00a0registrerats globalt mellan\u00a01 januari och 30 september 2025 fr\u00e5n\u00a040 l\u00e4nder. De mest drabbade l\u00e4nderna \u00e4r\u00a0Bangladesh (118 000 fall),\u00a0Indien (84 000),\u00a0Kina \u2013 Guangdongprovinsen (> 60 000),\u00a0Kenya (28 000),\u00a0Tanzania\u2026","rel":"","context":"I \u201dEpiNytt\u201d","block_context":{"text":"EpiNytt","link":"https:\/\/resemedicin.se\/reseradet\/kategori\/epinytt\/"},"img":{"alt_text":"","src":"https:\/\/i0.wp.com\/resemedicin.se\/reseradet\/wp-content\/uploads\/2025\/10\/image.png?resize=350%2C200&ssl=1","width":350,"height":200,"srcset":"https:\/\/i0.wp.com\/resemedicin.se\/reseradet\/wp-content\/uploads\/2025\/10\/image.png?resize=350%2C200&ssl=1 1x, https:\/\/i0.wp.com\/resemedicin.se\/reseradet\/wp-content\/uploads\/2025\/10\/image.png?resize=525%2C300&ssl=1 1.5x, https:\/\/i0.wp.com\/resemedicin.se\/reseradet\/wp-content\/uploads\/2025\/10\/image.png?resize=700%2C400&ssl=1 2x, https:\/\/i0.wp.com\/resemedicin.se\/reseradet\/wp-content\/uploads\/2025\/10\/image.png?resize=1050%2C600&ssl=1 3x"},"classes":[]},{"id":13331,"url":"https:\/\/resemedicin.se\/reseradet\/epinytt\/2025-05-14-mers-utbrott-i-saudiarabien\/","url_meta":{"origin":13678,"position":4},"title":"2025-05-14 MERS-utbrott i Saudiarabien","author":"Reser\u00e5det","date":"2025-05-14","format":"aside","excerpt":"Enligt WHO:s senaste utbrottsnytt, s\u00e5 har Saudiarabiens h\u00e4lsoministerium under perioden 1 mars till 21 april 2025 rapporterat nio fall av infektion, varav tv\u00e5 d\u00f6dsfall, orsakade av MERS-CoV (Middle East Respiratory Syndrome Coronavirus) . Ett av fallen rapporterades fr\u00e5n Al Hait i v\u00e4stra centra delen av landet och de \u00f6vriga 8\u2026","rel":"","context":"I \u201dEpiNytt\u201d","block_context":{"text":"EpiNytt","link":"https:\/\/resemedicin.se\/reseradet\/kategori\/epinytt\/"},"img":{"alt_text":"","src":"","width":0,"height":0},"classes":[]},{"id":15777,"url":"https:\/\/resemedicin.se\/reseradet\/epinytt\/2026-01-06-who-mattlig-global-risk-for-chikungunya-infor-2026\/","url_meta":{"origin":13678,"position":5},"title":"2026-01-06 WHO: m\u00e5ttlig global risk f\u00f6r chikungunya inf\u00f6r 2026","author":"Reser\u00e5det","date":"2026-01-05","format":"aside","excerpt":"WHO har i en epidemiologisk \u00f6versikt\u00a0bed\u00f6mt den\u00a0globala folkh\u00e4lsorisken\u00a0avseende chikungunyafeber som\u00a0m\u00e5ttlig. Bed\u00f6mningen grundas p\u00e5 omfattande och geografiskt spridd transmission under 2025, klimatdriven expansion av Aedes-myggrnas utbredning, \u00f6kande resande samt avsaknad av specifik antiviral behandling. Under perioden\u00a01 januari\u201310 december 2025 rapporterades globalt\u00a0502 264 fall\u00a0(varav\u00a0208 335 bekr\u00e4ftade) och\u00a0186 d\u00f6dsfall\u00a0fr\u00e5n\u00a041 l\u00e4nder\/territorier. WHO betonar att\u2026","rel":"","context":"I \u201dEpiNytt\u201d","block_context":{"text":"EpiNytt","link":"https:\/\/resemedicin.se\/reseradet\/kategori\/epinytt\/"},"img":{"alt_text":"","src":"","width":0,"height":0},"classes":[]}],"jetpack_sharing_enabled":true,"_links":{"self":[{"href":"https:\/\/resemedicin.se\/reseradet\/wp-json\/wp\/v2\/posts\/13678","targetHints":{"allow":["GET"]}}],"collection":[{"href":"https:\/\/resemedicin.se\/reseradet\/wp-json\/wp\/v2\/posts"}],"about":[{"href":"https:\/\/resemedicin.se\/reseradet\/wp-json\/wp\/v2\/types\/post"}],"author":[{"embeddable":true,"href":"https:\/\/resemedicin.se\/reseradet\/wp-json\/wp\/v2\/users\/1"}],"replies":[{"embeddable":true,"href":"https:\/\/resemedicin.se\/reseradet\/wp-json\/wp\/v2\/comments?post=13678"}],"version-history":[{"count":2,"href":"https:\/\/resemedicin.se\/reseradet\/wp-json\/wp\/v2\/posts\/13678\/revisions"}],"predecessor-version":[{"id":13762,"href":"https:\/\/resemedicin.se\/reseradet\/wp-json\/wp\/v2\/posts\/13678\/revisions\/13762"}],"wp:attachment":[{"href":"https:\/\/resemedicin.se\/reseradet\/wp-json\/wp\/v2\/media?parent=13678"}],"wp:term":[{"taxonomy":"category","embeddable":true,"href":"https:\/\/resemedicin.se\/reseradet\/wp-json\/wp\/v2\/categories?post=13678"},{"taxonomy":"post_tag","embeddable":true,"href":"https:\/\/resemedicin.se\/reseradet\/wp-json\/wp\/v2\/tags?post=13678"}],"curies":[{"name":"wp","href":"https:\/\/api.w.org\/{rel}","templated":true}]}}