{"id":13570,"date":"2025-05-25T06:50:04","date_gmt":"2025-05-25T05:50:04","guid":{"rendered":"https:\/\/resemedicin.se\/reseradet\/?p=13570"},"modified":"2025-06-03T07:25:26","modified_gmt":"2025-06-03T06:25:26","slug":"2025-05-25-arets-influensa-rsv-sasong-ar-over-i-europa-men-covid-19-mojligen-pa-vag-upp","status":"publish","type":"post","link":"https:\/\/resemedicin.se\/reseradet\/epinytt\/2025-05-25-arets-influensa-rsv-sasong-ar-over-i-europa-men-covid-19-mojligen-pa-vag-upp\/","title":{"rendered":"2025-05-25 \u00c5rets influensa\/RSV-s\u00e4song \u00e4r \u00f6ver i Europa, men covid-19 m\u00f6jligen p\u00e5 v\u00e4g upp"},"content":{"rendered":"\n<p>Data som rapporterades till <a href=\"https:\/\/erviss.org\" target=\"_blank\" rel=\"noreferrer noopener\">ECDC vecka 20, 2025<\/a>, tyder p\u00e5 att andelen patienter i EU\/EES-l\u00e4nderna som s\u00f6ker v\u00e5rd f\u00f6r luftv\u00e4gsinfektioner i prim\u00e4rv\u00e5rden eller v\u00e5rdas f\u00f6r sv\u00e5r luftv\u00e4gsinfektion (SARI) p\u00e5 sjukhus nu \u00e5terg\u00e5tt till en baslinjeniv\u00e5. Det uppt\u00e4cks ocks\u00e5 f\u00e5 fall av influensa i diagnostiska prover (&lt;10% i samtliga l\u00e4nder). \u00c4ven  RSV-aktiviteten i EU\/EES har sjunkit till l\u00e5ga niv\u00e5er i alla rapporterande l\u00e4nder. Den totala influensaaktiviteten n\u00e5dde sin topp i vecka 6, 2025, och influensavirusen A(H1)pdm09, A(H3) och B\/Vic har nu alla minskat till l\u00e5ga niv\u00e5er. De flesta l\u00e4nder upplevde en tidig s\u00e4song dominerad av influensa A, f\u00f6ljt av A\/B-kodominans eller B-dominans. <\/p>\n\n\n\n<p>SARS-CoV-2-aktiviteten \u00e4r fortfarande totalt sett l\u00e5g i alla l\u00e4nder, men det verkar finnas en l\u00e5ngsamt \u00f6kande trend i andelen positiva tester i den laboratoriebaserad \u00f6vervakningen i ett antal l\u00e4nder, men ingen signifikant inverkan p\u00e5 sjukhusinl\u00e4ggningar  eller p\u00e5 covid-19-d\u00f6dsfall.<\/p>\n\n\n\n<figure class=\"wp-block-image size-large\"><img data-recalc-dims=\"1\" loading=\"lazy\" decoding=\"async\" width=\"840\" height=\"506\" src=\"https:\/\/i0.wp.com\/resemedicin.se\/reseradet\/wp-content\/uploads\/2025\/05\/image-12.png?resize=840%2C506&#038;ssl=1\" alt=\"\" class=\"wp-image-13571\" srcset=\"https:\/\/i0.wp.com\/resemedicin.se\/reseradet\/wp-content\/uploads\/2025\/05\/image-12.png?resize=1024%2C617&amp;ssl=1 1024w, https:\/\/i0.wp.com\/resemedicin.se\/reseradet\/wp-content\/uploads\/2025\/05\/image-12.png?resize=300%2C181&amp;ssl=1 300w, https:\/\/i0.wp.com\/resemedicin.se\/reseradet\/wp-content\/uploads\/2025\/05\/image-12.png?resize=768%2C463&amp;ssl=1 768w, https:\/\/i0.wp.com\/resemedicin.se\/reseradet\/wp-content\/uploads\/2025\/05\/image-12.png?resize=1536%2C926&amp;ssl=1 1536w, https:\/\/i0.wp.com\/resemedicin.se\/reseradet\/wp-content\/uploads\/2025\/05\/image-12.png?resize=2048%2C1234&amp;ssl=1 2048w, https:\/\/i0.wp.com\/resemedicin.se\/reseradet\/wp-content\/uploads\/2025\/05\/image-12.png?resize=1200%2C723&amp;ssl=1 1200w, https:\/\/i0.wp.com\/resemedicin.se\/reseradet\/wp-content\/uploads\/2025\/05\/image-12.png?w=1680&amp;ssl=1 1680w\" sizes=\"auto, (max-width: 709px) 85vw, (max-width: 909px) 67vw, (max-width: 1362px) 62vw, 840px\" \/><figcaption class=\"wp-element-caption\">Andel positiva luftv\u00e4gsprover tagna fr\u00e5n patienter med influensaliknande sjukdom (ILI) inom prim\u00e4rv\u00e5rden eller sv\u00e5r akut luftv\u00e4gsinfektion p\u00e5 sjukhus (ARI).<\/figcaption><\/figure>\n\n\n\n<h5 class=\"wp-block-heading\">Reser\u00e5dets bed\u00f6mning<\/h5>\n\n\n\n<p>Influensa\/RSV-s\u00e4songen 2024\/2025 har k\u00e4nnetecknats av en intensiv influensas\u00e4song och en utdragen RSV-s\u00e4song, d\u00e4r niv\u00e5erna f\u00f6r b\u00e5da dessa virus nu n\u00e5tt ner p\u00e5 de niv\u00e5er man normalt noterar under sommarm\u00e5naderna. Covid-19 har inte, som kanske tidigare antagits, anslutit sig till s\u00e4songsm\u00f6nstret f\u00f6r de b\u00e5da andra luftv\u00e4gsvirusen utan i st\u00e4llet haft en topp under sommaren och h\u00f6sten 2024 f\u00f6r att sedan sakta sjunka i <strong>relativ<\/strong> <strong>intensitet<\/strong> under vinterm\u00e5naderna. <\/p>\n\n\n\n<p>Viktigt att notera vid tolkningen av grafen ovan \u00e4r att topparna vi ser f\u00f6r influensa\/RSV p\u00e5 vintern \u00e4r en kombination b\u00e5de av fler individer som provtas och att andelen positiva resultat his de provtagna. Epidemitoppar f\u00f6r influensa\/RSV naturligt medf\u00f6r d\u00e5 att andelen av alla provtagna som utfaller positivt f\u00f6r SARS-CoV-2 blir l\u00e4gre p\u00e5 ett s\u00e4tt som inte n\u00f6dv\u00e4ndigtvis representerar den absoluta sjukdomsb\u00f6rdan. Under de kommande sommarm\u00e5naderna n\u00e4r influensa\/RSV-aktiviteten \u00e4r mycket l\u00e5g kan man d\u00e4rf\u00f6r r\u00e4kna med att en h\u00f6gre andel av dem som provtas f\u00f6r luftv\u00e4gsinfektioner \u00e4r drabbade av covid-19.<\/p>\n\n\n\n<p style=\"font-size:12px\"><em><strong>EpiNytt&nbsp;<\/strong><\/em>\u00e4r Reser\u00e5dets kostnadsfria omv\u00e4rldsbevakning med aktuell information om&nbsp;utbrott och nyheter p\u00e5 vaccin- och resefronten. Se <a href=\"https:\/\/resemedicin.se\/reseradet\/epinytt\/\">hela listan med nyheter i fulltext<\/a>. Dela g\u00e4rna l\u00e4nken med intresserade kolleger, vilka ocks\u00e5 sj\u00e4lva kan <a href=\"https:\/\/resemedicin.se\/reseradet\/prenumerera-kostnadsfritt-pa-epinytt\/\">prenumerera p\u00e5 nyhetsbrevet<\/a> utan kostnad.<\/p>\n","protected":false},"excerpt":{"rendered":"<p>Data som rapporterades till ECDC vecka 20, 2025, tyder p\u00e5 att andelen patienter i EU\/EES-l\u00e4nderna som s\u00f6ker v\u00e5rd f\u00f6r luftv\u00e4gsinfektioner i prim\u00e4rv\u00e5rden eller v\u00e5rdas f\u00f6r sv\u00e5r luftv\u00e4gsinfektion (SARI) p\u00e5 sjukhus nu \u00e5terg\u00e5tt till en baslinjeniv\u00e5. Det uppt\u00e4cks ocks\u00e5 f\u00e5 fall av influensa i diagnostiska prover (&lt;10% i samtliga l\u00e4nder). \u00c4ven RSV-aktiviteten i EU\/EES har sjunkit &hellip; <a href=\"https:\/\/resemedicin.se\/reseradet\/epinytt\/2025-05-25-arets-influensa-rsv-sasong-ar-over-i-europa-men-covid-19-mojligen-pa-vag-upp\/\" class=\"more-link\">Forts\u00e4tt l\u00e4sa<span class=\"screen-reader-text\"> \u201d2025-05-25 \u00c5rets influensa\/RSV-s\u00e4song \u00e4r \u00f6ver i Europa, men covid-19 m\u00f6jligen p\u00e5 v\u00e4g upp\u201d<\/span><\/a><\/p>\n","protected":false},"author":1,"featured_media":0,"comment_status":"open","ping_status":"closed","sticky":false,"template":"","format":"aside","meta":{"_lmt_disableupdate":"","_lmt_disable":"","_jetpack_memberships_contains_paid_content":false,"footnotes":""},"categories":[2],"tags":[],"class_list":["post-13570","post","type-post","status-publish","format-aside","hentry","category-epinytt","post_format-post-format-aside"],"modified_by":"Reser\u00e5det","jetpack_featured_media_url":"","jetpack-related-posts":[{"id":15807,"url":"https:\/\/resemedicin.se\/reseradet\/epinytt\/2026-01-11-vinterns-luftvagsvirus-ah3n2-i-ny-tappning-och-rsv-pa-uppgang\/","url_meta":{"origin":13570,"position":0},"title":"2026-01-11 Vinterns luftv\u00e4gsvirus: A(H3N2) i ny tappning och RSV p\u00e5 uppg\u00e5ng","author":"Reser\u00e5det","date":"2026-01-12","format":"aside","excerpt":"Luftv\u00e4gsvirusaktiviteten har \u00f6kat tydligt i Europa under inledningen av 2026, med Iinfluensa\u00a0 som det dominerande viruset och med tecken till \u00f6kande RSV-cirkulation i flera l\u00e4nder. S\u00e4songen har startat tidigare \u00e4n normalt i stora delar av Europa och pr\u00e4glas av en omfattande spridning av influensa A, framf\u00f6r allt subtypen A(H3N2). Influensa\u2026","rel":"","context":"I \u201dEpiNytt\u201d","block_context":{"text":"EpiNytt","link":"https:\/\/resemedicin.se\/reseradet\/kategori\/epinytt\/"},"img":{"alt_text":"","src":"https:\/\/i0.wp.com\/resemedicin.se\/reseradet\/wp-content\/uploads\/2026\/01\/image-1.png?resize=350%2C200&ssl=1","width":350,"height":200,"srcset":"https:\/\/i0.wp.com\/resemedicin.se\/reseradet\/wp-content\/uploads\/2026\/01\/image-1.png?resize=350%2C200&ssl=1 1x, https:\/\/i0.wp.com\/resemedicin.se\/reseradet\/wp-content\/uploads\/2026\/01\/image-1.png?resize=525%2C300&ssl=1 1.5x, https:\/\/i0.wp.com\/resemedicin.se\/reseradet\/wp-content\/uploads\/2026\/01\/image-1.png?resize=700%2C400&ssl=1 2x, https:\/\/i0.wp.com\/resemedicin.se\/reseradet\/wp-content\/uploads\/2026\/01\/image-1.png?resize=1050%2C600&ssl=1 3x, https:\/\/i0.wp.com\/resemedicin.se\/reseradet\/wp-content\/uploads\/2026\/01\/image-1.png?resize=1400%2C800&ssl=1 4x"},"classes":[]},{"id":14312,"url":"https:\/\/resemedicin.se\/reseradet\/epinytt\/2025-06-16-covid-19-i-langsamt-stigande-i-europa-i-takt-med-att-en-ny-variant-dykt-upp\/","url_meta":{"origin":13570,"position":1},"title":"2025-06-16 Covid-19 i l\u00e5ngsamt stigande i Europa i takt med att en ny variant dykt upp","author":"Reser\u00e5det","date":"2025-06-16","format":"aside","excerpt":"ECDC rapporterar i en epidemiologisk uppdatering om en \u00f6kande aktivitet av covid-19 i EU\/EES parallellt med en \u00f6kning av den nyligen identifierade SARS-CoV-2 Omikron-varianten NB.1.8.1 (\u00e4ven kallad \"Nimbus\"). Denna variant har f\u00f6rknippats med ett \u00f6kat antal infektioner i vissa asiatiska l\u00e4nder, inklusive Kina, Hongkong och Singapore. ECDC f\u00f6ljer fem SARS-CoV-2-varianter\u2026","rel":"","context":"I \u201dEpiNytt\u201d","block_context":{"text":"EpiNytt","link":"https:\/\/resemedicin.se\/reseradet\/kategori\/epinytt\/"},"img":{"alt_text":"","src":"","width":0,"height":0},"classes":[]},{"id":15227,"url":"https:\/\/resemedicin.se\/reseradet\/epinytt\/2025-11-24-influensa-ah3n2-ny-variant-sprids-snabbt-infor-vintersasongen\/","url_meta":{"origin":13570,"position":2},"title":"2025-11-24 Influensa A(H3N2) \u2013 Ny variant sprids snabbt inf\u00f6r vinters\u00e4songen","author":"Reser\u00e5det","date":"2025-11-24","format":"aside","excerpt":"Internationellt ses nu en snabb \u00f6kning av en ny genetisk variant av influensa A (H3N2), ben\u00e4mnd undergrupp K. Varianten har p\u00e5 kort tid blivit vanlig i flera delar av v\u00e4rlden och utg\u00f6r en v\u00e4xande andel av de A(H3N2)-virus som rapporteras till internationella databaser, och utg\u00f6r nu cirka h\u00e4lften av de\u2026","rel":"","context":"I \u201dEpiNytt\u201d","block_context":{"text":"EpiNytt","link":"https:\/\/resemedicin.se\/reseradet\/kategori\/epinytt\/"},"img":{"alt_text":"","src":"","width":0,"height":0},"classes":[]},{"id":13678,"url":"https:\/\/resemedicin.se\/reseradet\/epinytt\/2025-05-30-ny-covid-19-variant-driver-global-okning-men-inte-i-europa\/","url_meta":{"origin":13570,"position":3},"title":"2025-05-30 Ny covid-19-variant driver global \u00f6kning, men inte i Europa","author":"Reser\u00e5det","date":"2025-05-30","format":"aside","excerpt":"V\u00e4rldsh\u00e4lsoorganisationen (WHO) publicerade den 28 maj ett utbrottsmeddelande om en \u00f6kad aktivitet av Covid-19, driven av den nya varianten NB.1.8.1. Den globala SARS-CoV-2-aktiviteten har \u00f6kat sedan mitten av februari, med en testpositivitet p\u00e5 11%, niv\u00e5er som inte har observerats sedan juli 2024.\u00d6kningen av aktivitet ses i tre WHO-regioner, v\u00e4stra Stilla\u2026","rel":"","context":"I \u201dEpiNytt\u201d","block_context":{"text":"EpiNytt","link":"https:\/\/resemedicin.se\/reseradet\/kategori\/epinytt\/"},"img":{"alt_text":"","src":"","width":0,"height":0},"classes":[]},{"id":9922,"url":"https:\/\/resemedicin.se\/reseradet\/nyheter\/2024-10-17-vaccinationssasongen-mot-influensa-och-covid-19-har-borjat\/","url_meta":{"origin":13570,"position":4},"title":"2024-10-17 Vaccinationss\u00e4songen mot influensa och covid-19 har b\u00f6rjat","author":"Reser\u00e5det","date":"2024-10-17","format":"aside","excerpt":"H\u00e4ndelse Den 15 oktober startade den nationella vaccinationsinsatsen mot influensa\u00a0 och covid-19. Insatsen riktar sig till personer >65 \u00e5r och personer i vissa medicinska riskgrupper oavsett \u00e5lder. En del regioner och kommuner kan redan dessf\u00f6rinnan ha p\u00e5b\u00f6rjat vaccinationerna p\u00e5 s\u00e4rskilda boenden S\u00c4BO. Liksom inf\u00f6r tidigare s\u00e4songer \u00e4r de b\u00e5da vaccinerna\u2026","rel":"","context":"I \u201dNyheter\u201d","block_context":{"text":"Nyheter","link":"https:\/\/resemedicin.se\/reseradet\/kategori\/nyheter\/"},"img":{"alt_text":"","src":"","width":0,"height":0},"classes":[]},{"id":16202,"url":"https:\/\/resemedicin.se\/reseradet\/epinytt\/2026-03-18-who-ny-influensa-sammansattning-for-sasongen-2026-2027\/","url_meta":{"origin":13570,"position":5},"title":"2026-03-18 WHO: Ny influensa-sammans\u00e4ttning f\u00f6r s\u00e4songen 2026\u20132027","author":"Reser\u00e5det","date":"2026-03-18","format":"aside","excerpt":"WHO har nyligen publicerat sin rekommendation r\u00f6rande sammans\u00e4ttning av influensavaccinet f\u00f6r norra halvklotets s\u00e4song 2026\u20132027. F\u00f6r \u00e4ggbaserade vacciner rekommenderas: A\/Missouri\/11\/2025 (H1N1)pdm09-liknande virus, A\/Darwin\/1454\/2025 (H3N2)-liknande virus och B\/Tokyo\/EIS13-175\/2025-liknande virus av B\/Victoria-linjen. F\u00f6r cellodlade, rekombinanta och nukleinsyrabaserade vacciner rekommenderas samma H1N1-komponent men en annan H3N2-komponent, A\/Darwin\/1415\/2025-liknande virus, samt en annan B\/Victoria-komponent, B\/Pennsylvania\/14\/2025-liknande\u2026","rel":"","context":"I \u201dEpiNytt\u201d","block_context":{"text":"EpiNytt","link":"https:\/\/resemedicin.se\/reseradet\/kategori\/epinytt\/"},"img":{"alt_text":"","src":"","width":0,"height":0},"classes":[]}],"jetpack_sharing_enabled":true,"_links":{"self":[{"href":"https:\/\/resemedicin.se\/reseradet\/wp-json\/wp\/v2\/posts\/13570","targetHints":{"allow":["GET"]}}],"collection":[{"href":"https:\/\/resemedicin.se\/reseradet\/wp-json\/wp\/v2\/posts"}],"about":[{"href":"https:\/\/resemedicin.se\/reseradet\/wp-json\/wp\/v2\/types\/post"}],"author":[{"embeddable":true,"href":"https:\/\/resemedicin.se\/reseradet\/wp-json\/wp\/v2\/users\/1"}],"replies":[{"embeddable":true,"href":"https:\/\/resemedicin.se\/reseradet\/wp-json\/wp\/v2\/comments?post=13570"}],"version-history":[{"count":2,"href":"https:\/\/resemedicin.se\/reseradet\/wp-json\/wp\/v2\/posts\/13570\/revisions"}],"predecessor-version":[{"id":13765,"href":"https:\/\/resemedicin.se\/reseradet\/wp-json\/wp\/v2\/posts\/13570\/revisions\/13765"}],"wp:attachment":[{"href":"https:\/\/resemedicin.se\/reseradet\/wp-json\/wp\/v2\/media?parent=13570"}],"wp:term":[{"taxonomy":"category","embeddable":true,"href":"https:\/\/resemedicin.se\/reseradet\/wp-json\/wp\/v2\/categories?post=13570"},{"taxonomy":"post_tag","embeddable":true,"href":"https:\/\/resemedicin.se\/reseradet\/wp-json\/wp\/v2\/tags?post=13570"}],"curies":[{"name":"wp","href":"https:\/\/api.w.org\/{rel}","templated":true}]}}