{"id":13351,"date":"2025-05-14T13:17:35","date_gmt":"2025-05-14T12:17:35","guid":{"rendered":"https:\/\/resemedicin.se\/reseradet\/?p=13351"},"modified":"2025-05-20T07:29:37","modified_gmt":"2025-05-20T06:29:37","slug":"2025-05-14-intyg-om-livslang-giltighet-for-gula-febernvaccination","status":"publish","type":"post","link":"https:\/\/resemedicin.se\/reseradet\/epinytt\/2025-05-14-intyg-om-livslang-giltighet-for-gula-febernvaccination\/","title":{"rendered":"2025-05-14 Intyg om livsl\u00e5ng giltighet f\u00f6r gula febernvaccination"},"content":{"rendered":"\n<p>Vi har nu p\u00e5 v\u00e5ra sidor om <a href=\"https:\/\/resemedicin.se\/reseradet\/sjukdomar-och-vacciner\/gula-febern\/#vaccinationsbevis\">gula febern<\/a> och <a href=\"https:\/\/resemedicin.se\/reseradet\/vaccination\/stamaril\/\">Stamaril\u00ae<\/a> f\u00f6rutom <strong>Intyg om undantag fr\u00e5n vaccination av medicinska sk\u00e4l<\/strong> \u00e4ven lagt upp ett nedladdningsbart <strong>Intyg om livsl\u00e5ng giltighet f\u00f6r gula febernvaccin<\/strong>, tillsammans med den legala WHO-texten p\u00e5 engelska och franska (som kan skrivas ut och bifogas intyget).<\/p>\n\n\n\n<p style=\"font-size:12px\"><em><strong>EpiNytt\u00a0<\/strong><\/em>\u00e4r Reser\u00e5dets kostnadsfria omv\u00e4rldsbevakning med aktuell information om\u00a0utbrott och nyheter p\u00e5 vaccin- och resefronten. Se <a href=\"https:\/\/resemedicin.se\/reseradet\/epinytt\/\">hela listan med nyheter i fulltext<\/a>. Dela g\u00e4rna l\u00e4nken med intresserade kolleger, vilka ocks\u00e5 sj\u00e4lva kan <a href=\"https:\/\/resemedicin.se\/reseradet\/prenumerera-kostnadsfritt-pa-epinytt\/\">prenumerera p\u00e5 nyhetsbrevet<\/a> utan kostnad.<\/p>\n","protected":false},"excerpt":{"rendered":"<p>Vi har nu p\u00e5 v\u00e5ra sidor om gula febern och Stamaril\u00ae f\u00f6rutom Intyg om undantag fr\u00e5n vaccination av medicinska sk\u00e4l \u00e4ven lagt upp ett nedladdningsbart Intyg om livsl\u00e5ng giltighet f\u00f6r gula febernvaccin, tillsammans med den legala WHO-texten p\u00e5 engelska och franska (som kan skrivas ut och bifogas intyget). EpiNytt\u00a0\u00e4r Reser\u00e5dets kostnadsfria omv\u00e4rldsbevakning med aktuell information &hellip; <a href=\"https:\/\/resemedicin.se\/reseradet\/epinytt\/2025-05-14-intyg-om-livslang-giltighet-for-gula-febernvaccination\/\" class=\"more-link\">Forts\u00e4tt l\u00e4sa<span class=\"screen-reader-text\"> \u201d2025-05-14 Intyg om livsl\u00e5ng giltighet f\u00f6r gula febernvaccination\u201d<\/span><\/a><\/p>\n","protected":false},"author":1,"featured_media":0,"comment_status":"open","ping_status":"closed","sticky":false,"template":"","format":"aside","meta":{"_lmt_disableupdate":"","_lmt_disable":"","_jetpack_memberships_contains_paid_content":false,"footnotes":""},"categories":[2],"tags":[],"class_list":["post-13351","post","type-post","status-publish","format-aside","hentry","category-epinytt","post_format-post-format-aside"],"modified_by":"Reser\u00e5det","jetpack_featured_media_url":"","jetpack-related-posts":[{"id":12565,"url":"https:\/\/resemedicin.se\/reseradet\/nyheter\/2025-01-10-uppdaterade-gula-febern-regler-costa-rica\/","url_meta":{"origin":13351,"position":0},"title":"2025-01-10 Uppdaterade Gula febern-regler, Costa Rica","author":"Reser\u00e5det","date":"2025-01-10","format":"aside","excerpt":"Costa Ricas h\u00e4lsoministerium har nyligen publicerat (p\u00e5 spanska) \u00e4ndringar av sina krav f\u00f6r gula febern (ICVP) f\u00f6r internationella resen\u00e4rer, som tr\u00e4der i kraft den 11 januari 2025. Tillk\u00e4nnagivandet: tillhandah\u00e5ller en uppdatering av listan \u00f6ver l\u00e4nder som Costa Rica anser l\u00f6per risk f\u00f6r gula febern, vilket inkluderar Bolivia, Brasilien, Colombia, Ecuador,\u2026","rel":"","context":"I \u201dNyheter\u201d","block_context":{"text":"Nyheter","link":"https:\/\/resemedicin.se\/reseradet\/kategori\/nyheter\/"},"img":{"alt_text":"","src":"","width":0,"height":0},"classes":[]},{"id":14668,"url":"https:\/\/resemedicin.se\/reseradet\/epinytt\/2025-07-29-uppdatering-fran-42a-motet-med-whos-kriskommitte-rorande-polio\/","url_meta":{"origin":13351,"position":1},"title":"2025-07-29 Uppdatering fr\u00e5n 42:a m\u00f6tet med WHO:s kriskommitt\u00e9 r\u00f6rande polio","author":"Reser\u00e5det","date":"2025-07-29","format":"aside","excerpt":"WHO:s kriskommitt\u00e9n r\u00f6rande\u00a0polio\u00a0sammantr\u00e4dde i juni i sitt 42:a m\u00f6te och granskade d\u00e5 aktuella uppgifter om vilda poliovirus (WPV1) och cirkulerande vaccinderiverade poliovirus (cVDPV). Kommitt\u00e9ns uttalande med uppdaterade rekommendationer som publicerades 2025-07-28 sammanfattas nedan. Vilt poliovirus Sedan det senaste m\u00f6tet med kriskommitt\u00e9n i mars 2025 har 36 nya fall av vilt\u2026","rel":"","context":"I \u201dEpiNytt\u201d","block_context":{"text":"EpiNytt","link":"https:\/\/resemedicin.se\/reseradet\/kategori\/epinytt\/"},"img":{"alt_text":"","src":"","width":0,"height":0},"classes":[]},{"id":15236,"url":"https:\/\/resemedicin.se\/reseradet\/epinytt\/2025-11-24-uppdatering-fran-43e-motet-med-whos-kriskommitte-rorande-poliovirus\/","url_meta":{"origin":13351,"position":2},"title":"2025-11-24 Uppdatering fr\u00e5n 43:e m\u00f6tet med WHO:s kriskommitt\u00e9 r\u00f6rande poliovirus","author":"Reser\u00e5det","date":"2025-11-24","format":"aside","excerpt":"WHO:s kriskommitt\u00e9n r\u00f6rande\u00a0polio\u00a0sammantr\u00e4dde i oktober i sitt 43:e m\u00f6te och granskade d\u00e5 aktuella uppgifter om vilda poliovirus (WPV1) och cirkulerande vaccinderiverade poliovirus (cVDPV). Kommitt\u00e9n granskar situationen med b\u00e5de vildpolio (WPV1) och cirkulerande vaccin\u2010 h\u00e4rledda poliovirus (cVDPV) i ljuset av m\u00e5len att uppn\u00e5 global eradikering respektive eliminering.\u00a0Kommitt\u00e9ns uttalande med uppdaterade rekommendationer\u00a0som\u2026","rel":"","context":"I \u201dEpiNytt\u201d","block_context":{"text":"EpiNytt","link":"https:\/\/resemedicin.se\/reseradet\/kategori\/epinytt\/"},"img":{"alt_text":"","src":"","width":0,"height":0},"classes":[]},{"id":14520,"url":"https:\/\/resemedicin.se\/reseradet\/epinytt\/2025-07-10-utokade-riskomraden-for-gula-febern-i-sydamerika\/","url_meta":{"origin":13351,"position":3},"title":"2025-07-10 Ut\u00f6kade riskomr\u00e5den f\u00f6r gula febern i Sydamerika","author":"Reser\u00e5det","date":"2025-07-10","format":"aside","excerpt":"Efter den betydande \u00f6kningen av fall av gula febern under 2025 har flera nationella expertkommitt\u00e9er f\u00f6r resemedicin anpassat riskomr\u00e5dena d\u00e4r vaccination mot gula febern rekommenderas och amerikanska CDC har uppdaterat sin gula febern-karta \u00f6ver Sydamerika (den som Reser\u00e5det h\u00e4nvisar till). De reviderade rekommendationerna inkluderar nu \u00e4ven f\u00f6ljande nyligen utpekade riskomr\u00e5den:\u2026","rel":"","context":"I \u201dEpiNytt\u201d","block_context":{"text":"EpiNytt","link":"https:\/\/resemedicin.se\/reseradet\/kategori\/epinytt\/"},"img":{"alt_text":"","src":"https:\/\/i0.wp.com\/resemedicin.se\/reseradet\/wp-content\/uploads\/2025\/07\/Gula-febern-sydamerika-cdc-scaled.jpg?resize=350%2C200&ssl=1","width":350,"height":200,"srcset":"https:\/\/i0.wp.com\/resemedicin.se\/reseradet\/wp-content\/uploads\/2025\/07\/Gula-febern-sydamerika-cdc-scaled.jpg?resize=350%2C200&ssl=1 1x, https:\/\/i0.wp.com\/resemedicin.se\/reseradet\/wp-content\/uploads\/2025\/07\/Gula-febern-sydamerika-cdc-scaled.jpg?resize=525%2C300&ssl=1 1.5x, https:\/\/i0.wp.com\/resemedicin.se\/reseradet\/wp-content\/uploads\/2025\/07\/Gula-febern-sydamerika-cdc-scaled.jpg?resize=700%2C400&ssl=1 2x, https:\/\/i0.wp.com\/resemedicin.se\/reseradet\/wp-content\/uploads\/2025\/07\/Gula-febern-sydamerika-cdc-scaled.jpg?resize=1050%2C600&ssl=1 3x, https:\/\/i0.wp.com\/resemedicin.se\/reseradet\/wp-content\/uploads\/2025\/07\/Gula-febern-sydamerika-cdc-scaled.jpg?resize=1400%2C800&ssl=1 4x"},"classes":[]},{"id":13050,"url":"https:\/\/resemedicin.se\/reseradet\/epinytt\/2025-05-06-gula-febern-i-sydamerika-skarpta-regler-for-inresa-till-ecuador\/","url_meta":{"origin":13351,"position":4},"title":"2025-05-06 Gula febern i Sydamerika &#8211; sk\u00e4rpta regler f\u00f6r inresa till Ecuador","author":"Reser\u00e5det","date":"2025-05-06","format":"aside","excerpt":"Ecuador har sedan tidigare kr\u00e4vt vaccinationsbevis f\u00f6r resen\u00e4rer \u22651 \u00e5r gamla som inom 6 dygn anl\u00e4nder fr\u00e5n Brasilien, Demokratiska republiken Kongo eller Uganda (inkluderarnde >12-timmars flygplatstransfer eller uppeh\u00e5ll i n\u00e5got av dessa l\u00e4nder). Landet har nu meddelat att man med anledning av \u00f6kade fall av gula febern i grannl\u00e4nderna Bolivia,\u2026","rel":"","context":"I \u201dEpiNytt\u201d","block_context":{"text":"EpiNytt","link":"https:\/\/resemedicin.se\/reseradet\/kategori\/epinytt\/"},"img":{"alt_text":"","src":"","width":0,"height":0},"classes":[]},{"id":15860,"url":"https:\/\/resemedicin.se\/reseradet\/epinytt\/2026-01-22-gula-febern-i-colombia\/","url_meta":{"origin":13351,"position":5},"title":"2026-01-22 Gula febern i Colombia","author":"Reser\u00e5det","date":"2026-01-22","format":"aside","excerpt":"Colombias h\u00e4lsoministerium rapporterar en fortsatt \u00f6kad f\u00f6rekomst av gula febern i landet. Enligt ministeriets l\u00e4gesrapport med brytdatum\u00a021 januari 2026\u00a0har Colombia under perioden\u00a02024\u20132026\u00a0registrerat\u00a0157 bekr\u00e4ftade fall\u00a0av gula febern, varav\u00a070 d\u00f6dsfall.\u00a0Utbrottet har i h\u00f6g grad varit koncentrerat till\u00a0Tolima (137 fall), men enstaka fall har rapporterats fr\u00e5n flera departement i olika delar av landet;\u2026","rel":"","context":"I \u201dEpiNytt\u201d","block_context":{"text":"EpiNytt","link":"https:\/\/resemedicin.se\/reseradet\/kategori\/epinytt\/"},"img":{"alt_text":"","src":"https:\/\/i0.wp.com\/resemedicin.se\/reseradet\/wp-content\/uploads\/2026\/01\/image-4.png?resize=350%2C200&ssl=1","width":350,"height":200,"srcset":"https:\/\/i0.wp.com\/resemedicin.se\/reseradet\/wp-content\/uploads\/2026\/01\/image-4.png?resize=350%2C200&ssl=1 1x, https:\/\/i0.wp.com\/resemedicin.se\/reseradet\/wp-content\/uploads\/2026\/01\/image-4.png?resize=525%2C300&ssl=1 1.5x, https:\/\/i0.wp.com\/resemedicin.se\/reseradet\/wp-content\/uploads\/2026\/01\/image-4.png?resize=700%2C400&ssl=1 2x, https:\/\/i0.wp.com\/resemedicin.se\/reseradet\/wp-content\/uploads\/2026\/01\/image-4.png?resize=1050%2C600&ssl=1 3x"},"classes":[]}],"jetpack_sharing_enabled":true,"_links":{"self":[{"href":"https:\/\/resemedicin.se\/reseradet\/wp-json\/wp\/v2\/posts\/13351","targetHints":{"allow":["GET"]}}],"collection":[{"href":"https:\/\/resemedicin.se\/reseradet\/wp-json\/wp\/v2\/posts"}],"about":[{"href":"https:\/\/resemedicin.se\/reseradet\/wp-json\/wp\/v2\/types\/post"}],"author":[{"embeddable":true,"href":"https:\/\/resemedicin.se\/reseradet\/wp-json\/wp\/v2\/users\/1"}],"replies":[{"embeddable":true,"href":"https:\/\/resemedicin.se\/reseradet\/wp-json\/wp\/v2\/comments?post=13351"}],"version-history":[{"count":5,"href":"https:\/\/resemedicin.se\/reseradet\/wp-json\/wp\/v2\/posts\/13351\/revisions"}],"predecessor-version":[{"id":13503,"href":"https:\/\/resemedicin.se\/reseradet\/wp-json\/wp\/v2\/posts\/13351\/revisions\/13503"}],"wp:attachment":[{"href":"https:\/\/resemedicin.se\/reseradet\/wp-json\/wp\/v2\/media?parent=13351"}],"wp:term":[{"taxonomy":"category","embeddable":true,"href":"https:\/\/resemedicin.se\/reseradet\/wp-json\/wp\/v2\/categories?post=13351"},{"taxonomy":"post_tag","embeddable":true,"href":"https:\/\/resemedicin.se\/reseradet\/wp-json\/wp\/v2\/tags?post=13351"}],"curies":[{"name":"wp","href":"https:\/\/api.w.org\/{rel}","templated":true}]}}