{"id":13325,"date":"2025-05-13T09:41:11","date_gmt":"2025-05-13T08:41:11","guid":{"rendered":"https:\/\/resemedicin.se\/reseradet\/?p=13325"},"modified":"2025-05-20T07:31:20","modified_gmt":"2025-05-20T06:31:20","slug":"2025-05-13-hoga-halter-av-tarmbakterier-i-badvattnet-kring-teneriffa","status":"publish","type":"post","link":"https:\/\/resemedicin.se\/reseradet\/epinytt\/2025-05-13-hoga-halter-av-tarmbakterier-i-badvattnet-kring-teneriffa\/","title":{"rendered":"2025-05-13 H\u00f6ga halter av tarmbakterier i badvattnet kring Teneriffa"},"content":{"rendered":"\n<p>Den senaste tiden har flera str\u00e4nder p\u00e5 <a href=\"https:\/\/resemedicin.se\/reseradet\/landsinformation\/spanien\/\">spanska \u00f6n Teneriffa<\/a> varit tillf\u00e4lligt st\u00e4ngda p.g.a. h\u00f6ga halter av <em>E.coli<\/em> och <em>Enterococcus faecalis<\/em>. Orsaken tros vara en kombination av d\u00e5ligt fungerande avloppsanl\u00e4ggingar och str\u00f6mmar som kan f\u00f6ra f\u00f6rorenat vatten l\u00e5nga str\u00e4ckor.<\/p>\n\n\n\n<h5 class=\"wp-block-heading\">Reser\u00e5dets bed\u00f6mning<\/h5>\n\n\n\n<p>Det nu intr\u00e4ffade kan inneb\u00e4ra en h\u00e4lsorisk och resen\u00e4rer b\u00f6r informeras om risken att att insjukna med <a href=\"https:\/\/resemedicin.se\/reseradet\/landsinformation\/spanien\/\">mag-tarmebesv\u00e4r<\/a> om man under bad f\u00e5r i sig kontaminerat vatten eller om man konsumerar lokalt f\u00e5ngade skaldjur, vilka kan filtrera stora m\u00e4ngder vatten och d\u00e4rmed ackumulera olika tarmpatogener. Av denna anledning \u00e4r det viktigt att f\u00f6lja lokal information p\u00e5 resm\u00e5let.<\/p>\n\n\n\n<p>Det nu beskrivna fenomenet \u00e4r inte ovanligt i tropiska omr\u00e5den, men f\u00e5ngas s\u00e4llan upp p.g.a. bristande kontroller av badvattenkvalit\u00e9n. Spanska Kanarie\u00f6arna omfattas dock av <a href=\"https:\/\/eur-lex.europa.eu\/legal-content\/SV\/TXT\/?uri=LEGISSUM:co0018\" target=\"_blank\" rel=\"noreferrer noopener\">EU:s badvattendirektiv<\/a>, som reglerar provtagning och \u00e5tg\u00e4rder f\u00f6r att s\u00e4kerst\u00e4lla h\u00f6g kvalitet p\u00e5 badvatten, med krav att avr\u00e5da fr\u00e5n bad p\u00e5 str\u00e4nder med f\u00f6rh\u00f6jda halter tarmpatogener. \u00c4ven svenska badvatten kan drabbas och Havs- och vattenmyndigheten publicerar d\u00e4rf\u00f6r regelbundet information om <a href=\"https:\/\/www.havochvatten.se\/badplatser-och-badvatten.html\" target=\"_blank\" rel=\"noreferrer noopener\">kvalit\u00e9n p\u00e5 svenska badvatten<\/a>. <\/p>\n\n\n\n<p style=\"font-size:12px\"><em><strong>EpiNytt\u00a0<\/strong><\/em>\u00e4r Reser\u00e5dets kostnadsfria omv\u00e4rldsbevakning med aktuell information om\u00a0utbrott och nyheter p\u00e5 vaccin- och resefronten. Se <a href=\"https:\/\/resemedicin.se\/reseradet\/epinytt\/\">hela listan med nyheter i fulltext<\/a>. Dela g\u00e4rna l\u00e4nken med intresserade kolleger, vilka ocks\u00e5 sj\u00e4lva kan <a href=\"https:\/\/resemedicin.se\/reseradet\/prenumerera-kostnadsfritt-pa-epinytt\/\">prenumerera p\u00e5 nyhetsbrevet<\/a> utan kostnad.<\/p>\n","protected":false},"excerpt":{"rendered":"<p>Den senaste tiden har flera str\u00e4nder p\u00e5 spanska \u00f6n Teneriffa varit tillf\u00e4lligt st\u00e4ngda p.g.a. h\u00f6ga halter av E.coli och Enterococcus faecalis. Orsaken tros vara en kombination av d\u00e5ligt fungerande avloppsanl\u00e4ggingar och str\u00f6mmar som kan f\u00f6ra f\u00f6rorenat vatten l\u00e5nga str\u00e4ckor. Reser\u00e5dets bed\u00f6mning Det nu intr\u00e4ffade kan inneb\u00e4ra en h\u00e4lsorisk och resen\u00e4rer b\u00f6r informeras om risken att &hellip; <a href=\"https:\/\/resemedicin.se\/reseradet\/epinytt\/2025-05-13-hoga-halter-av-tarmbakterier-i-badvattnet-kring-teneriffa\/\" class=\"more-link\">Forts\u00e4tt l\u00e4sa<span class=\"screen-reader-text\"> \u201d2025-05-13 H\u00f6ga halter av tarmbakterier i badvattnet kring Teneriffa\u201d<\/span><\/a><\/p>\n","protected":false},"author":1,"featured_media":0,"comment_status":"open","ping_status":"closed","sticky":false,"template":"","format":"aside","meta":{"_lmt_disableupdate":"","_lmt_disable":"","_jetpack_memberships_contains_paid_content":false,"footnotes":""},"categories":[2],"tags":[],"class_list":["post-13325","post","type-post","status-publish","format-aside","hentry","category-epinytt","post_format-post-format-aside"],"modified_by":"Reser\u00e5det","jetpack_featured_media_url":"","jetpack-related-posts":[{"id":15853,"url":"https:\/\/resemedicin.se\/reseradet\/epinytt\/2026-01-19-chikungunya-mauritius\/","url_meta":{"origin":13325,"position":0},"title":"2026-01-19 Chikungunya, Mauritius","author":"Reser\u00e5det","date":"2026-01-19","format":"aside","excerpt":"H\u00e4lsomyndigheterna p\u00e5 Mauritius rapporterar ett f\u00f6rh\u00f6jt observansl\u00e4ge efter att fem fall av chikungunyafeber bekr\u00e4ftats i slutet av december 2025. Fallen har intr\u00e4ffat i tre olika delar av \u00f6n: tv\u00e5 i Roches-Brunes, tv\u00e5 i Cit\u00e9 La Cure och ett i Plaisance, Rose Hill. Myndigheterna varnar f\u00f6r att myggpopulationen \u00e4r h\u00f6g, och\u2026","rel":"","context":"I \u201dEpiNytt\u201d","block_context":{"text":"EpiNytt","link":"https:\/\/resemedicin.se\/reseradet\/kategori\/epinytt\/"},"img":{"alt_text":"","src":"","width":0,"height":0},"classes":[]},{"id":15196,"url":"https:\/\/resemedicin.se\/reseradet\/epinytt\/2025-11-14-kolerautbrott-i-angola-och-andra-afrikanska-lander\/","url_meta":{"origin":13325,"position":1},"title":"2025-11-14 Kolerautbrott i Angola och andra afrikanska l\u00e4nder","author":"Reser\u00e5det","date":"2025-11-14","format":"aside","excerpt":"Afrika upplever nu de v\u00e4rsta utbrotten av kolera p\u00e5 25 \u00e5r, med \u00f6ver\u00a0300 000 fall\u00a0och mer \u00e4n\u00a07 000 d\u00f6dsfall\u00a0rapporterade hittills i \u00e5r. F\u00f6r n\u00e4rvarande \u00e4r Angola ett av de mest drabbade l\u00e4nderna med omfattande p\u00e5g\u00e5ende smittspridning och under \u00e5ret \u00f6ver\u00a034 000 fall\u00a0och n\u00e4ra\u00a0900 d\u00f6dsfall, spridda i\u00a018 av 21 provinser. H\u00f6gst\u2026","rel":"","context":"I \u201dEpiNytt\u201d","block_context":{"text":"EpiNytt","link":"https:\/\/resemedicin.se\/reseradet\/kategori\/epinytt\/"},"img":{"alt_text":"","src":"","width":0,"height":0},"classes":[]},{"id":14874,"url":"https:\/\/resemedicin.se\/reseradet\/epinytt\/2025-09-01-kolera-global-okning-av-dodlighet-och-nya-utbrott-i-afrika\/","url_meta":{"origin":13325,"position":2},"title":"2025-09-01 Kolera \u2013 global \u00f6kning av d\u00f6dlighet och nya utbrott i Afrika","author":"Reser\u00e5det","date":"2025-09-01","format":"aside","excerpt":"WHO rapporterar att den globala kolerasituationen fortsatt \u00e4r mycket allvarlig. Under perioden januari\u2013augusti 2025 har \u00f6ver 409 000 fall och n\u00e4stan 4 800 d\u00f6dsfall registrerats fr\u00e5n 31 l\u00e4nder. J\u00e4mf\u00f6rt med samma period 2024 ses en minskning av antalet fall men en \u00f6kning av antalet d\u00f6dsfall, s\u00e4rskilt i Afrika d\u00e4r d\u00f6dligheten\u2026","rel":"","context":"I \u201dEpiNytt\u201d","block_context":{"text":"EpiNytt","link":"https:\/\/resemedicin.se\/reseradet\/kategori\/epinytt\/"},"img":{"alt_text":"","src":"","width":0,"height":0},"classes":[]},{"id":16726,"url":"https:\/\/resemedicin.se\/reseradet\/epinytt\/2026-04-22-leptospiros-pa-reunion-exceptionellt-manga-fall-efter-kraftiga-regn\/","url_meta":{"origin":13325,"position":3},"title":"2026-04-22 Leptospiros p\u00e5 R\u00e9union \u2013 exceptionellt m\u00e5nga fall efter kraftiga regn","author":"Reser\u00e5det","date":"2026-04-22","format":"aside","excerpt":"Den franska \u00f6n R\u00e9union rapporterar en ovanligt kraftig \u00f6kning av leptospiros under 2026. Enligt regionala h\u00e4lsomyndigheter hade 142 fall och ett d\u00f6dsfall registrerats sedan \u00e5rets fram till mitten av april, vilket beskrivs som en exceptionellt h\u00f6g niv\u00e5 j\u00e4mf\u00f6rt med normala s\u00e4songer. \u00d6kningen kopplas fr\u00e4mst till perioder med kraftiga regn och\u2026","rel":"","context":"I \u201dEpiNytt\u201d","block_context":{"text":"EpiNytt","link":"https:\/\/resemedicin.se\/reseradet\/kategori\/epinytt\/"},"img":{"alt_text":"","src":"","width":0,"height":0},"classes":[]},{"id":14445,"url":"https:\/\/resemedicin.se\/reseradet\/epinytt\/2025-06-30-leptospiros-ecuador\/","url_meta":{"origin":13325,"position":4},"title":"2025-06-30 Leptospiros, Ecuador","author":"Reser\u00e5det","date":"2025-06-30","format":"aside","excerpt":"Ecuador har utlyst en h\u00e4lson\u00f6dsituation p\u00e5 grund av en betydande \u00f6kning av fall av leptospiros. \u00d6kningen av fallen tillskrivs kraftigt regn, vilket har lett till en \u00f6kning av r\u00e5ttpopulationen. Dessa gnagare sprider bakterien genom sin urin och f\u00f6rorenar vatten och avfall. Sjukdomen drabbar fr\u00e4mst fuktiga och \u00f6versv\u00e4mmade omr\u00e5den. T.o.m. vecka\u2026","rel":"","context":"I \u201dEpiNytt\u201d","block_context":{"text":"EpiNytt","link":"https:\/\/resemedicin.se\/reseradet\/kategori\/epinytt\/"},"img":{"alt_text":"","src":"","width":0,"height":0},"classes":[]},{"id":15107,"url":"https:\/\/resemedicin.se\/reseradet\/epinytt\/2025-02-27-stort-pagaende-kolerautbrott-i-demokratiska-republiken-kongo-drc\/","url_meta":{"origin":13325,"position":5},"title":"2025-02-27 Stort p\u00e5g\u00e5ende kolerautbrott i Demokratiska republiken Kongo (DRC)","author":"Reser\u00e5det","date":"2025-10-27","format":"aside","excerpt":"Utbrotten av kolera i Demokratiska Republiken Kongo\u00a0(DRC)\u00a0 har under 2025 utvecklats till ett av de allvarligaste p\u00e5 mer \u00e4n ett decennium. Enligt landets h\u00e4lsoministerium har \u00f6ver\u00a058 000 misst\u00e4nkta fall\u00a0rapporterats sedan \u00e5rets b\u00f6rjan, med mer \u00e4n\u00a01 700 d\u00f6dsfall\u00a0fram till mitten av oktober \u2013 en\u00a0d\u00f6dlighet p\u00e5 \u00f6ver 3 %. Totalt\u00a020 av landets\u2026","rel":"","context":"I \u201dEpiNytt\u201d","block_context":{"text":"EpiNytt","link":"https:\/\/resemedicin.se\/reseradet\/kategori\/epinytt\/"},"img":{"alt_text":"","src":"","width":0,"height":0},"classes":[]}],"jetpack_sharing_enabled":true,"_links":{"self":[{"href":"https:\/\/resemedicin.se\/reseradet\/wp-json\/wp\/v2\/posts\/13325","targetHints":{"allow":["GET"]}}],"collection":[{"href":"https:\/\/resemedicin.se\/reseradet\/wp-json\/wp\/v2\/posts"}],"about":[{"href":"https:\/\/resemedicin.se\/reseradet\/wp-json\/wp\/v2\/types\/post"}],"author":[{"embeddable":true,"href":"https:\/\/resemedicin.se\/reseradet\/wp-json\/wp\/v2\/users\/1"}],"replies":[{"embeddable":true,"href":"https:\/\/resemedicin.se\/reseradet\/wp-json\/wp\/v2\/comments?post=13325"}],"version-history":[{"count":2,"href":"https:\/\/resemedicin.se\/reseradet\/wp-json\/wp\/v2\/posts\/13325\/revisions"}],"predecessor-version":[{"id":13506,"href":"https:\/\/resemedicin.se\/reseradet\/wp-json\/wp\/v2\/posts\/13325\/revisions\/13506"}],"wp:attachment":[{"href":"https:\/\/resemedicin.se\/reseradet\/wp-json\/wp\/v2\/media?parent=13325"}],"wp:term":[{"taxonomy":"category","embeddable":true,"href":"https:\/\/resemedicin.se\/reseradet\/wp-json\/wp\/v2\/categories?post=13325"},{"taxonomy":"post_tag","embeddable":true,"href":"https:\/\/resemedicin.se\/reseradet\/wp-json\/wp\/v2\/tags?post=13325"}],"curies":[{"name":"wp","href":"https:\/\/api.w.org\/{rel}","templated":true}]}}