{"id":13279,"date":"2025-05-12T11:35:02","date_gmt":"2025-05-12T10:35:02","guid":{"rendered":"https:\/\/resemedicin.se\/reseradet\/?p=13279"},"modified":"2025-05-20T07:36:10","modified_gmt":"2025-05-20T06:36:10","slug":"2025-05-12-geografiskt-overlapp-mellan-aedes-overforda-virusinfektioner","status":"publish","type":"post","link":"https:\/\/resemedicin.se\/reseradet\/epinytt\/2025-05-12-geografiskt-overlapp-mellan-aedes-overforda-virusinfektioner\/","title":{"rendered":"2025-05-12 Geografiskt \u00f6verlapp mellan Aedes-\u00f6verf\u00f6rda virusinfektioner"},"content":{"rendered":"\n<p>En nyligen publicerad studie i <a href=\"https:\/\/www.nature.com\/articles\/s41467-025-58609-5\" target=\"_blank\" rel=\"noreferrer noopener\">Nature communications<\/a> belyser problemet med arbovirusinfektioner \u00f6verf\u00f6rda av <a href=\"https:\/\/resemedicin.se\/reseradet\/reserad\/skydd-mot-insekter-och-fastingar\/#aedes\">aedesmyggor<\/a> (<em>Aedes aegypti<\/em> och <em>Ae. albopictus<\/em>), inklusive <a href=\"https:\/\/www.resemedicin.se\/reseradet\/sjukdomar-och-vacciner\/dengue\">dengue<\/a>-, <a href=\"https:\/\/www.resemedicin.se\/reseradet\/sjukdomar-och-vacciner\/chikungunya\">chikungunya<\/a>&#8211; och <a href=\"https:\/\/www.resemedicin.se\/reseradet\/sjukdomar-och-vacciner\/zika\">zikavirus<\/a>, samt <a href=\"https:\/\/www.resemedicin.se\/reseradet\/sjukdomar-och-vacciner\/gula-febern\">gula febern<\/a>-virus i urbana milj\u00f6er. Dessa sjukdomar har stor betydelse b\u00e5de f\u00f6r lokala kontrollprogram och reser\u00e5dgivningen, inklusive vaccination. Dock kan riskkartor baserade p\u00e5 \u00f6vervakningsdata underskatta eller felaktigt presentera den verkliga spridningen av dessa sjukdomar. F\u00f6rfattarna bakom studien har i st\u00e4llet genererat nya globala kartor \u00f6ver milj\u00f6l\u00e4mplighet f\u00f6r <em>Aedes<\/em>-burna arbovirus med hj\u00e4lp av en ekologisk nischmodell innefattande \u00f6ver 21 000 f\u00f6rekomstpunkter.<\/p>\n\n\n\n<figure class=\"wp-block-image size-large\"><a href=\"https:\/\/www.nature.com\/articles\/s41467-025-58609-5\/figures\/1\" target=\"_blank\" rel=\" noreferrer noopener\"><img data-recalc-dims=\"1\" loading=\"lazy\" decoding=\"async\" width=\"840\" height=\"391\" src=\"https:\/\/i0.wp.com\/resemedicin.se\/reseradet\/wp-content\/uploads\/2025\/05\/image-7.png?resize=840%2C391&#038;ssl=1\" alt=\"\" class=\"wp-image-13280\" srcset=\"https:\/\/i0.wp.com\/resemedicin.se\/reseradet\/wp-content\/uploads\/2025\/05\/image-7-scaled.png?resize=1024%2C477&amp;ssl=1 1024w, https:\/\/i0.wp.com\/resemedicin.se\/reseradet\/wp-content\/uploads\/2025\/05\/image-7-scaled.png?resize=300%2C140&amp;ssl=1 300w, https:\/\/i0.wp.com\/resemedicin.se\/reseradet\/wp-content\/uploads\/2025\/05\/image-7-scaled.png?resize=768%2C358&amp;ssl=1 768w, https:\/\/i0.wp.com\/resemedicin.se\/reseradet\/wp-content\/uploads\/2025\/05\/image-7-scaled.png?resize=1536%2C715&amp;ssl=1 1536w, https:\/\/i0.wp.com\/resemedicin.se\/reseradet\/wp-content\/uploads\/2025\/05\/image-7-scaled.png?resize=2048%2C954&amp;ssl=1 2048w, https:\/\/i0.wp.com\/resemedicin.se\/reseradet\/wp-content\/uploads\/2025\/05\/image-7-scaled.png?resize=1200%2C559&amp;ssl=1 1200w, https:\/\/i0.wp.com\/resemedicin.se\/reseradet\/wp-content\/uploads\/2025\/05\/image-7-scaled.png?w=1680&amp;ssl=1 1680w, https:\/\/i0.wp.com\/resemedicin.se\/reseradet\/wp-content\/uploads\/2025\/05\/image-7-scaled.png?w=2520&amp;ssl=1 2520w\" sizes=\"auto, (max-width: 709px) 85vw, (max-width: 909px) 67vw, (max-width: 1362px) 62vw, 840px\" \/><\/a><figcaption class=\"wp-element-caption\">Globala kartor \u00f6ver f\u00f6rekomst-data f\u00f6r denguefeber (b), chikungunya (c), zika (d) och gula febern (e). Klicka p\u00e5 bilden f\u00f6r st\u00f6rre karta.<\/figcaption><\/figure>\n\n\n\n<p>Resultaten visar att den senaste spridningen av chikungunya och zika ligger n\u00e4ra omr\u00e5den som \u00e4ven \u00e4r l\u00e4mpliga f\u00f6r dengue. Baserat p\u00e5 dessa data estimerar man att uppskattningsvis 5,66 miljarder m\u00e4nniskor bor i omr\u00e5den som \u00e4r l\u00e4mpliga f\u00f6r dengue, chikungunya och zika, och 1,54 miljarder m\u00e4nniskor f\u00f6r gula febern. I dessa omr\u00e5den \u00e4r \u00f6vervakningskapaciteten mycket varierande med sannolikhet f\u00f6r en \u00f6verskattning av risken i USA och Europa och en underskattning i resurssvaga l\u00e4nder.<\/p>\n\n\n\n<h5 class=\"wp-block-heading\">Reser\u00e5dets kommentar<\/h5>\n\n\n\n<p>Chikungunya, zika och dengue har inte bara gemensamma vektorer utan \u00e4ven i stor utstr\u00e4ckning \u00f6verlappande symtom. Den snabba spridningen av chikungunya och zika i m\u00e5nga tropiska l\u00e4nder under senare \u00e5r och begr\u00e4nsade diagnostiska m\u00f6jligheter g\u00f6r det vanskligt att basera riskv\u00e4rdering p\u00e5 kartor \u00f6ver l\u00e4nder med diagnosticerade fall. Inte osannolikt har m\u00e5nga patienter som f\u00e5tt den kliniska diagnosen dengue i st\u00e4llet varit infekterade med chikungunya- eller zikavirus. I den praktiska r\u00e5dgivningsvardagen, lutar d\u00e4rf\u00f6r allt mer \u00e5t att betrakta omr\u00e5den med k\u00e4nd f\u00f6rekomst av endera dengue, chikungunya eller zika som riskomr\u00e5den f\u00f6r alla tre sjukdomarna.<\/p>\n\n\n\n<p style=\"font-size:12px\"><em><strong>EpiNytt\u00a0<\/strong><\/em>\u00e4r Reser\u00e5dets kostnadsfria omv\u00e4rldsbevakning med aktuell information om\u00a0utbrott och nyheter p\u00e5 vaccin- och resefronten. Se <a href=\"https:\/\/resemedicin.se\/reseradet\/epinytt\/\">hela listan med nyheter i fulltext<\/a>. Dela g\u00e4rna l\u00e4nken med intresserade kolleger, vilka ocks\u00e5 sj\u00e4lva kan <a href=\"https:\/\/resemedicin.se\/reseradet\/prenumerera-kostnadsfritt-pa-epinytt\/\">prenumerera p\u00e5 nyhetsbrevet<\/a> utan kostnad.<\/p>\n","protected":false},"excerpt":{"rendered":"<p>En nyligen publicerad studie i Nature communications belyser problemet med arbovirusinfektioner \u00f6verf\u00f6rda av aedesmyggor (Aedes aegypti och Ae. albopictus), inklusive dengue-, chikungunya&#8211; och zikavirus, samt gula febern-virus i urbana milj\u00f6er. Dessa sjukdomar har stor betydelse b\u00e5de f\u00f6r lokala kontrollprogram och reser\u00e5dgivningen, inklusive vaccination. Dock kan riskkartor baserade p\u00e5 \u00f6vervakningsdata underskatta eller felaktigt presentera den verkliga &hellip; <a href=\"https:\/\/resemedicin.se\/reseradet\/epinytt\/2025-05-12-geografiskt-overlapp-mellan-aedes-overforda-virusinfektioner\/\" class=\"more-link\">Forts\u00e4tt l\u00e4sa<span class=\"screen-reader-text\"> \u201d2025-05-12 Geografiskt \u00f6verlapp mellan Aedes-\u00f6verf\u00f6rda virusinfektioner\u201d<\/span><\/a><\/p>\n","protected":false},"author":1,"featured_media":0,"comment_status":"open","ping_status":"closed","sticky":false,"template":"","format":"aside","meta":{"_lmt_disableupdate":"","_lmt_disable":"","_jetpack_memberships_contains_paid_content":false,"footnotes":""},"categories":[2],"tags":[],"class_list":["post-13279","post","type-post","status-publish","format-aside","hentry","category-epinytt","post_format-post-format-aside"],"modified_by":"Reser\u00e5det","jetpack_featured_media_url":"","jetpack-related-posts":[{"id":14337,"url":"https:\/\/resemedicin.se\/reseradet\/epinytt\/2026-06-18-lokalt-overford-chikungunyafeber-i-frankrike\/","url_meta":{"origin":13279,"position":0},"title":"2026-06-18 Lokalt \u00f6verf\u00f6rd chikungunyafeber i Frankrike","author":"Reser\u00e5det","date":"2025-06-18","format":"aside","excerpt":"H\u00e4lsov\u00e5rdsmyndigheten i regionen Occitanie i sydv\u00e4stra Frankrike har den 16 juni bekr\u00e4ftat ett lokalt \u00f6verf\u00f6rt fall av chikungunyafeber i departementet H\u00e9rault (med Montpellier som huvudort). Fallet tros ha samband med utbrotten i Indiska Oceanen, d\u00e5 minst 59 reserelaterade chikungunyafall konsttaerats i Occitanie sedan b\u00f6rjan av maj har. En knapp vecka\u2026","rel":"","context":"I \u201dEpiNytt\u201d","block_context":{"text":"EpiNytt","link":"https:\/\/resemedicin.se\/reseradet\/kategori\/epinytt\/"},"img":{"alt_text":"","src":"","width":0,"height":0},"classes":[]},{"id":14545,"url":"https:\/\/resemedicin.se\/reseradet\/epinytt\/2025-07-12-surinam-forklarat-fritt-fran-malaria\/","url_meta":{"origin":13279,"position":1},"title":"2025-07-12 Surinam f\u00f6rklarat fritt fr\u00e5n malaria.","author":"Reser\u00e5det","date":"2025-07-12","format":"aside","excerpt":"Den 30 juni 2025 blev Surinam det f\u00f6rsta landet i Amazonasregionen att f\u00e5 certifiering fr\u00e5n WHO att vara fritt fr\u00e5n malaria. Det senaste lokalt \u00f6verf\u00f6rda fallet av Plasmodium falciparum-malaria i Surinam registrerades 2018, f\u00f6ljt av det sista Plasmodium vivax-fallet 2021. WHO-certifiering beviljas n\u00e4r landet har bevisat, bortom rimligt tvivel, att\u2026","rel":"","context":"I \u201dEpiNytt\u201d","block_context":{"text":"EpiNytt","link":"https:\/\/resemedicin.se\/reseradet\/kategori\/epinytt\/"},"img":{"alt_text":"","src":"","width":0,"height":0},"classes":[]},{"id":12573,"url":"https:\/\/resemedicin.se\/reseradet\/epinytt\/2025-01-10-zikavirus-seychellerna\/","url_meta":{"origin":13279,"position":2},"title":"2025-01-10 Zikavirus, Seychellerna","author":"Reser\u00e5det","date":"2025-01-10","format":"aside","excerpt":"Brittiska myndigheter har rapporterat ett fall av zikavirusinfektion hos en resen\u00e4r som varit p\u00e5 Seychellerna. Bed\u00f6mning Detta \u00e4r f\u00f6rsta g\u00e5ngen zikavirusinfektion rapporteras fr\u00e5n Seychellerna. D\u00e5 denna infektion \u00e4r sv\u00e5r att skilja fr\u00e5n andra virusinfektioner, inklusive denguefeber och chikungunyafeber \u00e4r diagnosen l\u00e4tt att missta utan provtagning. \u00c4ven enstaka diagnostiserade fall, s\u00e5som\u2026","rel":"","context":"I \u201dEpiNytt\u201d","block_context":{"text":"EpiNytt","link":"https:\/\/resemedicin.se\/reseradet\/kategori\/epinytt\/"},"img":{"alt_text":"","src":"","width":0,"height":0},"classes":[]},{"id":7391,"url":"https:\/\/resemedicin.se\/reseradet\/epinytt\/2024-09-19-zikautbrott-maharashtra-indien\/","url_meta":{"origin":13279,"position":3},"title":"2024-09-19 Zikautbrott, Maharashtra, Indien","author":"Reser\u00e5det","date":"2024-09-19","format":"aside","excerpt":"H\u00e4ndelse Det p\u00e5g\u00e5r f\u00f6r n\u00e4rvarande en \u00f6kad risk f\u00f6r smitta av Zikavirus i delstaten Maharashtra, Indien. I slutet av augusti hade n\u00e4stan 120 fall registrerat i delstaten varav drygt 100 fall, inklusive 5 d\u00f6dsfall i Pune-distrikte. Alla d\u00f6dsfall har varit hos \u00e4ldre personer med andra kroniska sjukdomar. Bed\u00f6mning och rekommendationer\u2026","rel":"","context":"I \u201dEpiNytt\u201d","block_context":{"text":"EpiNytt","link":"https:\/\/resemedicin.se\/reseradet\/kategori\/epinytt\/"},"img":{"alt_text":"","src":"","width":0,"height":0},"classes":[]},{"id":14396,"url":"https:\/\/resemedicin.se\/reseradet\/epinytt\/2025-06-25-who-riskbedomning-om-oropuoche\/","url_meta":{"origin":13279,"position":4},"title":"2025-06-25 WHO riskbed\u00f6mning om Oropuoche","author":"Reser\u00e5det","date":"2025-06-25","format":"aside","excerpt":"WHO har nyligen publicerat en riskbed\u00f6mning av Oropouche-viruset (OROV), med fokus p\u00e5 dess uppkomst, spridning och potentiella h\u00e4lsorisker. Dokumentet diskuterar virusets \u00f6verf\u00f6ringscykler, olika vektorers roll och uppkomsten av nya viruslinjer. Det tar ocks\u00e5 upp potentialen f\u00f6r vertikal och sexuell \u00f6verf\u00f6ring, samt konsekvenserna f\u00f6r blods\u00e4kerhet. Dokumentet belyser behovet av ytterligare forskning,\u2026","rel":"","context":"I \u201dEpiNytt\u201d","block_context":{"text":"EpiNytt","link":"https:\/\/resemedicin.se\/reseradet\/kategori\/epinytt\/"},"img":{"alt_text":"","src":"","width":0,"height":0},"classes":[]},{"id":6359,"url":"https:\/\/resemedicin.se\/reseradet\/epinytt\/2024-09-16-denguefeber-italien\/","url_meta":{"origin":13279,"position":5},"title":"2024-09-16 Denguefeber, Italien","author":"Reser\u00e5det","date":"2024-09-16","format":"aside","excerpt":"H\u00e4ndelse Myndigheter i Italien rapporterade den 13 september 11 fall av denguefeber i Fano-omr\u00e5det i regionen Marche. Tio av dessa personer tros ha smittats lokalt. Dengue har rapporterats p\u00e5 andra h\u00e5ll i Italien de senaste veckorna. Ett fall rapporterades i Emilia-Romagna i slutet av augusti och ett annat i Brescia\u2026","rel":"","context":"I \u201dEpiNytt\u201d","block_context":{"text":"EpiNytt","link":"https:\/\/resemedicin.se\/reseradet\/kategori\/epinytt\/"},"img":{"alt_text":"","src":"","width":0,"height":0},"classes":[]}],"jetpack_sharing_enabled":true,"_links":{"self":[{"href":"https:\/\/resemedicin.se\/reseradet\/wp-json\/wp\/v2\/posts\/13279","targetHints":{"allow":["GET"]}}],"collection":[{"href":"https:\/\/resemedicin.se\/reseradet\/wp-json\/wp\/v2\/posts"}],"about":[{"href":"https:\/\/resemedicin.se\/reseradet\/wp-json\/wp\/v2\/types\/post"}],"author":[{"embeddable":true,"href":"https:\/\/resemedicin.se\/reseradet\/wp-json\/wp\/v2\/users\/1"}],"replies":[{"embeddable":true,"href":"https:\/\/resemedicin.se\/reseradet\/wp-json\/wp\/v2\/comments?post=13279"}],"version-history":[{"count":4,"href":"https:\/\/resemedicin.se\/reseradet\/wp-json\/wp\/v2\/posts\/13279\/revisions"}],"predecessor-version":[{"id":13513,"href":"https:\/\/resemedicin.se\/reseradet\/wp-json\/wp\/v2\/posts\/13279\/revisions\/13513"}],"wp:attachment":[{"href":"https:\/\/resemedicin.se\/reseradet\/wp-json\/wp\/v2\/media?parent=13279"}],"wp:term":[{"taxonomy":"category","embeddable":true,"href":"https:\/\/resemedicin.se\/reseradet\/wp-json\/wp\/v2\/categories?post=13279"},{"taxonomy":"post_tag","embeddable":true,"href":"https:\/\/resemedicin.se\/reseradet\/wp-json\/wp\/v2\/tags?post=13279"}],"curies":[{"name":"wp","href":"https:\/\/api.w.org\/{rel}","templated":true}]}}