{"id":13160,"date":"2025-05-08T17:01:07","date_gmt":"2025-05-08T16:01:07","guid":{"rendered":"https:\/\/resemedicin.se\/reseradet\/?p=13160"},"modified":"2025-08-18T13:40:45","modified_gmt":"2025-08-18T12:40:45","slug":"2025-05-08-ema-vaccinera-inte-aldre-over-65-ar-med-ixchiq","status":"publish","type":"post","link":"https:\/\/resemedicin.se\/reseradet\/epinytt\/2025-05-08-ema-vaccinera-inte-aldre-over-65-ar-med-ixchiq\/","title":{"rendered":"2025-05-08 EMA: Vaccinera inte \u00e4ldre \u00f6ver 65 \u00e5r med Ixchiq\u00ae"},"content":{"rendered":"\n<p><strong>OBS! Rekommendationerna nedan g\u00e4ller inte l\u00e4ngre se uppf\u00f6ljande notis i EpiNytt: <a href=\"https:\/\/resemedicin.se\/reseradet\/epinytt\/2025-07-13-emas-granskning-av-ixchiq-klar-vaccinet-kan-ater-ges-till-aldre-65-ar\/\">2025-07-13 EMA:s granskning av Ixchiq\u00ae klar. Vaccinet kan \u00e5ter ges till \u00e4ldre >65 \u00e5r<\/a><\/strong>.<\/p>\n\n\n\n<p>Som <a href=\"https:\/\/resemedicin.se\/reseradet\/epinytt\/2025-05-03-ema-uppmanar-till-forsiktighet-med-ixchiq-till-aldre-sarskilt-multisjuka-individer\/\">EpiNytt tidigare rapporterat<\/a> har s\u00e4kerhetskommitt\u00e9 vid Europeiska L\u00e4kemedelsmyndigheten (EMA) inlett en granskning av <a href=\"https:\/\/resemedicin.se\/reseradet\/sjukdomar-och-vacciner\/chikungunya\/#prevention\">chikungunyavaccinet<\/a> <a href=\"https:\/\/resemedicin.se\/reseradet\/vaccination\/ixchiq\/\">Ixchiq\u00ae<\/a> efter rapporter om allvarliga biverkningar hos \u00e4ldre personer. M\u00e5nga av de drabbade personerna hade \u00e4ven andra sjukdomar och den exakta orsaken till dessa biverkningar och deras samband med vaccinet har \u00e4nnu inte fastst\u00e4llts. <\/p>\n\n\n\n<p>Hittills har 17 allvarliga fall rapporterats hos personer i \u00e5ldern 62 till 89 \u00e5r, varav tv\u00e5 lett till d\u00f6den. Ett av de d\u00f6dliga fallen g\u00e4llde en 84-\u00e5rig man som utvecklade encefalit. Det andra g\u00e4llde en 77-\u00e5rig man med Parkinsons sjukdom vars sv\u00e5righeter att sv\u00e4lja f\u00f6rv\u00e4rrades och kan ha orsakat aspirationspneumoni. De tv\u00e5 d\u00f6dliga fallen intr\u00e4ffade i det franska utomeuropeiska departementet <a href=\"https:\/\/resemedicin.se\/reseradet\/landsinformation\/reunion\/\">R\u00e9union<\/a>, d\u00e4r en vaccinationskampanj p\u00e5g\u00e5r f\u00f6r att begr\u00e4nsa ett omfattande  <a href=\"https:\/\/resemedicin.se\/reseradet\/epinytt\/2025-05-07-chikungunya-i-reunion-och-mayotte\/\">chikungunya-utbrott<\/a>.<\/p>\n\n\n\n<p>Med tanke p\u00e5 att studier av Ixchiq\u00ae huvudsakligen involverade personer under 65 \u00e5r och den stora majoriteten av de allvarliga fallen g\u00e4llde personer 65 \u00e5r och \u00e4ldre, rekommenderar kommitt\u00e9n tillf\u00e4lligt att anv\u00e4ndningen av vaccinet begr\u00e4nsas. Medan en djupg\u00e5ende granskning p\u00e5g\u00e5r kommer Ixchiq\u00ae att vara kontraindicerat f\u00f6r vuxna i \u00e5ldern 65 \u00e5r och \u00e4ldre. Ixchiq-vaccination kan forts\u00e4tta till personer under 65 \u00e5r.<\/p>\n\n\n\n<p>Produktinformationen f\u00f6r Ixchiq kommer att uppdateras med den senaste rekommendationen f\u00f6r vuxna 65 \u00e5r och \u00e4ldre.<\/p>\n\n\n\n<h5 class=\"wp-block-heading\">Reser\u00e5dets bed\u00f6mning<\/h5>\n\n\n\n<p>I enlighet med EMA:s bed\u00f6mning kommer nu informationen p\u00e5 Reser\u00e5dets hemsida att uppdateras. D\u00e5 Ixchiq\u00ae \u00e4r ett levande f\u00f6rsvagat vaccin p\u00e5minner vi ocks\u00e5 om att detta vaccin \u00e4r kontraindicerat hos individer med nedsatt immunf\u00f6rsvar oavsett \u00e5lder. <\/p>\n\n\n\n<p>Ett alternativt chikungunyavaccin, <a href=\"https:\/\/www.ema.europa.eu\/en\/documents\/product-information\/vimkunya-epar-product-information_en.pdf\" target=\"_blank\" rel=\"noreferrer noopener\">Vimkunya\u00ae<\/a> fr\u00e5n Bavarian Nordic, vilket \u00e4nnu inte \u00e4r tillg\u00e4ngligt i Sverige,&nbsp;inneh\u00e5ller i st\u00e4llet ett renat antigen (CHIKV-kapsidprotein C och h\u00f6ljeproteinerna E1 och E2) och kan d\u00e4rf\u00f6r vara ett attraktivt alternativ n\u00e4r \u00e4ldre och immunsupprimerade bed\u00f6ms vara i behov av vaccination. Vimkunya\u00ae ber\u00e4knas komma ut p\u00e5 den svenska marknaden senare i \u00e5r.<\/p>\n\n\n\n<p style=\"font-size:12px\"><em><strong>EpiNytt&nbsp;<\/strong><\/em>\u00e4r Reser\u00e5dets kostnadsfria omv\u00e4rldsbevakning med aktuell information om&nbsp;utbrott och nyheter p\u00e5 vaccin- och resefronten. Se <a href=\"https:\/\/resemedicin.se\/reseradet\/epinytt\/\">hela listan med nyheter i fulltext<\/a>. Dela g\u00e4rna l\u00e4nken med intresserade kolleger, vilka ocks\u00e5 sj\u00e4lva kan <a href=\"https:\/\/resemedicin.se\/reseradet\/prenumerera-kostnadsfritt-pa-epinytt\/\">prenumerera p\u00e5 nyhetsbrevet<\/a> utan kostnad.<\/p>\n","protected":false},"excerpt":{"rendered":"<p>OBS! Rekommendationerna nedan g\u00e4ller inte l\u00e4ngre se uppf\u00f6ljande notis i EpiNytt: 2025-07-13 EMA:s granskning av Ixchiq\u00ae klar. Vaccinet kan \u00e5ter ges till \u00e4ldre >65 \u00e5r. Som EpiNytt tidigare rapporterat har s\u00e4kerhetskommitt\u00e9 vid Europeiska L\u00e4kemedelsmyndigheten (EMA) inlett en granskning av chikungunyavaccinet Ixchiq\u00ae efter rapporter om allvarliga biverkningar hos \u00e4ldre personer. M\u00e5nga av de drabbade personerna hade &hellip; <a href=\"https:\/\/resemedicin.se\/reseradet\/epinytt\/2025-05-08-ema-vaccinera-inte-aldre-over-65-ar-med-ixchiq\/\" class=\"more-link\">Forts\u00e4tt l\u00e4sa<span class=\"screen-reader-text\"> \u201d2025-05-08 EMA: Vaccinera inte \u00e4ldre \u00f6ver 65 \u00e5r med Ixchiq\u00ae\u201d<\/span><\/a><\/p>\n","protected":false},"author":1,"featured_media":0,"comment_status":"open","ping_status":"closed","sticky":false,"template":"","format":"aside","meta":{"_lmt_disableupdate":"","_lmt_disable":"","_jetpack_memberships_contains_paid_content":false,"footnotes":""},"categories":[2],"tags":[],"class_list":["post-13160","post","type-post","status-publish","format-aside","hentry","category-epinytt","post_format-post-format-aside"],"modified_by":"Reser\u00e5det","jetpack_featured_media_url":"","jetpack-related-posts":[{"id":14553,"url":"https:\/\/resemedicin.se\/reseradet\/epinytt\/2025-07-13-emas-granskning-av-ixchiq-klar-vaccinet-kan-ater-ges-till-aldre-65-ar\/","url_meta":{"origin":13160,"position":0},"title":"2025-07-13 EMA:s granskning av Ixchiq\u00ae klar. Vaccinet kan \u00e5ter ges till \u00e4ldre >65 \u00e5r","author":"Reser\u00e5det","date":"2025-07-13","format":"aside","excerpt":"Den europeiska l\u00e4kemedelsmyndigheten EMA meddelar f\u00f6ljande: EMA:s s\u00e4kerhetskommitt\u00e9 (PRAC) har slutf\u00f6rt sin granskning av det levande f\u00f6rsvagade vaccinet Ixchiq\u00ae mot chikungunyainfektion efter rapporter om allvarliga biverkningar. En granskning av s\u00e4kerhetsdata har avsl\u00f6jat 28 fall av allvarliga biverkningar med Ixchiq, vilka fr\u00e4mst intr\u00e4ffade hos personer 65 \u00e5r och \u00e4ldre och hos\u2026","rel":"","context":"I \u201dEpiNytt\u201d","block_context":{"text":"EpiNytt","link":"https:\/\/resemedicin.se\/reseradet\/kategori\/epinytt\/"},"img":{"alt_text":"","src":"","width":0,"height":0},"classes":[]},{"id":12981,"url":"https:\/\/resemedicin.se\/reseradet\/epinytt\/2025-05-03-ema-uppmanar-till-forsiktighet-med-ixchiq-till-aldre-sarskilt-multisjuka-individer\/","url_meta":{"origin":13160,"position":1},"title":"2025-05-03 EMA uppmanar till f\u00f6rsiktighet med Ixchiq\u00ae till \u00e4ldre, s\u00e4rskilt multisjuka individer","author":"Reser\u00e5det","date":"2025-05-03","format":"aside","excerpt":"Som vi tidigare rapporterat, har ett antal sv\u00e5ra m\u00f6jliga biverkningar (severe adverse events - SAE) rapporterats efter vaccination med Ixchiq\u00ae, Valnevas levande f\u00f6rsvagade vaccin mot chikungunyafeber. Med anledning av detta har nu \u00e4ven den europeiska l\u00e4kemedelsmyndigheten EMA g\u00e5tt ut med en uppmaning om att tills vidare \"f\u00f6rsiktighet b\u00f6r iakttas vid\u2026","rel":"","context":"I \u201dEpiNytt\u201d","block_context":{"text":"EpiNytt","link":"https:\/\/resemedicin.se\/reseradet\/kategori\/epinytt\/"},"img":{"alt_text":"","src":"","width":0,"height":0},"classes":[]},{"id":14816,"url":"https:\/\/resemedicin.se\/reseradet\/epinytt\/2025-08-22-fda-har-tillfalligt-upphavt-licensen-for-ixchiq-i-usa\/","url_meta":{"origin":13160,"position":2},"title":"2025-08-22 Upph\u00e4vd licens f\u00f6r Ixchiq\u00ae i USA","author":"Reser\u00e5det","date":"2025-08-25","format":"aside","excerpt":"Amerikanska l\u00e4kemedelsverket Food and Drug Administration (FDA) har idag upph\u00e4vt licensen i USA f\u00f6r anv\u00e4ndning av Ixchiq\u00ae, Valnevas levande f\u00f6rsvagade vaccin mot chikungunyainfektion. Man skriver p\u00e5 sin hemsida: \"Idag, den 22 augusti 2025, har det amerikanska FDA:s Center for Biologics Evaluation and Research tillf\u00e4lligt upph\u00e4vt licensen f\u00f6r biologiska l\u00e4kemedel f\u00f6r\u2026","rel":"","context":"I \u201dEpiNytt\u201d","block_context":{"text":"EpiNytt","link":"https:\/\/resemedicin.se\/reseradet\/kategori\/epinytt\/"},"img":{"alt_text":"","src":"","width":0,"height":0},"classes":[]},{"id":16111,"url":"https:\/\/resemedicin.se\/reseradet\/epinytt\/2026-03-13-ema-granskar-fall-av-aseptisk-meningit-efter-ixchiq\/","url_meta":{"origin":13160,"position":3},"title":"2026-03-13 EMA granskar fall av aseptisk meningit efter Ixchiq","author":"Reser\u00e5det","date":"2026-03-13","format":"aside","excerpt":"Europeiska l\u00e4kemedelsmyndighetens s\u00e4kerhetskommitt\u00e9 PRAC behandlade vid sitt m\u00f6te 9\u201312 mars 2026 s\u00e4kerhetsdata f\u00f6r det levande f\u00f6rsvagade vaccinet Ixchiq\u00ae\u00a0 mot chikungunyafeber efter rapporter om fall av\u00a0aseptisk meningit\u00a0i anslutning till vaccination. Granskningen initierades efter att flera neurologiska biverkningar rapporterats efter vaccination. PRAC konstaterar att aseptisk meningit i mycket s\u00e4llsynta fall kan upptr\u00e4da\u2026","rel":"","context":"I \u201dEpiNytt\u201d","block_context":{"text":"EpiNytt","link":"https:\/\/resemedicin.se\/reseradet\/kategori\/epinytt\/"},"img":{"alt_text":"","src":"","width":0,"height":0},"classes":[]},{"id":14383,"url":"https:\/\/resemedicin.se\/reseradet\/epinytt\/2025-06-19-uppdaterade-rekommendationer-for-vaccination-mot-chikungunyafeber\/","url_meta":{"origin":13160,"position":4},"title":"2025-06-19 Uppdaterade rekommendationer f\u00f6r vaccination mot chikungunyafeber","author":"Reser\u00e5det","date":"2025-06-19","format":"aside","excerpt":"Reser\u00e5det har uppdaterat sina rekommendationer r\u00f6rande vaccination mot chikungunyafeber. Avsikten med denna uppdatering \u00e4r b\u00e5de att f\u00f6renkla beslutet om vaccination och att l\u00e5ta dem vila p\u00e5 b\u00e4sta m\u00f6jliga och regelbundet uppdaterade epidemiologiska data. Riskbed\u00f6mningen bakom de nya rekommendationerna baseras nu p\u00e5 ECDC:s kartor i st\u00e4llet f\u00f6r p\u00e5 fall rapporterade till\u2026","rel":"","context":"I \u201dEpiNytt\u201d","block_context":{"text":"EpiNytt","link":"https:\/\/resemedicin.se\/reseradet\/kategori\/epinytt\/"},"img":{"alt_text":"","src":"https:\/\/i0.wp.com\/resemedicin.se\/reseradet\/wp-content\/uploads\/2025\/06\/image-9.png?resize=350%2C200&ssl=1","width":350,"height":200,"srcset":"https:\/\/i0.wp.com\/resemedicin.se\/reseradet\/wp-content\/uploads\/2025\/06\/image-9.png?resize=350%2C200&ssl=1 1x, https:\/\/i0.wp.com\/resemedicin.se\/reseradet\/wp-content\/uploads\/2025\/06\/image-9.png?resize=525%2C300&ssl=1 1.5x, https:\/\/i0.wp.com\/resemedicin.se\/reseradet\/wp-content\/uploads\/2025\/06\/image-9.png?resize=700%2C400&ssl=1 2x, https:\/\/i0.wp.com\/resemedicin.se\/reseradet\/wp-content\/uploads\/2025\/06\/image-9.png?resize=1050%2C600&ssl=1 3x, https:\/\/i0.wp.com\/resemedicin.se\/reseradet\/wp-content\/uploads\/2025\/06\/image-9.png?resize=1400%2C800&ssl=1 4x"},"classes":[]},{"id":15097,"url":"https:\/\/resemedicin.se\/reseradet\/epinytt\/2025-10-22-nya-rekommendationer-fran-silf-om-chikungunyavaccination\/","url_meta":{"origin":13160,"position":5},"title":"2025-10-22 Nya rekommendationer fr\u00e5n SILF om chikungunyavaccination","author":"Reser\u00e5det","date":"2025-10-22","format":"aside","excerpt":"Svenska infektionsl\u00e4karf\u00f6reningens programgrupp f\u00f6r vaccinationer har publicerat en v\u00e4gledning f\u00f6r vaccination mot chikungunyafeber. Nedan f\u00f6ljer rekommendationen i sammandrag: Vaccination rekommenderas till Till personer \u226512 \u00e5r som reser till ett omr\u00e5de med p\u00e5g\u00e5ende utbrott kan Vimkunya rekommenderas. I andra hand kan Ixchiq \u00f6verv\u00e4gas, men Ixchiq b\u00f6r undvikas till personer \u226565 \u00e5r.\u2026","rel":"","context":"I \u201dEpiNytt\u201d","block_context":{"text":"EpiNytt","link":"https:\/\/resemedicin.se\/reseradet\/kategori\/epinytt\/"},"img":{"alt_text":"","src":"","width":0,"height":0},"classes":[]}],"jetpack_sharing_enabled":true,"_links":{"self":[{"href":"https:\/\/resemedicin.se\/reseradet\/wp-json\/wp\/v2\/posts\/13160","targetHints":{"allow":["GET"]}}],"collection":[{"href":"https:\/\/resemedicin.se\/reseradet\/wp-json\/wp\/v2\/posts"}],"about":[{"href":"https:\/\/resemedicin.se\/reseradet\/wp-json\/wp\/v2\/types\/post"}],"author":[{"embeddable":true,"href":"https:\/\/resemedicin.se\/reseradet\/wp-json\/wp\/v2\/users\/1"}],"replies":[{"embeddable":true,"href":"https:\/\/resemedicin.se\/reseradet\/wp-json\/wp\/v2\/comments?post=13160"}],"version-history":[{"count":4,"href":"https:\/\/resemedicin.se\/reseradet\/wp-json\/wp\/v2\/posts\/13160\/revisions"}],"predecessor-version":[{"id":14776,"href":"https:\/\/resemedicin.se\/reseradet\/wp-json\/wp\/v2\/posts\/13160\/revisions\/14776"}],"wp:attachment":[{"href":"https:\/\/resemedicin.se\/reseradet\/wp-json\/wp\/v2\/media?parent=13160"}],"wp:term":[{"taxonomy":"category","embeddable":true,"href":"https:\/\/resemedicin.se\/reseradet\/wp-json\/wp\/v2\/categories?post=13160"},{"taxonomy":"post_tag","embeddable":true,"href":"https:\/\/resemedicin.se\/reseradet\/wp-json\/wp\/v2\/tags?post=13160"}],"curies":[{"name":"wp","href":"https:\/\/api.w.org\/{rel}","templated":true}]}}