{"id":12380,"date":"2025-01-07T11:15:59","date_gmt":"2025-01-07T10:15:59","guid":{"rendered":"https:\/\/resemedicin.se\/reseradet\/?p=12380"},"modified":"2025-01-10T14:44:23","modified_gmt":"2025-01-10T13:44:23","slug":"2024-12-09-utbrott-av-okand-sjukdom-i-demokratiska-republiken-kongo-drc","status":"publish","type":"post","link":"https:\/\/resemedicin.se\/reseradet\/epinytt\/2024-12-09-utbrott-av-okand-sjukdom-i-demokratiska-republiken-kongo-drc\/","title":{"rendered":"2024-12-09 Utbrott av ok\u00e4nd sjukdom i Demokratiska Republiken Kongo (DRC) (med uppdatering 2025-01-07)"},"content":{"rendered":"\n<p>Ett betydande utbrott av en hittills oidentifierad influensaliknande sjukdom har sedan oktober 2024 p\u00e5g\u00e5tt i den sydv\u00e4stra regionen av Kwangoprovinsen, Demokratiska Republiken Kongo (DRC). Myndigheterna har t.o.m. 3 december rapporterat minst 71 och upp till 143 d\u00f6dsoffer, och sjukdomen har spridit sig \u00f6ver flera h\u00e4lsodistrikt inom provinsen. De flesta av de d\u00f6da rapporteras vara 15-18 \u00e5r gamla. Symtomen har inkluderat sv\u00e5r huvudv\u00e4rk, hosta, h\u00f6g feber och illam\u00e5ende samt anemi.<\/p>\n\n\n\n<p><strong>Bed\u00f6mning:<\/strong> Utbrottet har intr\u00e4ffat i ett t\u00e4mligen isolerat landsbygdsomr\u00e5de med underm\u00e5lig sjukv\u00e5rd och diagnostisk kapacitet, vilket kan f\u00f6rklara b\u00e5de sv\u00e5righetsgraden och att det fortfarande inte finns ett identifierat mikrobiologiskt agens. Nationellt och internationellt utbrottsst\u00f6d finns nu p\u00e5 plats. Nationella myndigheter har rekommenderat bl.a. f\u00f6rst\u00e4rkta basala hygien\u00e5tg\u00e4rder s\u00e5som handtv\u00e4tt samt undvikande av folkmassor i det nu aktuella omr\u00e5det. <\/p>\n\n\n\n<p>Hongkong initierade den 6 december h\u00e4lsounders\u00f6kning av resen\u00e4rer fr\u00e5n omr\u00e5det och dagen d\u00e4rp\u00e5 inledde italienska gr\u00e4nsmyndigheter sk\u00e4rpt gr\u00e4nskontroll f\u00f6r resen\u00e4rer fr\u00e5n DRC. Det \u00e4r sannolikt f\u00e5 svenska resen\u00e4rer i omr\u00e5det, men ev bes\u00f6kare, t.ex. personer som ska bes\u00f6ka sl\u00e4kt och v\u00e4nner i omr\u00e5det eller med yrkesm\u00e4ssig n\u00e4rvaro, t.ex. sjukv\u00e5rds- och bist\u00e5ndsarbetare b\u00f6r h\u00e5lla sig informerade om h\u00e4ndelsef\u00f6rloppet och f\u00f6lja nationella och lokala rekommendationer.  <\/p>\n\n\n\n<p><strong>Uppdatering 2025-01-07: <\/strong>Analyser utf\u00f6rda av Institut National de Recherche Biom\u00e9dicale (INRB) har bekr\u00e4ftat en samtidig infektion med influensa A H1N1, humant rhinovirus, SARS-CoV-2 och malaria hos personer med kronisk undern\u00e4ring.<\/p>\n","protected":false},"excerpt":{"rendered":"<p>Ett betydande utbrott av en hittills oidentifierad influensaliknande sjukdom har sedan oktober 2024 p\u00e5g\u00e5tt i den sydv\u00e4stra regionen av Kwangoprovinsen, Demokratiska Republiken Kongo (DRC). Myndigheterna har t.o.m. 3 december rapporterat minst 71 och upp till 143 d\u00f6dsoffer, och sjukdomen har spridit sig \u00f6ver flera h\u00e4lsodistrikt inom provinsen. De flesta av de d\u00f6da rapporteras vara 15-18 &hellip; <a href=\"https:\/\/resemedicin.se\/reseradet\/epinytt\/2024-12-09-utbrott-av-okand-sjukdom-i-demokratiska-republiken-kongo-drc\/\" class=\"more-link\">Forts\u00e4tt l\u00e4sa<span class=\"screen-reader-text\"> \u201d2024-12-09 Utbrott av ok\u00e4nd sjukdom i Demokratiska Republiken Kongo (DRC) (med uppdatering 2025-01-07)\u201d<\/span><\/a><\/p>\n","protected":false},"author":1,"featured_media":0,"comment_status":"open","ping_status":"closed","sticky":false,"template":"","format":"aside","meta":{"_lmt_disableupdate":"no","_lmt_disable":"","_jetpack_memberships_contains_paid_content":false,"footnotes":""},"categories":[2],"tags":[],"class_list":["post-12380","post","type-post","status-publish","format-aside","hentry","category-epinytt","post_format-post-format-aside"],"modified_by":"Reser\u00e5det","jetpack_featured_media_url":"","jetpack-related-posts":[{"id":14897,"url":"https:\/\/resemedicin.se\/reseradet\/epinytt\/2025-08-05-ebola-nytt-utbrott-i-kasai-demokratiska-republiken-kongo\/","url_meta":{"origin":12380,"position":0},"title":"2025-09-05 Ebola \u2013 nytt utbrott i Kasa\u00ef, Demokratiska republiken Kongo","author":"Reser\u00e5det","date":"2025-09-08","format":"aside","excerpt":"Ebola \u2013 nytt utbrott i Kasa\u00ef, Demokratiska Republiken Kongo WHO rapporterar att ett nytt utbrott av ebolafeber bekr\u00e4ftats i\u00a0Kasa\u00ef-provinsen, Demokratiska Republiken Kongo\u00a0(DRC)\u00a0. Det f\u00f6rsta fallet identifierades i slutet av augusti 2025 hos en kvinna som insjuknade med bl\u00f6dningssymtom och avled kort d\u00e4refter. Hon hade v\u00e5rdats i hemmet innan hon f\u00f6rdes\u2026","rel":"","context":"I \u201dEpiNytt\u201d","block_context":{"text":"EpiNytt","link":"https:\/\/resemedicin.se\/reseradet\/kategori\/epinytt\/"},"img":{"alt_text":"","src":"https:\/\/i0.wp.com\/resemedicin.se\/reseradet\/wp-content\/uploads\/2025\/09\/image.png?resize=350%2C200&ssl=1","width":350,"height":200,"srcset":"https:\/\/i0.wp.com\/resemedicin.se\/reseradet\/wp-content\/uploads\/2025\/09\/image.png?resize=350%2C200&ssl=1 1x, https:\/\/i0.wp.com\/resemedicin.se\/reseradet\/wp-content\/uploads\/2025\/09\/image.png?resize=525%2C300&ssl=1 1.5x, https:\/\/i0.wp.com\/resemedicin.se\/reseradet\/wp-content\/uploads\/2025\/09\/image.png?resize=700%2C400&ssl=1 2x, https:\/\/i0.wp.com\/resemedicin.se\/reseradet\/wp-content\/uploads\/2025\/09\/image.png?resize=1050%2C600&ssl=1 3x, https:\/\/i0.wp.com\/resemedicin.se\/reseradet\/wp-content\/uploads\/2025\/09\/image.png?resize=1400%2C800&ssl=1 4x"},"classes":[]},{"id":12555,"url":"https:\/\/resemedicin.se\/reseradet\/epinytt\/2025-01-10-mpox-afrika-uppdatering-2\/","url_meta":{"origin":12380,"position":1},"title":"2025-01-10 Mpox , Afrika (uppdatering 2)","author":"Reser\u00e5det","date":"2025-01-10","format":"aside","excerpt":"V\u00e4rldsh\u00e4lsoorganisationen (WHO) rapporterar en fortsatt \"oroande\" epidemiologisk situation r\u00f6rande mpox i Afrika, med flest fall i Demokratiska republiken Kongo (DRC), Burundi och Uganda. Enligt den senaste WHO-rapporten har per den 15 december 2024, 13 769 fall bekr\u00e4ftats i 20 afrikanska l\u00e4nder, varav 9 513 fall i DRC.. Det nu p\u00e5g\u00e5ende\u2026","rel":"","context":"I \u201dEpiNytt\u201d","block_context":{"text":"EpiNytt","link":"https:\/\/resemedicin.se\/reseradet\/kategori\/epinytt\/"},"img":{"alt_text":"","src":"","width":0,"height":0},"classes":[]},{"id":15107,"url":"https:\/\/resemedicin.se\/reseradet\/epinytt\/2025-02-27-stort-pagaende-kolerautbrott-i-demokratiska-republiken-kongo-drc\/","url_meta":{"origin":12380,"position":2},"title":"2025-02-27 Stort p\u00e5g\u00e5ende kolerautbrott i Demokratiska republiken Kongo (DRC)","author":"Reser\u00e5det","date":"2025-10-27","format":"aside","excerpt":"Utbrotten av kolera i Demokratiska Republiken Kongo\u00a0(DRC)\u00a0 har under 2025 utvecklats till ett av de allvarligaste p\u00e5 mer \u00e4n ett decennium. Enligt landets h\u00e4lsoministerium har \u00f6ver\u00a058 000 misst\u00e4nkta fall\u00a0rapporterats sedan \u00e5rets b\u00f6rjan, med mer \u00e4n\u00a01 700 d\u00f6dsfall\u00a0fram till mitten av oktober \u2013 en\u00a0d\u00f6dlighet p\u00e5 \u00f6ver 3 %. Totalt\u00a020 av landets\u2026","rel":"","context":"I \u201dEpiNytt\u201d","block_context":{"text":"EpiNytt","link":"https:\/\/resemedicin.se\/reseradet\/kategori\/epinytt\/"},"img":{"alt_text":"","src":"","width":0,"height":0},"classes":[]},{"id":13803,"url":"https:\/\/resemedicin.se\/reseradet\/epinytt\/2025-06-04-ud-avradan-rorande-demokratiska-republiken-kongo\/","url_meta":{"origin":12380,"position":3},"title":"2025-06-04 UD-avr\u00e5dan r\u00f6rande Demokratiska republiken Kongo","author":"Reser\u00e5det","date":"2025-06-04","format":"aside","excerpt":"Med anledning av s\u00e4kerhetsl\u00e4get avr\u00e5der Utrikesdepartementet fr\u00e5n alla resor till provinserna Syd Ubangi, Nord Ubangi, Bas Uele, Haut Uele, Ituri, Nordkivu, Sydkivu, Maniema, Tanganyika, Kasa\u00ef och Kasa\u00ef Central i Demokratiska Republiken Kongo\u00a0(DRC). Vidare avr\u00e5der Utrikesdepartementet fr\u00e5n icke n\u00f6dv\u00e4ndiga resor till \u00f6vriga delar av landet. Beslut om avr\u00e5dan togs den 3\u2026","rel":"","context":"I \u201dEpiNytt\u201d","block_context":{"text":"EpiNytt","link":"https:\/\/resemedicin.se\/reseradet\/kategori\/epinytt\/"},"img":{"alt_text":"","src":"","width":0,"height":0},"classes":[]},{"id":12708,"url":"https:\/\/resemedicin.se\/reseradet\/epinytt\/2025-02-01-uganda-bekraftar-ett-dodligt-utbrott-av-sudan-ebola-virus\/","url_meta":{"origin":12380,"position":4},"title":"2025-02-01 Utbrott av Sudan Ebola-virus, Uganda och DRC","author":"Reser\u00e5det","date":"2025-02-01","format":"aside","excerpt":"Ugandiska h\u00e4lsoministeriet har rapporterat ett utbrott av ebolafeber (Sudan ebolavirus). Detta \u00e4r landets f\u00f6rsta ebolautbrott p\u00e5 tv\u00e5 \u00e5r och det nionde utbrottet av Sudan ebolavirus, med fem i Uganda och tre i Sudan. Indexpatienten \u00e4r en 32-\u00e5rig sjuksk\u00f6terska p\u00e5 Mulago National Referral Hospital i huvudstaden Kampala som dog efter att\u2026","rel":"","context":"I \u201dEpiNytt\u201d","block_context":{"text":"EpiNytt","link":"https:\/\/resemedicin.se\/reseradet\/kategori\/epinytt\/"},"img":{"alt_text":"","src":"","width":0,"height":0},"classes":[]},{"id":14904,"url":"https:\/\/resemedicin.se\/reseradet\/epinytt\/2025-09-06-kolera-globalt-lage-2024\/","url_meta":{"origin":12380,"position":5},"title":"2025-09-06 Kolera &#8211; globalt l\u00e4ge 2024","author":"Reser\u00e5det","date":"2025-09-08","format":"aside","excerpt":"Kolera \u2013 globalt l\u00e4ge 2024 (WHO \u00e5rsrapportering) WHO rapporterar att den p\u00e5g\u00e5ende 7:e kolerapandemin fortsatte att spridas under 2024. Totalt\u00a0560 823 fall\u00a0och\u00a06 028 d\u00f6dsfall\u00a0anm\u00e4ldes fr\u00e5n\u00a060 l\u00e4nder, en \u00f6kning fr\u00e5n 45 l\u00e4nder \u00e5ret innan. J\u00e4mf\u00f6rt med 2023 \u00f6kade antalet fall med 5 % och d\u00f6dsfallen med 50 %. Den globala d\u00f6dligheten\u2026","rel":"","context":"I \u201dEpiNytt\u201d","block_context":{"text":"EpiNytt","link":"https:\/\/resemedicin.se\/reseradet\/kategori\/epinytt\/"},"img":{"alt_text":"","src":"https:\/\/i0.wp.com\/resemedicin.se\/reseradet\/wp-content\/uploads\/2025\/09\/image-1.png?resize=350%2C200&ssl=1","width":350,"height":200,"srcset":"https:\/\/i0.wp.com\/resemedicin.se\/reseradet\/wp-content\/uploads\/2025\/09\/image-1.png?resize=350%2C200&ssl=1 1x, https:\/\/i0.wp.com\/resemedicin.se\/reseradet\/wp-content\/uploads\/2025\/09\/image-1.png?resize=525%2C300&ssl=1 1.5x, https:\/\/i0.wp.com\/resemedicin.se\/reseradet\/wp-content\/uploads\/2025\/09\/image-1.png?resize=700%2C400&ssl=1 2x, https:\/\/i0.wp.com\/resemedicin.se\/reseradet\/wp-content\/uploads\/2025\/09\/image-1.png?resize=1050%2C600&ssl=1 3x, https:\/\/i0.wp.com\/resemedicin.se\/reseradet\/wp-content\/uploads\/2025\/09\/image-1.png?resize=1400%2C800&ssl=1 4x"},"classes":[]}],"jetpack_sharing_enabled":true,"_links":{"self":[{"href":"https:\/\/resemedicin.se\/reseradet\/wp-json\/wp\/v2\/posts\/12380","targetHints":{"allow":["GET"]}}],"collection":[{"href":"https:\/\/resemedicin.se\/reseradet\/wp-json\/wp\/v2\/posts"}],"about":[{"href":"https:\/\/resemedicin.se\/reseradet\/wp-json\/wp\/v2\/types\/post"}],"author":[{"embeddable":true,"href":"https:\/\/resemedicin.se\/reseradet\/wp-json\/wp\/v2\/users\/1"}],"replies":[{"embeddable":true,"href":"https:\/\/resemedicin.se\/reseradet\/wp-json\/wp\/v2\/comments?post=12380"}],"version-history":[{"count":5,"href":"https:\/\/resemedicin.se\/reseradet\/wp-json\/wp\/v2\/posts\/12380\/revisions"}],"predecessor-version":[{"id":12554,"href":"https:\/\/resemedicin.se\/reseradet\/wp-json\/wp\/v2\/posts\/12380\/revisions\/12554"}],"wp:attachment":[{"href":"https:\/\/resemedicin.se\/reseradet\/wp-json\/wp\/v2\/media?parent=12380"}],"wp:term":[{"taxonomy":"category","embeddable":true,"href":"https:\/\/resemedicin.se\/reseradet\/wp-json\/wp\/v2\/categories?post=12380"},{"taxonomy":"post_tag","embeddable":true,"href":"https:\/\/resemedicin.se\/reseradet\/wp-json\/wp\/v2\/tags?post=12380"}],"curies":[{"name":"wp","href":"https:\/\/api.w.org\/{rel}","templated":true}]}}