{"id":12201,"date":"2024-11-25T18:38:43","date_gmt":"2024-11-25T17:38:43","guid":{"rendered":"https:\/\/resemedicin.se\/reseradet\/?p=12201"},"modified":"2024-11-25T18:38:46","modified_gmt":"2024-11-25T17:38:46","slug":"2024-11-25-denguefeber-global-oversikt","status":"publish","type":"post","link":"https:\/\/resemedicin.se\/reseradet\/epinytt\/2024-11-25-denguefeber-global-oversikt\/","title":{"rendered":"2024-11-25 Denguefeber, global \u00f6versikt"},"content":{"rendered":"\n<p>ECDC har uppdaterat <a href=\"https:\/\/www.ecdc.europa.eu\/en\/dengue-monthly\">karta och statistik <\/a>\u00f6ver den globala situationen f\u00f6r <a href=\"https:\/\/resemedicin.se\/reseradet\/sjukdomar-och-vacciner\/dengue\/\">denguefeber<\/a>. Den \u00f6kning som f\u00f6rst noterades 2023 har fortsatt 2024. V\u00e4rst \u00e4r situationen i Mellan- och Sydamerika. En h\u00f6g andel av fallen orsakas av DENV3 som Qdenga har d\u00e5lig vaccineffekt mot.<\/p>\n\n\n\n<p>I Asien rapporterades f\u00f6r f\u00f6rsta g\u00e5ngen inhemska fall i Iran i juni 2024, medan denguefeber \u00e4ven har rapporterats i Afghanistan, Saudiarabien och Pakistan. I Bangladesh och Nepal \u00e4r smittspridningen l\u00e4gre \u00e4n under samma period 2023. I de indiska delstaterna Kerala och Karnataka har man sett fler fall 2024 \u00e4n 2023, men antalet fall minskar nu efter en topp i somras. Ocks\u00e5 i Laos, Kambodja och Indonesien \u00e4r trenden sjunkande, medan man sett \u00f6kande antal fall i Vietnam (dock f\u00e4rre \u00e4n 2023). I Afrika har \u00f6ver 100 000 denguefall rapporterats i \u00e5r.<\/p>\n\n\n\n<p><strong>Bed\u00f6mning:<\/strong> De nu rapporterade siffrorna \u00e4ndrar inte Reser\u00e5dets bed\u00f6mning och rekommendationer r\u00f6rande <a href=\"https:\/\/resemedicin.se\/reseradet\/sjukdomar-och-vacciner\/dengue\/#indikationer\">vaccination<\/a>. Vi uppmanar till fortsatt \u00e5terh\u00e5llsamhet att vaccinera personer som ej tidigare haft dengue inf\u00f6r resa till Mellan- och Sydamerika, p.g.a. den teoretiska risken f\u00f6r sv\u00e5rare DENV3 infektion efter vaccination (f\u00f6rsiktighetsprincip). Se mer om detta p\u00e5 v\u00e5r <a href=\"https:\/\/resemedicin.se\/reseradet\/sjukdomar-och-vacciner\/dengue\/#indikationer\">denguesida<\/a>.<\/p>\n\n\n\n<p><\/p>\n","protected":false},"excerpt":{"rendered":"<p>ECDC har uppdaterat karta och statistik \u00f6ver den globala situationen f\u00f6r denguefeber. Den \u00f6kning som f\u00f6rst noterades 2023 har fortsatt 2024. V\u00e4rst \u00e4r situationen i Mellan- och Sydamerika. En h\u00f6g andel av fallen orsakas av DENV3 som Qdenga har d\u00e5lig vaccineffekt mot. I Asien rapporterades f\u00f6r f\u00f6rsta g\u00e5ngen inhemska fall i Iran i juni 2024, &hellip; <a href=\"https:\/\/resemedicin.se\/reseradet\/epinytt\/2024-11-25-denguefeber-global-oversikt\/\" class=\"more-link\">Forts\u00e4tt l\u00e4sa<span class=\"screen-reader-text\"> \u201d2024-11-25 Denguefeber, global \u00f6versikt\u201d<\/span><\/a><\/p>\n","protected":false},"author":1,"featured_media":0,"comment_status":"open","ping_status":"closed","sticky":false,"template":"","format":"aside","meta":{"_lmt_disableupdate":"","_lmt_disable":"","_jetpack_memberships_contains_paid_content":false,"footnotes":""},"categories":[2],"tags":[],"class_list":["post-12201","post","type-post","status-publish","format-aside","hentry","category-epinytt","post_format-post-format-aside"],"modified_by":"Reser\u00e5det","jetpack_featured_media_url":"","jetpack-related-posts":[{"id":13009,"url":"https:\/\/resemedicin.se\/reseradet\/epinytt\/2025-05-05-global-oversikt-denguefeber\/","url_meta":{"origin":12201,"position":0},"title":"2025-05-05 Global \u00f6versikt denguefeber","author":"Reser\u00e5det","date":"2025-05-05","format":"aside","excerpt":"Mer \u00e4n 13 miljoner fall av denguefeber rapporterades under 2024, vilket \u00e4r det h\u00f6gsta \u00e5rliga antalet n\u00e5gonsin. WHO har klassificerat denguefeber som en grad 3-n\u00f6dsituation, med uppskattningsvis 4 miljarder m\u00e4nniskor i riskzonen globalt. Den stora spridningen har fortsatt under \u00e5ret, och enligt WHO har per den 2 maj 2025 \u00f6ver\u2026","rel":"","context":"I \u201dEpiNytt\u201d","block_context":{"text":"EpiNytt","link":"https:\/\/resemedicin.se\/reseradet\/kategori\/epinytt\/"},"img":{"alt_text":"","src":"","width":0,"height":0},"classes":[]},{"id":14305,"url":"https:\/\/resemedicin.se\/reseradet\/epinytt\/2026-06-16-global-uppdatering-denguefeber\/","url_meta":{"origin":12201,"position":1},"title":"2026-06-16 Global uppdatering av denguefeber","author":"Reser\u00e5det","date":"2025-06-16","format":"aside","excerpt":"Sedan b\u00f6rjan av 2025 har \u00f6ver tre miljoner fall av denguefeber och \u00f6ver 1 400 denguerelaterade d\u00f6dsfall rapporterats fr\u00e5n 90 l\u00e4nder\/territorier i samtliga v\u00e4rldsdelar utom Europa. Situationen v\u00e4rst i Syd- och Mellanamerika, men med minskande antal fall (se EpiNytt 30 maj). I Asien har Malaysia under under \u00e5ret rapporterat 21\u2026","rel":"","context":"I \u201dEpiNytt\u201d","block_context":{"text":"EpiNytt","link":"https:\/\/resemedicin.se\/reseradet\/kategori\/epinytt\/"},"img":{"alt_text":"","src":"https:\/\/i0.wp.com\/resemedicin.se\/reseradet\/wp-content\/uploads\/2025\/06\/image-8-scaled.png?resize=350%2C200&ssl=1","width":350,"height":200,"srcset":"https:\/\/i0.wp.com\/resemedicin.se\/reseradet\/wp-content\/uploads\/2025\/06\/image-8-scaled.png?resize=350%2C200&ssl=1 1x, https:\/\/i0.wp.com\/resemedicin.se\/reseradet\/wp-content\/uploads\/2025\/06\/image-8-scaled.png?resize=525%2C300&ssl=1 1.5x, https:\/\/i0.wp.com\/resemedicin.se\/reseradet\/wp-content\/uploads\/2025\/06\/image-8-scaled.png?resize=700%2C400&ssl=1 2x, https:\/\/i0.wp.com\/resemedicin.se\/reseradet\/wp-content\/uploads\/2025\/06\/image-8-scaled.png?resize=1050%2C600&ssl=1 3x, https:\/\/i0.wp.com\/resemedicin.se\/reseradet\/wp-content\/uploads\/2025\/06\/image-8-scaled.png?resize=1400%2C800&ssl=1 4x"},"classes":[]},{"id":13770,"url":"https:\/\/resemedicin.se\/reseradet\/epinytt\/2025-06-04-globala-mpox-situationen\/","url_meta":{"origin":12201,"position":2},"title":"2025-06-04 Globala mpox-situationen","author":"Reser\u00e5det","date":"2025-06-04","format":"aside","excerpt":"V\u00e4rldsh\u00e4lsoorganisationen WHO har nyligen uppdaterat sin statistik \u00f6ver den globala situationen r\u00f6rande mpox. Olika genetiska varianter klader (se sjukdomssidan) sprids i olika geografiska regioner och har d\u00e4r olika epidemiologiska spridning. Situationen i Afrika Sedan december 2023 p\u00e5g\u00e5r ett stort utbrott i Centralafrika av den allvarligaste genetiska varianten av mpoxvirus (MPXV),\u2026","rel":"","context":"I \u201dEpiNytt\u201d","block_context":{"text":"EpiNytt","link":"https:\/\/resemedicin.se\/reseradet\/kategori\/epinytt\/"},"img":{"alt_text":"","src":"https:\/\/i0.wp.com\/resemedicin.se\/reseradet\/wp-content\/uploads\/2025\/06\/image-2.png?resize=350%2C200&ssl=1","width":350,"height":200,"srcset":"https:\/\/i0.wp.com\/resemedicin.se\/reseradet\/wp-content\/uploads\/2025\/06\/image-2.png?resize=350%2C200&ssl=1 1x, https:\/\/i0.wp.com\/resemedicin.se\/reseradet\/wp-content\/uploads\/2025\/06\/image-2.png?resize=525%2C300&ssl=1 1.5x, https:\/\/i0.wp.com\/resemedicin.se\/reseradet\/wp-content\/uploads\/2025\/06\/image-2.png?resize=700%2C400&ssl=1 2x, https:\/\/i0.wp.com\/resemedicin.se\/reseradet\/wp-content\/uploads\/2025\/06\/image-2.png?resize=1050%2C600&ssl=1 3x"},"classes":[]},{"id":12898,"url":"https:\/\/resemedicin.se\/reseradet\/epinytt\/2025-04-10-uttalande-fran-whos-kriskommitte-rorande-polio\/","url_meta":{"origin":12201,"position":3},"title":"2025-04-15 Uppdatering fr\u00e5n WHO:s kriskommitt\u00e9 r\u00f6rande polio","author":"Reser\u00e5det","date":"2025-04-15","format":"aside","excerpt":"WHO:s kriskommitt\u00e9n r\u00f6rande polio sammantr\u00e4dde i mars och granskade aktuella uppgifter om vilda poliovirus (WPV1) och cirkulerande vaccinderiverade poliovirus (cVDPV). Kommitt\u00e9ns uttalande med uppdaterade rekommendationer sammanfattas nedan. Vilt poliovirus Sedan det senaste m\u00f6tet med kriskommitt\u00e9n i november 2024 har 36 nya fall av vilt poliovirus (WPV1) rapporterats; 3 fr\u00e5n Afghanistan\u2026","rel":"","context":"I \u201dEpiNytt\u201d","block_context":{"text":"EpiNytt","link":"https:\/\/resemedicin.se\/reseradet\/kategori\/epinytt\/"},"img":{"alt_text":"","src":"","width":0,"height":0},"classes":[]},{"id":6343,"url":"https:\/\/resemedicin.se\/reseradet\/epinytt\/2024-09-17-west-nile-fever-uppdatering\/","url_meta":{"origin":12201,"position":4},"title":"2024-09-17 West Nile fever, Europa","author":"Reser\u00e5det","date":"2024-09-17","format":"aside","excerpt":"H\u00e4ndelse European Centre for Disease Prevention and Control (ECDC) rapporterar p\u00e5g\u00e5ende \u00f6verf\u00f6ring i flera europeiska l\u00e4nder av West Nile-virus (WNV) det virus som orskar West Nile fever (nilfeber). Fr\u00e5n 1 mars 2024 till 29 augusti 2024 har 15 l\u00e4nder rapporterat totalt 715 fall, inklusive 51 d\u00f6dsfall. F\u00f6ljande l\u00e4nder ber\u00f6rs: Italien\u2026","rel":"","context":"I \u201dEpiNytt\u201d","block_context":{"text":"EpiNytt","link":"https:\/\/resemedicin.se\/reseradet\/kategori\/epinytt\/"},"img":{"alt_text":"","src":"","width":0,"height":0},"classes":[]},{"id":14702,"url":"https:\/\/resemedicin.se\/reseradet\/epinytt\/2025-08-04-det-stora-latinamerikanska-dengueutbrottet-gar-mot-sitt-slut\/","url_meta":{"origin":12201,"position":5},"title":"2025-08-04 Det stora latinamerikanska dengueutbrottet g\u00e5r mot sitt slut","author":"Reser\u00e5det","date":"2025-08-04","format":"aside","excerpt":"I sin senaste uppdatering r\u00f6rande denguefeber fr\u00e5n Pan American Health Organization (PAHO) den 31 juli noteras att \u00e5rets utbrott nu g\u00e5r mot sitt slut. T.o.m. vecka 28 (13 juli) rapporterades totalt 3 504 000 misst\u00e4nkta fall av denguefeber (kumulativ incidens p\u00e5 345 fall per 100 000 inv\u00e5nare). Detta motsvarar en\u2026","rel":"","context":"I \u201dEpiNytt\u201d","block_context":{"text":"EpiNytt","link":"https:\/\/resemedicin.se\/reseradet\/kategori\/epinytt\/"},"img":{"alt_text":"","src":"https:\/\/i0.wp.com\/resemedicin.se\/reseradet\/wp-content\/uploads\/2025\/08\/image.png?resize=350%2C200&ssl=1","width":350,"height":200,"srcset":"https:\/\/i0.wp.com\/resemedicin.se\/reseradet\/wp-content\/uploads\/2025\/08\/image.png?resize=350%2C200&ssl=1 1x, https:\/\/i0.wp.com\/resemedicin.se\/reseradet\/wp-content\/uploads\/2025\/08\/image.png?resize=525%2C300&ssl=1 1.5x, https:\/\/i0.wp.com\/resemedicin.se\/reseradet\/wp-content\/uploads\/2025\/08\/image.png?resize=700%2C400&ssl=1 2x, https:\/\/i0.wp.com\/resemedicin.se\/reseradet\/wp-content\/uploads\/2025\/08\/image.png?resize=1050%2C600&ssl=1 3x"},"classes":[]}],"jetpack_sharing_enabled":true,"_links":{"self":[{"href":"https:\/\/resemedicin.se\/reseradet\/wp-json\/wp\/v2\/posts\/12201","targetHints":{"allow":["GET"]}}],"collection":[{"href":"https:\/\/resemedicin.se\/reseradet\/wp-json\/wp\/v2\/posts"}],"about":[{"href":"https:\/\/resemedicin.se\/reseradet\/wp-json\/wp\/v2\/types\/post"}],"author":[{"embeddable":true,"href":"https:\/\/resemedicin.se\/reseradet\/wp-json\/wp\/v2\/users\/1"}],"replies":[{"embeddable":true,"href":"https:\/\/resemedicin.se\/reseradet\/wp-json\/wp\/v2\/comments?post=12201"}],"version-history":[{"count":1,"href":"https:\/\/resemedicin.se\/reseradet\/wp-json\/wp\/v2\/posts\/12201\/revisions"}],"predecessor-version":[{"id":12202,"href":"https:\/\/resemedicin.se\/reseradet\/wp-json\/wp\/v2\/posts\/12201\/revisions\/12202"}],"wp:attachment":[{"href":"https:\/\/resemedicin.se\/reseradet\/wp-json\/wp\/v2\/media?parent=12201"}],"wp:term":[{"taxonomy":"category","embeddable":true,"href":"https:\/\/resemedicin.se\/reseradet\/wp-json\/wp\/v2\/categories?post=12201"},{"taxonomy":"post_tag","embeddable":true,"href":"https:\/\/resemedicin.se\/reseradet\/wp-json\/wp\/v2\/tags?post=12201"}],"curies":[{"name":"wp","href":"https:\/\/api.w.org\/{rel}","templated":true}]}}